{"id":251185,"date":"2025-11-23T09:52:12","date_gmt":"2025-11-23T09:52:12","guid":{"rendered":"https:\/\/www.europesays.com\/es\/251185\/"},"modified":"2025-11-23T09:52:12","modified_gmt":"2025-11-23T09:52:12","slug":"el-smartwatch-con-amoled-y-gps-multibanda-que-arrasa-en-el-black-friday","status":"publish","type":"post","link":"https:\/\/www.europesays.com\/es\/251185\/","title":{"rendered":"el smartwatch con AMOLED y GPS multibanda que arrasa en el Black Friday"},"content":{"rendered":"<p>El Garmin f\u0113nix E irrumpe en el Black Friday con una rebaja que lo sit\u00faa entre las opciones m\u00e1s atractivas para ciclistas y deportistas que buscan un reloj avanzado, preparado para soportar entrenamientos exigentes y rutas de larga distancia. Su combinaci\u00f3n de pantalla AMOLED, autonom\u00eda ampliada y herramientas espec\u00edficas para analizar el rendimiento lo convierten en un dispositivo destacado dentro del cat\u00e1logo de Garmin.<\/p>\n<p><img decoding=\"async\" loading=\"lazy\" width=\"1200\" height=\"1097\" style=\"aspect-ratio: 1200\/1097;\" alt=\"Garmin f\u0113nix E. Imagen: Garmin\" src=\"https:\/\/www.europesays.com\/es\/wp-content\/uploads\/2025\/11\/garmin-fenix-e-black-friday.jpg\"\/>Garmin f\u0113nix E. Imagen: Garmin<\/p>\n<p><a href=\"https:\/\/amzn.to\/4iApfGh\" class=\"shoplink\" target=\"_blank\" rel=\"noopener nofollow\" onclick=\"gtag(&#039;event&#039;, &#039;click&#039;, {&#039;event_category&#039;: &#039;Enlace&#039;, &#039;event_label&#039;: &#039;Enlace hacia Amazon&#039;});\">Ver Garmin f\u0113nix E en Amazon<\/a><\/p>\n<p>Un reloj pensado para salidas largas y entrenamientos t\u00e9cnicos<\/p>\n<p>El f\u0113nix E incorpora una pantalla t\u00e1ctil AMOLED que facilita la lectura de m\u00e9tricas y mapas bajo luz directa, una caracter\u00edstica especialmente \u00fatil durante rutas en bicicleta (tanto en carretera como en monta\u00f1a). En el plano f\u00edsico, el reloj presenta una caja de 47 mil\u00edmetros fabricada en acero inoxidable plateado, con resistencia al agua hasta 100 metros, lo que permite utilizarlo en sesiones de lluvia, nataci\u00f3n o deportes que combinan distintos entornos.<\/p>\n<p><img decoding=\"async\" loading=\"lazy\" width=\"1200\" height=\"1052\" style=\"aspect-ratio: 1200\/1052;\" alt=\"Garmin f\u0113nix E. Imagen: Garmin\" src=\"https:\/\/www.europesays.com\/es\/wp-content\/uploads\/2025\/11\/garmin-fenix-e-black-friday-1.jpg\"\/>Garmin f\u0113nix E. Imagen: Garmin<\/p>\n<p>La navegaci\u00f3n es uno de sus puntos fuertes gracias al GPS multibanda, capaz de registrar la posici\u00f3n con alta precisi\u00f3n incluso en zonas boscosas o remotas. Este sistema se complementa con mapas TopoActive preinstalados, que incluyen relieve sombreado para interpretar el terreno con mayor claridad, adem\u00e1s de cartograf\u00eda de campos de golf y estaciones de esqu\u00ed para las personas que practican varias disciplinas a lo largo del a\u00f1o.<\/p>\n<p><img decoding=\"async\" loading=\"lazy\" width=\"1200\" height=\"1086\" style=\"aspect-ratio: 1200\/1086;\" alt=\"Garmin f\u0113nix E. Imagen: Garmin\" src=\"https:\/\/www.europesays.com\/es\/wp-content\/uploads\/2025\/11\/garmin-fenix-e-black-friday-2.jpg\"\/>Garmin f\u0113nix E. Imagen: Garmin<\/p>\n<p>En el apartado de autonom\u00eda, el reloj alcanza hasta 16 d\u00edas en modo smartwatch. Esta cifra permite planificar rutas largas y entrenamientos por etapas sin necesidad de recargar el dispositivo constantemente, un aspecto clave para ciclistas que acumulan muchas horas en carretera o monta\u00f1a.<\/p>\n<p><img decoding=\"async\" loading=\"lazy\" width=\"1200\" height=\"1049\" style=\"aspect-ratio: 1200\/1049;\" alt=\"Garmin f\u0113nix E. Imagen: Garmin\" src=\"https:\/\/www.europesays.com\/es\/wp-content\/uploads\/2025\/11\/garmin-fenix-e-black-friday-3.jpg\"\/>Garmin f\u0113nix E. Imagen: Garmin<\/p>\n<p>El software integrado ampl\u00eda sus posibilidades con informes matutinos personalizables, m\u00e9tricas de preparaci\u00f3n para el entrenamiento y recomendaciones basadas en par\u00e1metros de salud. Tambi\u00e9n dispone de planes de fuerza y adaptaciones autom\u00e1ticas para diferentes actividades, con el objetivo de evitar sobrecargas y mantener una progresi\u00f3n adecuada.<\/p>\n<p><img decoding=\"async\" loading=\"lazy\" width=\"1200\" height=\"1034\" style=\"aspect-ratio: 1200\/1034;\" alt=\"Garmin f\u0113nix E. Imagen: Garmin\" src=\"https:\/\/www.europesays.com\/es\/wp-content\/uploads\/2025\/11\/garmin-fenix-e-black-friday-4.jpg\"\/>Garmin f\u0113nix E. Imagen: Garmin<\/p>\n<p><a href=\"https:\/\/amzn.to\/4iApfGh\" class=\"shoplink\" target=\"_blank\" rel=\"noopener nofollow\" onclick=\"gtag(&#039;event&#039;, &#039;click&#039;, {&#039;event_category&#039;: &#039;Enlace&#039;, &#039;event_label&#039;: &#039;Enlace hacia Amazon&#039;});\">Ver Garmin f\u0113nix E en Amazon<\/a><\/p>\n<p>Adem\u00e1s de las funciones deportivas, el reloj a\u00f1ade Garmin Pay para pagos r\u00e1pidos durante una salida, reduciendo la necesidad de llevar cartera o efectivo. Durante el Black Friday, el Garmin f\u0113nix E aparece con una rebaja superior a los 170 \u20ac y un precio final de 422,99 \u20ac en la tienda oficial de Garmin en Amazon, con env\u00edo incluido. Una oportunidad llamativa para los usuarios que buscan un reloj avanzado a un coste m\u00e1s accesible.<\/p>\n","protected":false},"excerpt":{"rendered":"El Garmin f\u0113nix E irrumpe en el Black Friday con una rebaja que lo sit\u00faa entre las opciones&hellip;\n","protected":false},"author":2,"featured_media":251186,"comment_status":"","ping_status":"","sticky":false,"template":"","format":"standard","meta":{"footnotes":""},"categories":[81],"tags":[119,123,124,25,24,117,121,122,23,118,120],"class_list":{"0":"post-251185","1":"post","2":"type-post","3":"status-publish","4":"format-standard","5":"has-post-thumbnail","7":"category-ciencia-y-tecnologia","8":"tag-ciencia","9":"tag-ciencia-y-tecnologia","10":"tag-cienciaytecnologia","11":"tag-es","12":"tag-espana","13":"tag-science","14":"tag-science-and-technology","15":"tag-scienceandtechnology","16":"tag-spain","17":"tag-technology","18":"tag-tecnologia"},"share_on_mastodon":{"url":"https:\/\/pubeurope.com\/@es\/115598403632206485","error":""},"_links":{"self":[{"href":"https:\/\/www.europesays.com\/es\/wp-json\/wp\/v2\/posts\/251185","targetHints":{"allow":["GET"]}}],"collection":[{"href":"https:\/\/www.europesays.com\/es\/wp-json\/wp\/v2\/posts"}],"about":[{"href":"https:\/\/www.europesays.com\/es\/wp-json\/wp\/v2\/types\/post"}],"author":[{"embeddable":true,"href":"https:\/\/www.europesays.com\/es\/wp-json\/wp\/v2\/users\/2"}],"replies":[{"embeddable":true,"href":"https:\/\/www.europesays.com\/es\/wp-json\/wp\/v2\/comments?post=251185"}],"version-history":[{"count":0,"href":"https:\/\/www.europesays.com\/es\/wp-json\/wp\/v2\/posts\/251185\/revisions"}],"wp:featuredmedia":[{"embeddable":true,"href":"https:\/\/www.europesays.com\/es\/wp-json\/wp\/v2\/media\/251186"}],"wp:attachment":[{"href":"https:\/\/www.europesays.com\/es\/wp-json\/wp\/v2\/media?parent=251185"}],"wp:term":[{"taxonomy":"category","embeddable":true,"href":"https:\/\/www.europesays.com\/es\/wp-json\/wp\/v2\/categories?post=251185"},{"taxonomy":"post_tag","embeddable":true,"href":"https:\/\/www.europesays.com\/es\/wp-json\/wp\/v2\/tags?post=251185"}],"curies":[{"name":"wp","href":"https:\/\/api.w.org\/{rel}","templated":true}]}}