{"id":251187,"date":"2025-11-23T09:53:18","date_gmt":"2025-11-23T09:53:18","guid":{"rendered":"https:\/\/www.europesays.com\/es\/251187\/"},"modified":"2025-11-23T09:53:18","modified_gmt":"2025-11-23T09:53:18","slug":"porsche-cayenne-electric-2026","status":"publish","type":"post","link":"https:\/\/www.europesays.com\/es\/251187\/","title":{"rendered":"Porsche Cayenne Electric 2026"},"content":{"rendered":"<p>El <strong>Porsche Cayenne Electric 2026<\/strong> es el primer Cayenne el\u00e9ctrico y el modelo de producci\u00f3n m\u00e1s potente jam\u00e1s fabricado por la marca. Se comercializa desde finales de 2025, llegando a concesionarios europeos y espa\u00f1oles en el primer semestre de 2026, por un precio desde 108.296 euros (169.124 euros la versi\u00f3n Turbo).<\/p>\n<p>Busca complementar (no sustituir) a las versiones h\u00edbridas enchufables y gasolina de la gama del <a href=\"https:\/\/www.coches.com\/noticias\/porsche-cayenne-2024\" target=\"_blank\" rel=\"nofollow noopener\">Cayenne 2024<\/a>.\u00a0 Y busca ser la referencia en deportividad, eficiencia y tecnolog\u00eda entre los SUV el\u00e9ctricos: capaz de viajar a ritmo elevado, moverse en ciudad sin emisiones y con capacidades offroad.\u200b<\/p>\n<p><img loading=\"lazy\" decoding=\"async\" class=\"aligncenter size-large wp-image-559247\" src=\"https:\/\/www.europesays.com\/es\/wp-content\/uploads\/2025\/11\/Porsche-Cayenne-Electric-Turbo-2026-8-700x394.jpeg\" alt=\"Porsche Cayenne Electric Turbo 2026 8 700x394\" width=\"700\" height=\"394\"  \/><\/p>\n<p>Su dise\u00f1o exterior evoluciona las claves del Cayenne cl\u00e1sico con sutiles toques vanguardistas. Destaca un frontal bajo y ancho con faros Matrix LED integrados, una parrilla cerrada y pasos de rueda muy marcados.<\/p>\n<p>La silueta mantiene la ic\u00f3nica flyline de Porsche, sobre una carrocer\u00eda 55 mm m\u00e1s larga y con un pliegue lateral bien definido. Ahora alcanza <strong>4.985 mm<\/strong> de longitud, con una distancia entre ejes de 3.023 mm. Otras cotas son los 1.980 mm de ancho o los 1,674 mm de altura.<\/p>\n<p><img loading=\"lazy\" decoding=\"async\" class=\"aligncenter size-large wp-image-559248\" src=\"https:\/\/www.europesays.com\/es\/wp-content\/uploads\/2025\/11\/Porsche-Cayenne-Electric-Turbo-2026-9-700x394.jpeg\" alt=\"Porsche Cayenne Electric Turbo 2026 9 700x394\" width=\"700\" height=\"394\"  \/><\/p>\n<p>En la\u00a0zaga incorpora una barra LED 3D y la inscripci\u00f3n \u00abPorsche\u00b7 iluminada, mientras los elementos aerodin\u00e1micos activos (spoiler, aeroblades, cortinas de aire) y la gesti\u00f3n de flujos en bajos y llantas ayudan a conseguir un Cx de solo 0,25, excepcional para un SUV de este tama\u00f1o (el Cayenne de combusti\u00f3n anuncia 0,35).<\/p>\n<p>En el interior, el Porsche Cayenne Electric estrena el nuevo concepto Porsche Driver Experience: con cuadro de instrumentos OLED de 14,25 pulgadas, la consola central Flow Display (la m\u00e1s grande que haya montado la marca) y una pantalla para el acompa\u00f1ante de 14,9 pulgadas. Suma un Head-Up Display que proyecta informaci\u00f3n en el parabrisas en una superficie equivalente a 87 pulgadas.<\/p>\n<p><img loading=\"lazy\" decoding=\"async\" class=\"aligncenter size-large wp-image-559263\" src=\"https:\/\/www.europesays.com\/es\/wp-content\/uploads\/2025\/11\/Porsche-Cayenne-Electric-Turbo-2026-interior-6-700x394.jpeg\" alt=\"Porsche Cayenne Electric Turbo 2026 Interior 6 700x394\" width=\"700\" height=\"394\"  \/><\/p>\n<p>Como corresponde a un coche de su precio, cuenta con materiales nobles, detalles personalizables y hasta cinco packs decorativos distintos, adem\u00e1s de un techo panor\u00e1mico con oscurecimiento el\u00e9ctrico. Adem\u00e1s, la segunda fila ahora ofrece mucho m\u00e1s espacio gracias a los 13\u202fcm extra de batalla, con regulaci\u00f3n el\u00e9ctrica de serie y diversas opciones de configuraci\u00f3n.<\/p>\n<p>En resumen, un habit\u00e1culo tecnol\u00f3gico, lujoso y adem\u00e1s espacioso, que convierten al Cayenne en uno de los m\u00e1s c\u00f3modos y espaciosos de su segmento. El maletero anuncia <strong>781 litros<\/strong> de capacidad (que alcanzan los 1.588 \u202flitros abatiendo los respaldos de los asientos traseros). Va acompa\u00f1ado por un frunk delantero de 90\u202flitros que resulta muy pr\u00e1ctico para guardar objetos peque\u00f1os. De este modo, El modelo mantiene la polivalencia para uso familiar, con capacidad de remolque de hasta 3,5 toneladas.\u200b<\/p>\n<p>Porsche Cayenne Electric 2026. Motores<\/p>\n<p>La gama Cayenne Electric se compone de inicio de dos motorizaciones, ambas con tracci\u00f3n total, doble motor (uno por eje) y tecnolog\u00eda de 800\u202fv de la <a href=\"https:\/\/www.coches.com\/noticias\/noticias-motor\/plataforma-ppe\/530688\" target=\"_blank\" rel=\"nofollow noopener\">plataforma PPE<\/a>. Estas son sus principales caracter\u00edsticas:<\/p>\n<tr>\n<td>Versi\u00f3n<\/td>\n<td>Cayenne Electric<\/td>\n<td>Cayenne Turbo Electric<\/td>\n<\/tr>\n<tr>\n<td>Potencia<\/td>\n<td>408 CV<br \/>(442 CV (Launch)<\/td>\n<td>857 CV<br \/>(1.033 CV Push-to-Pass)<\/td>\n<\/tr>\n<tr>\n<td>Par m\u00e1ximo<\/td>\n<td>835 Nm<\/td>\n<td>1.500 Nm (1.156 CV con Launch)<\/td>\n<\/tr>\n<tr>\n<td>0\u2013100 km\/h<\/td>\n<td>4,8 s<\/td>\n<td>2,5 s<\/td>\n<\/tr>\n<tr>\n<td>Velocidad m\u00e1xima<\/td>\n<td>230 km\/h<\/td>\n<td>260 km\/h<\/td>\n<\/tr>\n<tr>\n<td>Autonom\u00eda WLTP<\/td>\n<td>642 km<\/td>\n<td>623 km<\/td>\n<\/tr>\n<tr>\n<td>Carga (CC)<\/td>\n<td>hasta 400\u202fkW<\/td>\n<td>hasta 400\u202fkW<\/td>\n<\/tr>\n<tr>\n<td>Bater\u00eda<\/td>\n<td>113 kWh<\/td>\n<td>113 kWh<\/td>\n<\/tr>\n<p>Es capaz de recuperar hasta 600\u202fkW de potencia (96\u201397% de frenadas se realizan s\u00f3lo con motores el\u00e9ctricos). Gracias a la arquitectura es de\u00a0800 voltios<strong>, <\/strong>admite cargas de <strong>400 kW<\/strong> de potencia de carga en condiciones ideales (hasta el 55 % de carga se mantiene por encima de 350 kW). As\u00ed, puede pasar del 10 al 80 % en menos de 16 minutos), Eso s\u00ed, en estaciones de 400 voltios, carga a un m\u00e1ximo de 200 kW. El sistema de <a href=\"https:\/\/www.coches.com\/noticias\/noticias-motor\/carga-inalambrica-porsche-cayenne-electric\/554836\" target=\"_blank\" rel=\"nofollow noopener\">carga por inducci\u00f3n<\/a> de 11\u202fkW es opcional.\u200b<\/p>\n<p><img loading=\"lazy\" decoding=\"async\" class=\"aligncenter size-large wp-image-559244\" src=\"https:\/\/www.europesays.com\/es\/wp-content\/uploads\/2025\/11\/Porsche-Cayenne-Electric-Turbo-2026-5-700x394.jpeg\" alt=\"Porsche Cayenne Electric Turbo 2026 5 700x394\" width=\"700\" height=\"394\"  \/><\/p>\n<p>Ambos modelos pueden montar direcci\u00f3n en el eje trasero, suspensi\u00f3n neum\u00e1tica adaptativa PASM diversas estrategias de conducci\u00f3n y, en el Turbo, diferencial trasero autoblocante, frenos cer\u00e1micos PCCB, chasis activo Porsche Active Ride y aerodin\u00e1mica activa optimizada.<\/p>\n<p>Porsche Cayenne Electric 2026. Equipamiento y acabados<\/p>\n<p>El sistema Porsche Driver Experience tiene integraci\u00f3n de pantallas OLED multifunci\u00f3n y control gestual y por voz potenciado por IA. Tambi\u00e9n sistema head-up con realidad aumentada y App Center para aplicaciones nativas de terceros y streaming de multimedia o juegos.<\/p>\n<p><img loading=\"lazy\" decoding=\"async\" class=\"aligncenter size-large wp-image-559264\" src=\"https:\/\/www.europesays.com\/es\/wp-content\/uploads\/2025\/11\/Porsche-Cayenne-Electric-Turbo-2026-interior-7-700x394.jpeg\" alt=\"Porsche Cayenne Electric Turbo 2026 Interior 7 700x394\" width=\"700\" height=\"394\"  \/><\/p>\n<p>Hay nuevas funciones de personalizaci\u00f3n (Themes, widgets avanzados). Sistemas avanzados de gesti\u00f3n t\u00e9rmica, aerodin\u00e1mica activa (spoiler, aeroblades, deflectores), luces LED Matrix, climatizaci\u00f3n y calefacci\u00f3n por superficies, y el mayor despliegue de seguridad activa de la gama.<\/p>\n<p>Llega al mercado con dos niveles de equipamiento, cada uno de ellos asociado a una mec\u00e1nica:<\/p>\n<ul>\n<li><strong>Cayenne Electric<\/strong>: Ofrece ya suspensi\u00f3n adaptativa, asientos el\u00e9ctricos, triple pantalla, acabado premium, personalizaci\u00f3n digital, maletero con port\u00f3n el\u00e9ctrico, navegador o los asistentes de conducci\u00f3n de serie.<\/li>\n<li><strong>Cayenne Turbo Electric<\/strong>: A\u00f1ade frenos cer\u00e1micos PCCB, suspensi\u00f3n Porsche Active Ride, diferencial trasero Porsche Torque Vectoring Plus, aeroblades exclusivos, detalles Turbonita, acabados y combinaciones interiores y de carrocer\u00eda \u00fanicas, asientos deportivos, barra LED trasera exclusiva y equipamiento de confort y seguridad tope de gama.<\/li>\n<\/ul>\n<p>Adem\u00e1s, hay muchos opcionales. Desde los 13 colores de serie, nueve tipos de llanta de entre 20\u2013 y 22 pulgadas, planes personalizaci\u00f3n Porsche Exclusive, el Head-up display, techo panor\u00e1mico inteligente o la climatizaci\u00f3n multicapa de asientos y superficies.<\/p>\n<p>Fuente: Porsche<\/p>\n","protected":false},"excerpt":{"rendered":"El Porsche Cayenne Electric 2026 es el primer Cayenne el\u00e9ctrico y el modelo de producci\u00f3n m\u00e1s potente jam\u00e1s&hellip;\n","protected":false},"author":2,"featured_media":251188,"comment_status":"","ping_status":"","sticky":false,"template":"","format":"standard","meta":{"footnotes":""},"categories":[80],"tags":[82,95,94,25,24,23],"class_list":{"0":"post-251187","1":"post","2":"type-post","3":"status-publish","4":"format-standard","5":"has-post-thumbnail","7":"category-economia","8":"tag-business","9":"tag-economia","10":"tag-economy","11":"tag-es","12":"tag-espana","13":"tag-spain"},"share_on_mastodon":{"url":"https:\/\/pubeurope.com\/@es\/115598406991411292","error":""},"_links":{"self":[{"href":"https:\/\/www.europesays.com\/es\/wp-json\/wp\/v2\/posts\/251187","targetHints":{"allow":["GET"]}}],"collection":[{"href":"https:\/\/www.europesays.com\/es\/wp-json\/wp\/v2\/posts"}],"about":[{"href":"https:\/\/www.europesays.com\/es\/wp-json\/wp\/v2\/types\/post"}],"author":[{"embeddable":true,"href":"https:\/\/www.europesays.com\/es\/wp-json\/wp\/v2\/users\/2"}],"replies":[{"embeddable":true,"href":"https:\/\/www.europesays.com\/es\/wp-json\/wp\/v2\/comments?post=251187"}],"version-history":[{"count":0,"href":"https:\/\/www.europesays.com\/es\/wp-json\/wp\/v2\/posts\/251187\/revisions"}],"wp:featuredmedia":[{"embeddable":true,"href":"https:\/\/www.europesays.com\/es\/wp-json\/wp\/v2\/media\/251188"}],"wp:attachment":[{"href":"https:\/\/www.europesays.com\/es\/wp-json\/wp\/v2\/media?parent=251187"}],"wp:term":[{"taxonomy":"category","embeddable":true,"href":"https:\/\/www.europesays.com\/es\/wp-json\/wp\/v2\/categories?post=251187"},{"taxonomy":"post_tag","embeddable":true,"href":"https:\/\/www.europesays.com\/es\/wp-json\/wp\/v2\/tags?post=251187"}],"curies":[{"name":"wp","href":"https:\/\/api.w.org\/{rel}","templated":true}]}}