{"id":251189,"date":"2025-11-23T09:55:11","date_gmt":"2025-11-23T09:55:11","guid":{"rendered":"https:\/\/www.europesays.com\/es\/251189\/"},"modified":"2025-11-23T09:55:11","modified_gmt":"2025-11-23T09:55:11","slug":"la-unica-salida-que-tiene-el-socialismo-espanol-es-la-ruptura-espana","status":"publish","type":"post","link":"https:\/\/www.europesays.com\/es\/251189\/","title":{"rendered":"La \u00fanica salida que tiene el socialismo espa\u00f1ol es la ruptura | Espa\u00f1a"},"content":{"rendered":"<p class=\"\">La firma del Pacto de Bruselas sacudi\u00f3 las aguas siempre turbias pero normalmente estancadas de la Espa\u00f1a profunda. La urticaria se hizo evidente desde el primer encuentro con una delegaci\u00f3n del PSOE en nuestros despachos del Parlamento Europeo y la famosa imagen de la reuni\u00f3n presidida por una fotograf\u00eda mural del d\u00eda del refer\u00e9ndum. Al ver el texto del acuerdo, las aguas se agitaron excitadas por cuatro factores. <\/p>\n<p class=\"\">El primero, el relato. La manera en que hab\u00edamos acordado conjuntamente describir los antecedentes que nos hab\u00edan llevado hasta all\u00ed romp\u00eda la narrativa oficial que el poder espa\u00f1ol \u2014medi\u00e1tico, econ\u00f3mico, pol\u00edtico y judicial\u2014 hab\u00eda intentado extender desde el inicio del proceso de independencia de Catalu\u00f1a, con la participaci\u00f3n acr\u00edtica del propio Partido Socialista. El segundo, la referencia a 1714 como origen del conflicto no resuelto, circunstancia que apelaba a la monarqu\u00eda espa\u00f1ola heredera directa de aquel inefable Felipe V. El tercero, el acuerdo de depurar las responsabilidades de la guerra sucia contra el independentismo, con las comisiones de investigaci\u00f3n y la menci\u00f3n expl\u00edcita del t\u00e9rmino lawfare, que provoc\u00f3 la primera erupci\u00f3n cut\u00e1nea en la piel del Estado profundo. Y el cuarto, la ley de amnist\u00eda, que hasta entonces hab\u00eda sido casi un tab\u00fa del que no se pod\u00eda hablar. Recuerden la vehemencia con la que se expresaban l\u00edderes socialistas espa\u00f1oles como el actual presidente de la Generalitat, Salvador Illa, exclamando que \u201c\u00a1no habr\u00e1 ni amnist\u00eda ni nada de eso!\u201d. Podemos a\u00f1adir algunas incomodidades m\u00e1s, como el hecho de tener que negociar en Suiza ante un mediador\/verificador internacional, la exigencia de hacer oficial el catal\u00e1n en la UE y la aprobaci\u00f3n de la oficialidad del catal\u00e1n en el Congreso de los Diputados. <\/p>\n<p class=\"\">Las costuras a\u00fan no se hab\u00edan roto, solo las hab\u00edamos tensionado, pero se intu\u00eda el mar de fondo. Dos a\u00f1os despu\u00e9s, el protagonista de aquella primera foto en el Parlamento ya ha pasado unos cuantos meses en prisi\u00f3n, acusado de corrupci\u00f3n, se han abierto procesos penales contra el entorno del presidente Pedro S\u00e1nchez y tambi\u00e9n directamente sobre su familia, y el fiscal general alineado con el Gobierno y pieza clave para garantizar el cumplimiento de la ley de amnist\u00eda acaba de ser condenado e inhabilitado para ejercer el cargo. <\/p>\n<p class=\"\">Espa\u00f1a hierve, la divisi\u00f3n social no puede disimularse y el clima se parece mucho al de otros per\u00edodos convulsos que tuvieron, todos, un final tr\u00e1gico (guerras y dictaduras) o tragic\u00f3mico (el 23F). No s\u00e9 si ser\u00e1 el caso; no puedo decir que no me importe, porque ser\u00eda mentira. Pero que nadie se confunda: no me siento interpelado como \u201cespa\u00f1ol\u201d porque solo lo soy por obligaci\u00f3n y no por voluntad, identidad o sentimiento. Me interpela como dem\u00f3crata europeo, y como independentista catal\u00e1n en particular. Porque todo esto ocurre, en gran parte, por la negativa a aceptar la democracia radical como metodolog\u00eda para la resoluci\u00f3n de los conflictos. <\/p>\n<p class=\"\">En octubre de 2017, el Partido Socialista se aline\u00f3 con el PP. Una rendici\u00f3n incondicional que, pensaban, les ser\u00eda recompensada el d\u00eda de ma\u00f1ana con la misma comprensi\u00f3n que se dispensa a los abusos de la derecha, la politizaci\u00f3n del poder judicial y el discurso del rey del 3 de octubre de 2017. Hoy, a los socialistas los han enviado a la misma sastrer\u00eda en la que se fabricaron los trajes a medida que prepararon para nosotros. <\/p>\n<p class=\"\">Por tanto, si el socialismo espa\u00f1ol quiere salir del abismo solo tiene una opci\u00f3n: emprender la ruptura que se negaron a hacer hace 50 a\u00f1os. Y la ruptura empieza por reconocer el derecho a la autodeterminaci\u00f3n de los pueblos, que es un concepto que el Partido Socialista hab\u00eda defendido durante d\u00e9cadas. Con pactos con el antiguo r\u00e9gimen, como fue el pacto de la transici\u00f3n y la continuidad de la monarqu\u00eda restaurada por Franco, solo perpetuar\u00e1n el r\u00e9gimen, que es lo que han estado haciendo hasta ahora, aunque se pavoneen como unos gallos cuando evocan los cincuenta a\u00f1os de la muerte del dictador. Unos gallos sin cabeza, para ser precisos. <\/p>\n<p class=\"\"><b>Carles Puigdemont i Casamaj\u00f3<\/b> fue president de la Generalitat y preside Junts per Catalunya.<\/p>\n","protected":false},"excerpt":{"rendered":"La firma del Pacto de Bruselas sacudi\u00f3 las aguas siempre turbias pero normalmente estancadas de la Espa\u00f1a profunda.&hellip;\n","protected":false},"author":2,"featured_media":251190,"comment_status":"","ping_status":"","sticky":false,"template":"","format":"standard","meta":{"footnotes":""},"categories":[8],"tags":[8577,17,18,3834,25,24,13,14,11,3837,19,20,9,10,15,16,1699,63632,8411,23,12,21,22],"class_list":{"0":"post-251189","1":"post","2":"type-post","3":"status-publish","4":"format-standard","5":"has-post-thumbnail","7":"category-espana","8":"tag-alvaro-garcia-ortiz","9":"tag-breaking-news","10":"tag-breakingnews","11":"tag-carles-puigdemont","12":"tag-es","13":"tag-espana","14":"tag-featured-news","15":"tag-featurednews","16":"tag-headlines","17":"tag-juntsxcat","18":"tag-latest-news","19":"tag-latestnews","20":"tag-news","21":"tag-noticias","22":"tag-noticias-destacadas","23":"tag-noticiasdestacadas","24":"tag-psoe","25":"tag-referendum-1-de-octubre","26":"tag-santos-cerdan","27":"tag-spain","28":"tag-titulares","29":"tag-ultimas-noticias","30":"tag-ultimasnoticias"},"share_on_mastodon":{"url":"https:\/\/pubeurope.com\/@es\/115598414576047495","error":""},"_links":{"self":[{"href":"https:\/\/www.europesays.com\/es\/wp-json\/wp\/v2\/posts\/251189","targetHints":{"allow":["GET"]}}],"collection":[{"href":"https:\/\/www.europesays.com\/es\/wp-json\/wp\/v2\/posts"}],"about":[{"href":"https:\/\/www.europesays.com\/es\/wp-json\/wp\/v2\/types\/post"}],"author":[{"embeddable":true,"href":"https:\/\/www.europesays.com\/es\/wp-json\/wp\/v2\/users\/2"}],"replies":[{"embeddable":true,"href":"https:\/\/www.europesays.com\/es\/wp-json\/wp\/v2\/comments?post=251189"}],"version-history":[{"count":0,"href":"https:\/\/www.europesays.com\/es\/wp-json\/wp\/v2\/posts\/251189\/revisions"}],"wp:featuredmedia":[{"embeddable":true,"href":"https:\/\/www.europesays.com\/es\/wp-json\/wp\/v2\/media\/251190"}],"wp:attachment":[{"href":"https:\/\/www.europesays.com\/es\/wp-json\/wp\/v2\/media?parent=251189"}],"wp:term":[{"taxonomy":"category","embeddable":true,"href":"https:\/\/www.europesays.com\/es\/wp-json\/wp\/v2\/categories?post=251189"},{"taxonomy":"post_tag","embeddable":true,"href":"https:\/\/www.europesays.com\/es\/wp-json\/wp\/v2\/tags?post=251189"}],"curies":[{"name":"wp","href":"https:\/\/api.w.org\/{rel}","templated":true}]}}