{"id":251195,"date":"2025-11-23T10:04:08","date_gmt":"2025-11-23T10:04:08","guid":{"rendered":"https:\/\/www.europesays.com\/es\/251195\/"},"modified":"2025-11-23T10:04:08","modified_gmt":"2025-11-23T10:04:08","slug":"el-barca-busca-en-las-palmas-la-primera-victoria-de-la-segunda-era-pascual","status":"publish","type":"post","link":"https:\/\/www.europesays.com\/es\/251195\/","title":{"rendered":"El Bar\u00e7a busca en Las Palmas la primera victoria de la segunda era Pascual"},"content":{"rendered":"<p data-gtm-element-container=\"modulo-texto-link\" class=\"paragraph\">El Bar\u00e7a buscar\u00e1 esta tarde (19:00 horas) en Las Palmas el primer triunfo de la nueva etapa abierta con la llegada al banquillo de Xavi Pascual en sustituci\u00f3n de Joan Pe\u00f1arroya. Un mal tercer cuarto, varias decisiones arbitrales discutibles y la mala suerte en los segundos finales le impidieron lograrlo ya el pasado jueves en pista del Anadolu Efes (74-73) pero hoy llega una nueva oportunidad y es importante no fallar porque el equipo azulgrana necesita victorias para corregir su dubitativo inicio de temporada en Liga Endesa y asegurar su presencia en la pr\u00f3xima Copa del Rey, a la que acuden los ocho primeros clasificados de la primera vuelta. El Bar\u00e7a es actualmente noveno con tres triunfos y cuatro derrotas.<\/p>\n<p data-gtm-element-container=\"modulo-texto-link\" class=\"paragraph\">\u201cEs un partido muy importante porque tenemos que sumar victorias de cara a la Copa del Rey\u201d, apuntaba ayer Joel Parra.<\/p>\n<p>    Lee tambi\u00e9n<\/p>\n<p data-gtm-element-container=\"modulo-texto-link\" class=\"paragraph\">Tan importante como empezar a sumar triunfos con regularidad en la competici\u00f3n nacional es consolidar el nuevo estilo que quiere imponer Pascual. A pesar de la derrota, en Estambul ya se pudieron apreciar algunas mejoras. El equipo mostr\u00f3 un juego m\u00e1s ordenado, con m\u00e1s cabeza, corriendo cuando se pod\u00eda pero sabiendo parar y resetear el ataque cuando tocaba. La defensa tambi\u00e9n pareci\u00f3 otra, con todos participando, m\u00e1s esp\u00edritu colectivo y mayor coordinaci\u00f3n y capacidad de recuperar tras las ayudas. Por \u00faltimo, el equipo sac\u00f3 mucho m\u00e1s partido de sus p\u00edvots, que al descanso ya llevaban 20 de los 46 puntos del equipo.<\/p>\n<p data-gtm-element-container=\"modulo-texto-link\" class=\"paragraph\">La cruz volvi\u00f3 a ser la de casi siempre esta temporada, la incapacidad del equipo para encadenar cuarenta minutos regulares. El 23-9 del tercer cuarto ech\u00f3 por la borda todo el buen trabajo de la primera mitad y acab\u00f3 siendo determinante para que los azulgrana no se llevaran la victoria. Para eliminar estos tradicionales altibajos que lastran al equipo azulgrana desde principio de curso Pascual seguramente necesitar\u00e1 algo m\u00e1s de tiempo.<\/p>\n<p data-gtm-element-container=\"modulo-texto-link\" class=\"paragraph\">El Bar\u00e7a viaj\u00f3 ayer a Las Palmas con los mismos trece jugadores que ya lo hicieron a Estambul. La \u00fanica baja sigue siendo la de larga duraci\u00f3n de Juan N\u00fa\u00f1ez y Pascual ha vuelto a optar por dejar a todos los j\u00f3venes en casa pues primero prefiere ver en acci\u00f3n primero a los s\u00e9nior.<\/p>\n<p data-gtm-element-container=\"modulo-texto-link\" class=\"paragraph\">El Dreamland Gran Canaria lleva a\u00f1os asentado como equipo de playoff, aunque al igual que el Bar\u00e7a ha arrancado esta temporada de forma algo irregular y presenta el mismo balance que los azulgrana (3-4) aunque una posici\u00f3n por delante (8\u00ba) por su mejor basket average. El t\u00e9cnico Jaka Lakovic, que tuvo a Pascual como entrenador durante sus \u00faltimos a\u00f1os como base del Bar\u00e7a (2008 a 2011), solo cuenta con la duda del escolta Isaiah Wong, que se ha perdido algunos entrenamientos esta semana por problemas estomacales. El estadounidense (13,7 puntos d media) y el argentino Nico Brussino (12,3) son los principales argumentos ofensivos del equipo canario.<\/p>\n","protected":false},"excerpt":{"rendered":"El Bar\u00e7a buscar\u00e1 esta tarde (19:00 horas) en Las Palmas el primer triunfo de la nueva etapa abierta&hellip;\n","protected":false},"author":2,"featured_media":251196,"comment_status":"","ping_status":"","sticky":false,"template":"","format":"standard","meta":{"footnotes":""},"categories":[269],"tags":[299,298,168,25,24,23,167],"class_list":{"0":"post-251195","1":"post","2":"type-post","3":"status-publish","4":"format-standard","5":"has-post-thumbnail","7":"category-baloncesto","8":"tag-baloncesto","9":"tag-basketball","10":"tag-deportes","11":"tag-es","12":"tag-espana","13":"tag-spain","14":"tag-sports"},"share_on_mastodon":{"url":"https:\/\/pubeurope.com\/@es\/115598450058229155","error":""},"_links":{"self":[{"href":"https:\/\/www.europesays.com\/es\/wp-json\/wp\/v2\/posts\/251195","targetHints":{"allow":["GET"]}}],"collection":[{"href":"https:\/\/www.europesays.com\/es\/wp-json\/wp\/v2\/posts"}],"about":[{"href":"https:\/\/www.europesays.com\/es\/wp-json\/wp\/v2\/types\/post"}],"author":[{"embeddable":true,"href":"https:\/\/www.europesays.com\/es\/wp-json\/wp\/v2\/users\/2"}],"replies":[{"embeddable":true,"href":"https:\/\/www.europesays.com\/es\/wp-json\/wp\/v2\/comments?post=251195"}],"version-history":[{"count":0,"href":"https:\/\/www.europesays.com\/es\/wp-json\/wp\/v2\/posts\/251195\/revisions"}],"wp:featuredmedia":[{"embeddable":true,"href":"https:\/\/www.europesays.com\/es\/wp-json\/wp\/v2\/media\/251196"}],"wp:attachment":[{"href":"https:\/\/www.europesays.com\/es\/wp-json\/wp\/v2\/media?parent=251195"}],"wp:term":[{"taxonomy":"category","embeddable":true,"href":"https:\/\/www.europesays.com\/es\/wp-json\/wp\/v2\/categories?post=251195"},{"taxonomy":"post_tag","embeddable":true,"href":"https:\/\/www.europesays.com\/es\/wp-json\/wp\/v2\/tags?post=251195"}],"curies":[{"name":"wp","href":"https:\/\/api.w.org\/{rel}","templated":true}]}}