{"id":251203,"date":"2025-11-23T10:09:12","date_gmt":"2025-11-23T10:09:12","guid":{"rendered":"https:\/\/www.europesays.com\/es\/251203\/"},"modified":"2025-11-23T10:09:12","modified_gmt":"2025-11-23T10:09:12","slug":"el-oscuro-pasado-de-gabriel","status":"publish","type":"post","link":"https:\/\/www.europesays.com\/es\/251203\/","title":{"rendered":"El oscuro pasado de Gabriel"},"content":{"rendered":"<p data-journey-content=\"true\" data-node-id=\"3\" class=\"css-6wxqfj emevuu60\">Esta semana en &#8216;<a href=\"https:\/\/www.diezminutos.es\/suenos-de-libertad\/\" target=\"_blank\" data-vars-ga-outbound-link=\"https:\/\/www.diezminutos.es\/suenos-de-libertad\/\" data-vars-ga-ux-element=\"Hyperlink\" data-vars-ga-call-to-action=\"Sue\u00f1os de libertad\" data-node-id=\"3.1\" class=\"body-link css-177bzfx emevuu60\" rel=\"nofollow noopener\">Sue\u00f1os de libertad<\/a>&#8216;, Beltr\u00e1n regresa con una noticia que nadie esperaba. Cristina, convencida de que \u00e9l solo la considera una amiga, se sorprende cuando el joven, <strong data-node-id=\"3.3\">tras indagar en su pasado<\/strong>, descubre un dato que transforma por completo la imagen que ten\u00eda de ella. En un instante de confianza, <a href=\"https:\/\/www.diezminutos.es\/telenovela\/espanolas\/a69483343\/suenos-de-libertad-capitulo-442-avance-de-viernes-21-noviembre-serie-diaria-antena-3\/\" target=\"_blank\" data-vars-ga-outbound-link=\"https:\/\/www.diezminutos.es\/telenovela\/espanolas\/a69483343\/suenos-de-libertad-capitulo-442-avance-de-viernes-21-noviembre-serie-diaria-antena-3\/\" data-vars-ga-ux-element=\"Hyperlink\" data-vars-ga-call-to-action=\"Cristina abre su coraz\u00f3n\" data-node-id=\"3.5\" class=\"body-link css-177bzfx emevuu60\" rel=\"nofollow noopener\">Cristina abre su coraz\u00f3n<\/a> y revela detalles \u00edntimos de su historia familiar, dejando claro lo que siente por \u00e9l. Entre ambos se dibuja una tensi\u00f3n delicada, mezcla de revelaci\u00f3n y esperanza, que promete alterar el rumbo de su relaci\u00f3n.<\/p>\n<p><img draggable=\"true\" alt=\"sue\u00f1os de libertad\" title=\"Sue\u00f1os de libertad\" loading=\"lazy\" width=\"3500\" height=\"2333\" decoding=\"async\" data-nimg=\"1\" style=\"color:transparent;width:100%;height:auto;\"   src=\"https:\/\/www.europesays.com\/es\/wp-content\/uploads\/2025\/11\/1763892551_889_alta-sdl-t03-e436-10-12-5-25-cmanuelfiestas-1072-690c8e4de6624.jpg\" class=\"css-0 e1g79fud0\"\/><\/p>\n<p>Manuel Fiestas Moreno<\/p>\n<p data-journey-content=\"true\" data-node-id=\"7\" class=\"css-6wxqfj emevuu60\">En la f\u00e1brica, la calma se rompe con un contratiempo serio que Gabriel intenta resolver sin \u00e9xito. Marta, preocupada por el futuro de la empresa, recurre a Pelayo en busca de apoyo, mientras <strong data-node-id=\"7.1\">Cloe se prepara para recibir a la comitiva francesa<\/strong>. Lo que deb\u00eda ser una celebraci\u00f3n se convierte en un ambiente inc\u00f3modo: Carmen se siente juzgada por su trabajo, mientras Marta y Cloe, en contraste, comparten un instante de complicidad que refuerza la conexi\u00f3n creciente entre ellas.<\/p>\n<p>Luis se enfrenta a un dilema en &#8216;Sue\u00f1os de libertad&#8217;<\/p>\n<p data-journey-content=\"true\" data-node-id=\"10\" class=\"body-dropcap css-1snhsjb emevuu60\">Luis, por su parte, se enfrenta a un dilema. Ha decidido iniciar un nuevo reto profesional, pero una<strong data-node-id=\"10.1\"> conversaci\u00f3n con Luz y Digna<\/strong> siembra dudas en su \u00e1nimo. Tras reflexionar y siguiendo el ejemplo de su hermano Joaqu\u00edn, el perfumista apuesta finalmente por su idea y decide contar con Cristina para llevarla adelante.<\/p>\n<p data-journey-content=\"true\" data-node-id=\"14\" class=\"css-6wxqfj emevuu60\">En la mansi\u00f3n De la Reina, Andr\u00e9s confiesa a Marta su malestar, aunque una llamada inesperada lo obliga a marcharse sin dar explicaciones. La verdad se revela poco despu\u00e9s: ha visitado a una mujer clave en el pasado de Gabriel. As\u00ed, el menor del clan comienza a desenterrar secretos familiares que amenazan con alterar la paz. En paralelo, <strong data-node-id=\"14.1\">Mar\u00eda se abre con Manuela<\/strong> y confiesa un deseo largamente guardado: quiere volver a trabajar. Decidida a tomar las riendas de su vida y cansada de envidiar a Bego\u00f1a, acude a la f\u00e1brica en busca de una oportunidad, aunque a\u00fan lucha por recuperar la fuerza de sus pasos.<\/p>\n<p>Luz teme por la salud de Gema en &#8216;Sue\u00f1os de libertad&#8217;<img draggable=\"true\" alt=\"begona y luz en suenos de libertad\" title=\"Begona y Luz en Suenos de libertad\" loading=\"lazy\" width=\"3500\" height=\"2333\" decoding=\"async\" data-nimg=\"1\" style=\"color:transparent;width:100%;height:auto;\"   src=\"https:\/\/www.europesays.com\/es\/wp-content\/uploads\/2025\/11\/alta-sdl-t03-e410-08-22-4-25-cmanuelfiestas-4764-68de3ce29e3b7.jpg\" class=\"css-0 e1g79fud0\"\/><\/p>\n<p>Manuel Fiestas Moreno<\/p>\n<p data-journey-content=\"true\" data-node-id=\"18\" class=\"css-6wxqfj emevuu60\">Joaqu\u00edn celebra su \u00e9xito empresarial, pero un contratiempo empa\u00f1a su felicidad. Con firmeza y seguridad, afronta las dificultades, gan\u00e1ndose el orgullo de Gema y Teo. Sin embargo, la salud de Gema preocupa cada vez m\u00e1s a Luz, que sospecha que su cu\u00f1ada oculta algo grave. Cuando el estado de Gema empeora, la doctora se ve obligada a tomar una decisi\u00f3n inmediata. <strong data-node-id=\"18.1\">En la f\u00e1brica, las tensiones aumentan<\/strong>. Bego\u00f1a, feliz en su matrimonio, celebra con Luz un nuevo logro, mientras las dudas sobre el perfume y las estrictas directrices de Cloe generan fricciones. Carmen, inquieta por actitudes que le resultan familiares, se distancia de Tasio, sumando un nuevo matiz de incertidumbre a la trama.<\/p>\n<p><img src=\"https:\/\/www.europesays.com\/es\/wp-content\/uploads\/2025\/11\/1763892552_721_43af9b8f-983e-4e74-8e74-9a7479b0966b_1681831601.file\" alt=\"Headshot of Pilar Mart\u00ednez\" title=\"Headshot of Pilar Mart\u00ednez\" width=\"100%\" height=\"100%\" decoding=\"async\" loading=\"lazy\" class=\"css-o0wq4v ev8dhu53\"\/><\/p>\n<p>Pilar Mart\u00ednez es periodista especializada en contenidos de televisi\u00f3n y cultura, se gradu\u00f3 en la carrera en Periodismo en la Facultad de Ciencias de la Informaci\u00f3n (Universidad Complutense de Madrid) en el a\u00f1o 2018. Desde entonces ha pasado por las redacciones de Ecoteuve (El Economista), donde realiz\u00f3 sus primeras pr\u00e1cticas durante el verano del 2016.<\/p>\n<p>Posteriormente, concretamente, en el a\u00f1o 2017 se pas\u00f3 al grupo Hearst Espa\u00f1a, donde comenz\u00f3 su andadura en las revistas de televisi\u00f3n: Supertele, Teleprograma, Telenovela. Ahora colabora con Diez Minutos, en su versi\u00f3n web, donde se encarga de realizar los avances semanales de las ficciones diarias de moda, as\u00ed como entrevistas y art\u00edculos sobre los melodramas o telenovelas que aterrizan en nuestro pa\u00eds y aquellos que est\u00e1n por venir.<\/p>\n<p>Toda una cazadora de exclusivas. A esto, se suma su puesto como redactora jefe de la secci\u00f3n de novela narrativa en la revista Culturamas, medio digital de alto impacto al que lleva unida desde el a\u00f1o 2013. \u00c1vida lectora, cin\u00e9fila y seri\u00e9fila de primer nivel, ha hecho de su vocaci\u00f3n su oficio. \u00a0<\/p>\n","protected":false},"excerpt":{"rendered":"Esta semana en &#8216;Sue\u00f1os de libertad&#8216;, Beltr\u00e1n regresa con una noticia que nadie esperaba. Cristina, convencida de que&hellip;\n","protected":false},"author":2,"featured_media":251204,"comment_status":"","ping_status":"","sticky":false,"template":"","format":"standard","meta":{"footnotes":""},"categories":[171],"tags":[253,146,147,25,24,23,214],"class_list":{"0":"post-251203","1":"post","2":"type-post","3":"status-publish","4":"format-standard","5":"has-post-thumbnail","7":"category-tv","8":"tag-discover","9":"tag-entertainment","10":"tag-entretenimiento","11":"tag-es","12":"tag-espana","13":"tag-spain","14":"tag-tv"},"share_on_mastodon":{"url":"https:\/\/pubeurope.com\/@es\/115598469991966634","error":""},"_links":{"self":[{"href":"https:\/\/www.europesays.com\/es\/wp-json\/wp\/v2\/posts\/251203","targetHints":{"allow":["GET"]}}],"collection":[{"href":"https:\/\/www.europesays.com\/es\/wp-json\/wp\/v2\/posts"}],"about":[{"href":"https:\/\/www.europesays.com\/es\/wp-json\/wp\/v2\/types\/post"}],"author":[{"embeddable":true,"href":"https:\/\/www.europesays.com\/es\/wp-json\/wp\/v2\/users\/2"}],"replies":[{"embeddable":true,"href":"https:\/\/www.europesays.com\/es\/wp-json\/wp\/v2\/comments?post=251203"}],"version-history":[{"count":0,"href":"https:\/\/www.europesays.com\/es\/wp-json\/wp\/v2\/posts\/251203\/revisions"}],"wp:featuredmedia":[{"embeddable":true,"href":"https:\/\/www.europesays.com\/es\/wp-json\/wp\/v2\/media\/251204"}],"wp:attachment":[{"href":"https:\/\/www.europesays.com\/es\/wp-json\/wp\/v2\/media?parent=251203"}],"wp:term":[{"taxonomy":"category","embeddable":true,"href":"https:\/\/www.europesays.com\/es\/wp-json\/wp\/v2\/categories?post=251203"},{"taxonomy":"post_tag","embeddable":true,"href":"https:\/\/www.europesays.com\/es\/wp-json\/wp\/v2\/tags?post=251203"}],"curies":[{"name":"wp","href":"https:\/\/api.w.org\/{rel}","templated":true}]}}