{"id":251217,"date":"2025-11-23T10:18:17","date_gmt":"2025-11-23T10:18:17","guid":{"rendered":"https:\/\/www.europesays.com\/es\/251217\/"},"modified":"2025-11-23T10:18:17","modified_gmt":"2025-11-23T10:18:17","slug":"a-cortar-por-lo-sano-un-abuso-de-poder-lo-llaman-golpismo","status":"publish","type":"post","link":"https:\/\/www.europesays.com\/es\/251217\/","title":{"rendered":"A cortar por lo sano un abuso de poder lo llaman \u00abgolpismo\u00bb"},"content":{"rendered":"\n<p> El <a href=\"https:\/\/www.elconfidencial.com\/espana\/2025-11-20\/el-supremo-condena-al-fiscal-general-a-12-meses-de-multa-por-revelar-secretos_4251155\/\" target=\"_self\" rel=\"nofollow noopener\">caso del fiscal general<\/a> es, de principio a fin, una historia de abusos de poder. A Garc\u00eda Ortiz lo coloc\u00f3 el gobierno en la c\u00faspide de la fiscal\u00eda para tener un soldado obediente a los mandos de una instituci\u00f3n clave del Estado cuando<strong> sali\u00f3 del cargo Dolores Delgado,<\/strong> que hab\u00eda sido ministra de justicia. <\/p>\n<p> La fiscal\u00eda puede depender m\u00e1s o menos del partido en el poder seg\u00fan la <strong>elecci\u00f3n del fiscal general. <\/strong>Los hubo que fueron un martirio para quienes lo hab\u00edan elegido, pero <a href=\"https:\/\/www.elconfidencial.com\/cultura\/2025-11-23\/garcia-ortiz-condenado-fiscal-general-abuso-poder_4252807\/\" target=\"_self\" rel=\"nofollow noopener\">Garc\u00eda Ortiz<\/a> fue otra cosa. Siempre tuvo esos gestos ampulosos del lacayo, desde el principio. Un adulador del presidente que, investido de un poder inmenso, empez\u00f3 a comportarse como el encargado de supermercado m\u00e1s papista que el Papa. <\/p>\n<p> Ignoro si el criminal inter\u00e9s de Garc\u00eda Ortiz por \u00abganar el relato\u00bb revelando informaci\u00f3n reservada de un ciudadano ven\u00eda espoleado por<strong> \u00f3rdenes de Moncloa<\/strong> o \u00e9l mismo, adivinando las necesidades del jefe, delinqui\u00f3 por iniciativa propia para complacerlo. De una forma o de otra, ah\u00ed hay <a href=\"https:\/\/www.elconfidencial.com\/espana\/2025-11-20\/el-supremo-condena-al-fiscal-general-a-12-meses-de-multa-por-revelar-secretos_4251155\/\" target=\"_self\" rel=\"nofollow noopener\">abuso de poder.<\/a> <\/p>\n<p> <strong>Abuso del PSOE<\/strong>, que canibaliza una instituci\u00f3n que debiera ser<a href=\"https:\/\/www.elconfidencial.com\/espana\/2025-11-20\/el-supremo-condena-al-fiscal-general-a-12-meses-de-multa-por-revelar-secretos_4251155\/\" target=\"_self\" rel=\"nofollow noopener\"> neutral y apol\u00edtica <\/a>para filtrar desde all\u00ed la comunicaci\u00f3n secreta de un ciudadano, y tambi\u00e9n abuso de poder del fiscal general, que desde su superioridad jer\u00e1rquica orden\u00f3 a sus subordinados que colaborasen con \u00e9l en su delito. <\/p>\n<p>              <img decoding=\"async\" class=\"inTextNews__img\" alt=\"Foto: el-colegio-de-abogados-ante-el-juicio-a-alvaro-garcia-ortiz\" src=\"https:\/\/www.europesays.com\/es\/wp-content\/uploads\/2025\/11\/f.elconfidencial.com\/original\/530\/fca\/43e\/530fca43ee11c542049fd65655e6964a.jpg\"  \/>     <\/p>\n<p>TE PUEDE INTERESAR<\/p>\n<p>      <a class=\"inTextNews__title\" href=\"https:\/\/www.elconfidencial.com\/espana\/2025-11-02\/el-colegio-de-abogados-ante-el-juicio-a-alvaro-garcia-ortiz_4239116\/\" onclick=\"window.ECCO.emit(&#039;amplitude&#039;, { dataEventName: &#039;click_related_article_module&#039;, data: { related_article_url: &#039;https:\/\/www.elconfidencial.com\/espana\/2025-11-02\/el-colegio-de-abogados-ante-el-juicio-a-alvaro-garcia-ortiz_4239116\/&#039;, related_article_author: &#039;Beatriz Parera&#039;, related_article_section: &#039;espana&#039; } })\" rel=\"nofollow noopener\" target=\"_blank\"> El Colegio de la Abogac\u00eda ante el juicio a \u00c1lvaro Garc\u00eda Ortiz: \u00abPedimos c\u00e1rcel por sus actos\u00bb <\/a>   <\/p>\n<p>    Beatriz Parera   <\/p>\n<p> No se saca en mitad de la noche a un se\u00f1or del f\u00fatbol ni se pone a la<strong> <\/strong><a href=\"https:\/\/www.elconfidencial.com\/tags\/organismos\/fiscalia-general-del-estado-3190\/\" target=\"_self\" rel=\"nofollow noopener\">Fiscal\u00eda de Madrid <\/a>a redactar una nota de prensa con <strong>informaci\u00f3n ilegalmente<\/strong> obtenida sin ejercer el poder de manera desp\u00f3tica. Hay que imaginarse, en esos mensajes que Garc\u00eda Ortiz borr\u00f3 al ser imputado, el tono. El apresuramiento. <\/p>\n<p> El abuso adquiri\u00f3 proporciones obscenas despu\u00e9s, durante el proceso. Desde que empez\u00f3 <strong>la investigaci\u00f3n judicial a Garc\u00eda Ortiz<\/strong>, el PSOE denigr\u00f3 la labor del instructor, los ministros dijeron que el fiscal era<a href=\"https:\/\/www.elconfidencial.com\/espana\/2025-11-20\/el-supremo-condena-al-fiscal-general-a-12-meses-de-multa-por-revelar-secretos_4251155\/\" target=\"_self\" rel=\"nofollow noopener\"> v\u00edctima del sabotaje<\/a> de un poder judicial antidemocr\u00e1tico, y caldearon los \u00e1nimos por si hab\u00eda condena. <\/p>\n<p>              <img decoding=\"async\" class=\"inTextNews__img\" alt=\"Foto: el-supremo-condena-al-fiscal-general-a-12-meses-de-multa-por-revelar-secretos\" src=\"https:\/\/www.europesays.com\/es\/wp-content\/uploads\/2025\/11\/f.elconfidencial.com\/original\/b1f\/1e7\/0db\/b1f1e70db0ccc05e1e2cc385f9bc6939.jpg\"  \/>     <\/p>\n<p>TE PUEDE INTERESAR<\/p>\n<p>      <a class=\"inTextNews__title\" href=\"https:\/\/www.elconfidencial.com\/espana\/2025-11-20\/el-supremo-condena-al-fiscal-general-a-12-meses-de-multa-por-revelar-secretos_4251155\/\" onclick=\"window.ECCO.emit(&#039;amplitude&#039;, { dataEventName: &#039;click_related_article_module&#039;, data: { related_article_url: &#039;https:\/\/www.elconfidencial.com\/espana\/2025-11-20\/el-supremo-condena-al-fiscal-general-a-12-meses-de-multa-por-revelar-secretos_4251155\/&#039;, related_article_author: &#039;Beatriz Parera,Ana Bel\u00e9n Ramos&#039;, related_article_section: &#039;espana&#039; } })\" rel=\"nofollow noopener\" target=\"_blank\"> El Supremo condena al fiscal general a dos a\u00f1os de inhabilitaci\u00f3n por revelar secretos <\/a>   <\/p>\n<p>    Beatriz Parera     Ana Bel\u00e9n Ramos   <\/p>\n<p> Los enemigos del gobierno eran los jueces por la sencilla raz\u00f3n de que el gobierno no puede hacer con ellos lo mismo que con la Fiscal\u00eda General, el CIS o <a href=\"https:\/\/www.elconfidencial.com\/television\/\" target=\"_self\" rel=\"nofollow noopener\">Televisi\u00f3n Espa\u00f1ola.<\/a> Ya les gustar\u00eda un <strong>Poder Judicial <\/strong>tan lameculos. Por no serlo, eran enemigos declarados. Para quien abusa de poder, no hay traici\u00f3n mayor que la existencia de un contrapoder independiente. <\/p>\n<p> Machacaron con el axioma de que el<a href=\"https:\/\/www.elconfidencial.com\/espana\/2025-11-20\/el-supremo-condena-al-fiscal-general-a-12-meses-de-multa-por-revelar-secretos_4251155\/\" target=\"_self\" rel=\"nofollow noopener\"> fiscal es inocente<\/a> con las intervenciones de tertulianos y periodistas tan obedientes como el fiscal. Convirtieron en un falso clamor la idea brotada de los <strong>despachos de Ferraz<\/strong>: el fiscal estaba en este l\u00edo por haber dicho la verdad, por haber desmontado un bulo. <\/p>\n<p> Cuando el fiscal se neg\u00f3 a dimitir de su cargo, el abuso de poder adquiri\u00f3 un tono obsceno. La<strong> decisi\u00f3n de Garc\u00eda Ortiz <\/strong>de mantenerse introduc\u00eda una anomal\u00eda, pues nadie pod\u00eda cesarlo, dado que la <a href=\"https:\/\/www.elconfidencial.com\/espana\/2025-11-20\/el-supremo-condena-al-fiscal-general-a-12-meses-de-multa-por-revelar-secretos_4251155\/\" target=\"_self\" rel=\"nofollow noopener\">prerrogativa de suspender fiscales<\/a> la ten\u00eda el acusado. Se pudo ver este abuso escenificado cuando, el primer d\u00eda del juicio, sus subordinados lo despidieron con aplausos y ovaciones. <\/p>\n<p>              <img decoding=\"async\" class=\"inTextNews__img\" alt=\"Foto: fallo-supremo-ayuso-victoria-politica-blinda-autoridad-pp\" src=\"https:\/\/www.europesays.com\/es\/wp-content\/uploads\/2025\/11\/f.elconfidencial.com\/original\/960\/9ec\/165\/9609ec1656a9f20865788b61f6720510.jpg\"  \/>     <\/p>\n<p>TE PUEDE INTERESAR<\/p>\n<p>      <a class=\"inTextNews__title\" href=\"https:\/\/www.elconfidencial.com\/espana\/2025-11-22\/fallo-supremo-ayuso-victoria-politica-blinda-autoridad-pp_4252126\/\" onclick=\"window.ECCO.emit(&#039;amplitude&#039;, { dataEventName: &#039;click_related_article_module&#039;, data: { related_article_url: &#039;https:\/\/www.elconfidencial.com\/espana\/2025-11-22\/fallo-supremo-ayuso-victoria-politica-blinda-autoridad-pp_4252126\/&#039;, related_article_author: &#039;Ignacio S. Calleja,Ana Bel\u00e9n Ramos&#039;, related_article_section: &#039;espana&#039; } })\" rel=\"nofollow noopener\" target=\"_blank\"> El fallo del Supremo da a Ayuso una victoria pol\u00edtica y blinda su autoridad dentro del PP <\/a>   <\/p>\n<p>    Ignacio S. Calleja     Ana Bel\u00e9n Ramos   <\/p>\n<p> La fiscal\u00eda, que hubiera tenido que fiscalizar, iba a actuar <a href=\"https:\/\/www.elconfidencial.com\/espana\/2025-11-20\/el-supremo-condena-al-fiscal-general-a-12-meses-de-multa-por-revelar-secretos_4251155\/\" target=\"_self\" rel=\"nofollow noopener\">como defensa en defensa de su jefe<\/a>. Los fiscales que no se plegaban a las \u00f3rdenes de Garc\u00eda Ortiz, como <strong>Almudena Lastra<\/strong>, eran avergonzados p\u00fablicamente. Los periodistas obedientes deslizaban sospechas sobre la implicaci\u00f3n de los disidentes en el delito. <\/p>\n<p> Mientras pasaban las jornadas y los testigos<strong>, la maquinaria de propaganda <\/strong>del PSOE levant\u00f3 varios trampantojos: primero, que hab\u00eda quedado totalmente probado que el fiscal era inocente; segundo, consecuencia de lo primero, que si el<a href=\"https:\/\/www.elconfidencial.com\/tags\/organismos\/tribunal-supremo-9300\/\" target=\"_self\" rel=\"nofollow noopener\"> Tribunal Supremo<\/a> condenaba estar\u00eda prevaricando y \u00abhaciendo pol\u00edtica\u00bb. <\/p>\n<p> Es decir: acusaban al Tribunal Supremo de hacer lo que ellos mismos estaban haciendo con la fiscal\u00eda. Llegu\u00e9 a o\u00edr en la <a href=\"https:\/\/www.elconfidencial.com\/espana\/2025-11-20\/el-supremo-condena-al-fiscal-general-a-12-meses-de-multa-por-revelar-secretos_4251155\/\" target=\"_self\" rel=\"nofollow noopener\">televisi\u00f3n p\u00fablica<\/a> que es D\u00edaz Ayuso la que manda en las conciencias de los magistrados. Dec\u00edan, por tanto, que los magistrados del Supremo son como <strong>Garc\u00eda Ortiz.<\/strong> <\/p>\n<p>              <img decoding=\"async\" class=\"inTextNews__img\" alt=\"Foto: reaccion-condena-fiscal-general\" src=\"https:\/\/www.europesays.com\/es\/wp-content\/uploads\/2025\/11\/f.elconfidencial.com\/original\/f46\/b5e\/c01\/f46b5ec0177400768aee3b0f798e8523.jpg\"  \/>     <\/p>\n<p>TE PUEDE INTERESAR<\/p>\n<p>      <a class=\"inTextNews__title\" href=\"https:\/\/www.elconfidencial.com\/espana\/2025-11-21\/reaccion-condena-fiscal-general_4251406\/\" onclick=\"window.ECCO.emit(&#039;amplitude&#039;, { dataEventName: &#039;click_related_article_module&#039;, data: { related_article_url: &#039;https:\/\/www.elconfidencial.com\/espana\/2025-11-21\/reaccion-condena-fiscal-general_4251406\/&#039;, related_article_author: &#039;Alejandro Requeijo&#039;, related_article_section: &#039;espana&#039; } })\" rel=\"nofollow noopener\" target=\"_blank\"> De \u00abgolpismo judicial\u00bb a los \u00abjueces de la horca\u00bb: la furibunda reacci\u00f3n contra la condena al fiscal <\/a>   <\/p>\n<p>    Alejandro Requeijo   <\/p>\n<p> La comunicaci\u00f3n del fallo por <strong>cinco votos a dos <\/strong>lleg\u00f3 el 20 de noviembre, aniversario de la muerte de Franco, lo que proporcion\u00f3 una excusa pueril, bob\u00edsima, para tachar de franquista al Tribunal. Los tertulianos org\u00e1nicos empezaron a repetir, como por ciencia infusa, <a href=\"https:\/\/www.elconfidencial.com\/espana\/2025-11-20\/el-supremo-condena-al-fiscal-general-a-12-meses-de-multa-por-revelar-secretos_4251155\/\" target=\"_self\" rel=\"nofollow noopener\">la palabra \u00abgolpe\u00bb.<\/a> <\/p>\n<p> No es una palabra mal elegida. Para los tiranuelos y sus lacayos, la<a href=\"https:\/\/www.elconfidencial.com\/espana\/2025-11-20\/el-supremo-condena-al-fiscal-general-a-12-meses-de-multa-por-revelar-secretos_4251155\/\" target=\"_self\" rel=\"nofollow noopener\"> existencia de contrapoderes es un golpe<\/a>. Tanto los peri\u00f3dicos que han informado de las trapacer\u00edas del PSOE como los jueces que instruyen y juzgan a partir de estas revelaciones act\u00faan, seg\u00fan el gobierno y su coro, como <strong>golpistas.<\/strong> <\/p>\n<p> *Si no ves correctamente el m\u00f3dulo de suscripci\u00f3n, <a href=\"https:\/\/www.elconfidencial.com\/newsletter\/\" target=\"_self\" rel=\"nofollow noopener\">haz clic aqu\u00ed<\/a> <\/p>\n<p> Cuando llaman golpista a alguien, lo que est\u00e1n diciendo en realidad es que no pueden imponer sobre \u00e9l su voluntad. Es golpista todo lo que queda<a href=\"https:\/\/www.elconfidencial.com\/espana\/2025-11-20\/el-supremo-condena-al-fiscal-general-a-12-meses-de-multa-por-revelar-secretos_4251155\/\" target=\"_self\" rel=\"nofollow noopener\"> <\/a><a href=\"https:\/\/www.elconfidencial.com\/espana\/2025-11-04\/entrevista-zarzalejos-huella-sanchez_4240714\/\" target=\"_self\" rel=\"nofollow noopener\">independiente de los deseos del gobierno<\/a>. Y la condena del fiscal, que es una condena a los abusos de <strong>poder del sanchismo<\/strong>, ser\u00e1 la excusa que necesitaban para el asalto final. <\/p>\n<p> Vamos a ver en las pr\u00f3ximas semanas<strong> movimientos muy peligrosos<\/strong> por parte de ese poder tan inc\u00f3modo con lo que queda fuera de sus zarpas. <\/p>\n<p> El <a href=\"https:\/\/www.elconfidencial.com\/espana\/2025-11-20\/el-supremo-condena-al-fiscal-general-a-12-meses-de-multa-por-revelar-secretos_4251155\/\" target=\"_self\" rel=\"nofollow noopener\">caso del fiscal general<\/a> es, de principio a fin, una historia de abusos de poder. A Garc\u00eda Ortiz lo coloc\u00f3 el gobierno en la c\u00faspide de la fiscal\u00eda para tener un soldado obediente a los mandos de una instituci\u00f3n clave del Estado cuando<strong> sali\u00f3 del cargo Dolores Delgado,<\/strong> que hab\u00eda sido ministra de justicia. <\/p>\n","protected":false},"excerpt":{"rendered":"El caso del fiscal general es, de principio a fin, una historia de abusos de poder. A Garc\u00eda&hellip;\n","protected":false},"author":2,"featured_media":251218,"comment_status":"","ping_status":"","sticky":false,"template":"","format":"standard","meta":{"footnotes":""},"categories":[8],"tags":[17,18,25,24,13,14,11,19,20,9,10,15,16,23,12,21,22],"class_list":{"0":"post-251217","1":"post","2":"type-post","3":"status-publish","4":"format-standard","5":"has-post-thumbnail","7":"category-espana","8":"tag-breaking-news","9":"tag-breakingnews","10":"tag-es","11":"tag-espana","12":"tag-featured-news","13":"tag-featurednews","14":"tag-headlines","15":"tag-latest-news","16":"tag-latestnews","17":"tag-news","18":"tag-noticias","19":"tag-noticias-destacadas","20":"tag-noticiasdestacadas","21":"tag-spain","22":"tag-titulares","23":"tag-ultimas-noticias","24":"tag-ultimasnoticias"},"share_on_mastodon":{"url":"https:\/\/pubeurope.com\/@es\/115598506088836054","error":""},"_links":{"self":[{"href":"https:\/\/www.europesays.com\/es\/wp-json\/wp\/v2\/posts\/251217","targetHints":{"allow":["GET"]}}],"collection":[{"href":"https:\/\/www.europesays.com\/es\/wp-json\/wp\/v2\/posts"}],"about":[{"href":"https:\/\/www.europesays.com\/es\/wp-json\/wp\/v2\/types\/post"}],"author":[{"embeddable":true,"href":"https:\/\/www.europesays.com\/es\/wp-json\/wp\/v2\/users\/2"}],"replies":[{"embeddable":true,"href":"https:\/\/www.europesays.com\/es\/wp-json\/wp\/v2\/comments?post=251217"}],"version-history":[{"count":0,"href":"https:\/\/www.europesays.com\/es\/wp-json\/wp\/v2\/posts\/251217\/revisions"}],"wp:featuredmedia":[{"embeddable":true,"href":"https:\/\/www.europesays.com\/es\/wp-json\/wp\/v2\/media\/251218"}],"wp:attachment":[{"href":"https:\/\/www.europesays.com\/es\/wp-json\/wp\/v2\/media?parent=251217"}],"wp:term":[{"taxonomy":"category","embeddable":true,"href":"https:\/\/www.europesays.com\/es\/wp-json\/wp\/v2\/categories?post=251217"},{"taxonomy":"post_tag","embeddable":true,"href":"https:\/\/www.europesays.com\/es\/wp-json\/wp\/v2\/tags?post=251217"}],"curies":[{"name":"wp","href":"https:\/\/api.w.org\/{rel}","templated":true}]}}