{"id":251219,"date":"2025-11-23T10:19:36","date_gmt":"2025-11-23T10:19:36","guid":{"rendered":"https:\/\/www.europesays.com\/es\/251219\/"},"modified":"2025-11-23T10:19:36","modified_gmt":"2025-11-23T10:19:36","slug":"desde-donde-la-metiste-barrenetxea-la-real-sociedad-toma-aire-con-una-obra-de-arte-que-deja-helado-a-el-sadar-futbol","status":"publish","type":"post","link":"https:\/\/www.europesays.com\/es\/251219\/","title":{"rendered":"\u00a1Desde d\u00f3nde la metiste, Barrenetxea! La Real Sociedad toma aire con una obra de arte que deja helado a El Sadar | F\u00fatbol"},"content":{"rendered":"<p>En un complicado inicio de temporada para la Real Sociedad, despu\u00e9s de un cambio de ciclo con la salida del club de Imanol Alguacil, Ander Barrenetxea est\u00e1 siendo el mejor jugador del equipo. La primera victoria del conjunto Txuri-Urdin no lleg\u00f3 hasta la sexta jornada, cuando gan\u00f3 al Mallorca 1-0 en Anoeta. <a href=\"https:\/\/cadenaser.com\/nacional\/2025\/11\/22\/ca-osasuna-real-sociedad-resumen-resultado-y-goles-del-partido-de-la-jornada-13-de-laliga-cadena-ser\/\" target=\"_blank\" rel=\"noreferrer nofollow noopener\" title=\"https:\/\/cadenaser.com\/nacional\/2025\/11\/22\/ca-osasuna-real-sociedad-resumen-resultado-y-goles-del-partido-de-la-jornada-13-de-laliga-cadena-ser\/\">La Real Sociedad gan\u00f3 por tres goles a uno a Osasuna en El Sadar<\/a>. <\/p>\n<p>El t\u00e9cnico elegido para comenzar la nueva etapa en San Sebasti\u00e1n fue Sergio Francisco, alguien que conoce bastante bien el club, pues dirig\u00eda al filial, el Sanse. As\u00ed, las dudas se estaban apoderando de los aficionados. Sin embargo, la Real Sociedad ha enderzado el rumbo de la temporada y ya suma seis partidos consecutivos sin conocer la derrota. La \u00faltima fue ante el Rayo Vallecano el cinco de octubre, por lo que lleva m\u00e1s de un mes sumando, al menos, un punto cada partido. <\/p>\n<p>M\u00e1s informaci\u00f3n<\/p>\n<p>El partido se march\u00f3 al descanso con ventaja para el conjunto rojillo, gracias a una jugada a bal\u00f3n parado. Parec\u00eda que Osasuna ten\u00eda el partido controlado, pero Brais M\u00e9ndez, con cierta fortuna, empat\u00f3 el encuentro. El segundo lleg\u00f3 tras una gran acci\u00f3n del delantero de la selecci\u00f3n espa\u00f1ola, Oyarzabal, que puso en ventaja para que Guedes batiese a Sergio Herrera. <\/p>\n<p>Pero el gol de la jornada, y posiblemente de la temporada, fue obra de Barrenetxea. El extremo de la Real cruzaba la l\u00ednea divisoria y dispar\u00f3 desde el c\u00edrculo central. Vio al portero rojillo adelantado y no fue capaz de detener el disparo del extremo. El jugador donostiarra suma cinco goles generados en las primeras trece jornadas de LaLiga. Desde la llegada de Sergio Francisco su importancia es capital. Se demuestra en que ha disputado minutos en todos lo partidos que ha estado disponible en el campeonato liguero. <\/p>\n<p>La jornada de los golazos<\/p>\n<p>El gol de Barrenetxea no es el \u00fanico del fin de semana que puede optar al premio Pusk\u00e1s. En LaLiga EA Sports, Hugo Duro decidi\u00f3 el derbi valenciano con una chilena. El partido se encaminaba al reparto de puntos, pero en el minuto ochenta, Hugo Duro se invent\u00f3 una genialidad para determinar el encuentro a favor del Valencia. <\/p>\n<p>En LALIGA Hypermotion tambi\u00e9n se vio uno de esos goles que optar\u00e1n al premio de ser el mejor de la temporada. El jugador del Albacete, Jon Morcillo, anot\u00f3 un gol similar al de Barrenetxea. Se qued\u00f3 la pelota muerta tras un rebote en la l\u00ednea del centro del campo y tuvo la idea de disparar a porter\u00eda sin controlar el bal\u00f3n. El guardameta del conjunto canario no fue capaz ni siquera de rozar el bal\u00f3n, pues el disparo parec\u00eda algo ut\u00f3pico. Sin embargo, el gol de Morcillo solo sirvi\u00f3 para los amantes del f\u00fatbol, pues Las Palmas gan\u00f3 por dos goles a uno al Albacete. <\/p>\n","protected":false},"excerpt":{"rendered":"En un complicado inicio de temporada para la Real Sociedad, despu\u00e9s de un cambio de ciclo con la&hellip;\n","protected":false},"author":2,"featured_media":251220,"comment_status":"","ping_status":"","sticky":false,"template":"","format":"standard","meta":{"footnotes":""},"categories":[5],"tags":[17,18,25,24,13,14,11,19,20,9,10,15,16,23,12,21,22],"class_list":{"0":"post-251219","1":"post","2":"type-post","3":"status-publish","4":"format-standard","5":"has-post-thumbnail","7":"category-titulares","8":"tag-breaking-news","9":"tag-breakingnews","10":"tag-es","11":"tag-espana","12":"tag-featured-news","13":"tag-featurednews","14":"tag-headlines","15":"tag-latest-news","16":"tag-latestnews","17":"tag-news","18":"tag-noticias","19":"tag-noticias-destacadas","20":"tag-noticiasdestacadas","21":"tag-spain","22":"tag-titulares","23":"tag-ultimas-noticias","24":"tag-ultimasnoticias"},"share_on_mastodon":{"url":"https:\/\/pubeurope.com\/@es\/115598508919410447","error":""},"_links":{"self":[{"href":"https:\/\/www.europesays.com\/es\/wp-json\/wp\/v2\/posts\/251219","targetHints":{"allow":["GET"]}}],"collection":[{"href":"https:\/\/www.europesays.com\/es\/wp-json\/wp\/v2\/posts"}],"about":[{"href":"https:\/\/www.europesays.com\/es\/wp-json\/wp\/v2\/types\/post"}],"author":[{"embeddable":true,"href":"https:\/\/www.europesays.com\/es\/wp-json\/wp\/v2\/users\/2"}],"replies":[{"embeddable":true,"href":"https:\/\/www.europesays.com\/es\/wp-json\/wp\/v2\/comments?post=251219"}],"version-history":[{"count":0,"href":"https:\/\/www.europesays.com\/es\/wp-json\/wp\/v2\/posts\/251219\/revisions"}],"wp:featuredmedia":[{"embeddable":true,"href":"https:\/\/www.europesays.com\/es\/wp-json\/wp\/v2\/media\/251220"}],"wp:attachment":[{"href":"https:\/\/www.europesays.com\/es\/wp-json\/wp\/v2\/media?parent=251219"}],"wp:term":[{"taxonomy":"category","embeddable":true,"href":"https:\/\/www.europesays.com\/es\/wp-json\/wp\/v2\/categories?post=251219"},{"taxonomy":"post_tag","embeddable":true,"href":"https:\/\/www.europesays.com\/es\/wp-json\/wp\/v2\/tags?post=251219"}],"curies":[{"name":"wp","href":"https:\/\/api.w.org\/{rel}","templated":true}]}}