{"id":251221,"date":"2025-11-23T10:24:17","date_gmt":"2025-11-23T10:24:17","guid":{"rendered":"https:\/\/www.europesays.com\/es\/251221\/"},"modified":"2025-11-23T10:24:17","modified_gmt":"2025-11-23T10:24:17","slug":"cuanto-dinero-se-lleva-el-ganador-de-la-copa-davis-la-millonaria-cifra-que-puede-conseguir-espana","status":"publish","type":"post","link":"https:\/\/www.europesays.com\/es\/251221\/","title":{"rendered":"\u00bfCu\u00e1nto dinero se lleva el ganador de la Copa Davis? La millonaria cifra que puede conseguir Espa\u00f1a"},"content":{"rendered":"<p class=\"\">Este domingo (15:00, <b>#Vamos<\/b>) se disputa la final de la <a href=\"https:\/\/as.com\/noticias\/copa-davis\/\" target=\"_self\" rel=\"nofollow noopener\" title=\"https:\/\/as.com\/noticias\/copa-davis\/\"><b>Copa Davis<\/b><\/a>, <a href=\"https:\/\/as.com\/tenis\/copa_davis\/a-que-hora-es-el-italia-espana-tv-horario-y-como-ver-la-final-de-la-copa-davis-f202511-n\/\" target=\"_self\" rel=\"nofollow noopener\" title=\"https:\/\/as.com\/tenis\/copa_davis\/a-que-hora-es-el-italia-espana-tv-horario-y-como-ver-la-final-de-la-copa-davis-f202511-n\/\">que enfrenta en <b>Bolonia <\/b>a <b>Espa\u00f1a <\/b>y a la anfitriona <b>Italia<\/b><\/a>. Y adem\u00e1s del premio de la famosa <b>Ensaladera<\/b>, el trofeo que <b>Espa\u00f1a <\/b>ha conquistado en seis ocasiones e <b>Italia <\/b>en dos, hay otro de dinero en met\u00e1lico, que sin ser tan suculento como los de los grandes torneos individuales, porque se reparte entre todos los componentes del equipo, no est\u00e1 nada mal.<\/p>\n<p class=\"\">El campe\u00f3n de la edici\u00f3n de 2025 se embolsar\u00e1 dos millones de d\u00f3lares, 1,7 de euros. Mientras que el finalista percibir\u00e1 1,5 millones de d\u00f3lares, 1,3 de euros. <\/p>\n<p>Noticias relacionadas<a href=\"https:\/\/as.com\/tenis\/copa_davis\/a-que-hora-es-el-italia-espana-tv-horario-y-como-ver-la-final-de-la-copa-davis-f202511-n\/\" class=\"s_m_w _rt-16x9\" title=\"La Armada luchar\u00e1 por una nueva Ensaladera ante Italia tras vencer a la Alemania de Alexander Zverev en semifinales.\" data-tb-link=\"\" rel=\"nofollow noopener\" target=\"_blank\"><img decoding=\"async\" src=\"https:\/\/www.europesays.com\/es\/wp-content\/uploads\/2025\/11\/1763893455_319_E5EAY42KPVMSTO2MCXNOWX3G2U.jpg\" alt=\"\u00bfA qu\u00e9 hora es el Italia - Espa\u00f1a? TV, horario y c\u00f3mo ver la final de la Copa Davis\" class=\"\" height=\"9\" width=\"16\"   loading=\"lazy\" data-tb-thumbnail=\"\"\/><\/a><a href=\"https:\/\/as.com\/tenis\/copa_davis\/espana-se-libra-de-la-primera-eliminatoria-de-2026-f202511-n\/\" class=\"s_m_w _rt-16x9\" title=\"Pase lo que pase en la final, la Selecci\u00f3n no tendr\u00e1 que competir en febrero. Entrar\u00e1 directamente en las series de septiembre y jugar\u00e1 en casa.\" data-tb-link=\"\" rel=\"nofollow noopener\" target=\"_blank\"><img decoding=\"async\" src=\"https:\/\/www.europesays.com\/es\/wp-content\/uploads\/2025\/11\/1763893457_242_UC5W2SMMRNOUPNLV4T3U4RWDLA.jpg\" alt=\"Espa\u00f1a se libra de la primera eliminatoria de 2026\" class=\"\" height=\"9\" width=\"16\"   loading=\"lazy\" data-tb-thumbnail=\"\"\/><\/a><\/p>\n<p class=\"\">Solo por participar, las selecciones que fueron eliminadas entre el martes y el jueves en los cuartos de final, percibieron cada una 500.000 d\u00f3lares (434.200 euros). Fueron <b>Francia<\/b>, <b>Argentina<\/b>, <b>Chequia <\/b>y <b>Austria<\/b>. Las que cayeron en semifinales el viernes y el s\u00e1bado, <b>B\u00e9lgica <\/b>y <b>Alemania<\/b>, se fueron para casa con 750.000 d\u00f3lares (651.300). <\/p>\n<p class=\"\"><b>\u00a1Tus opiniones importan!<\/b> Comenta en los art\u00edculos y suscr\u00edbete gratis a nuestra <a href=\"https:\/\/asfan.as.com\/newsletters\/\" target=\"_blank\" rel=\"nofollow noopener\" title=\"https:\/\/asfan.as.com\/newsletters\/\">newsletter<\/a> y a las alertas informativas en la <a href=\"https:\/\/as.com\/aplicacion-de-as-n\/\" target=\"_blank\" rel=\"nofollow noopener\" title=\"https:\/\/as.com\/aplicacion-de-as-n\/\">App<\/a> o el canal de <a href=\"https:\/\/www.whatsapp.com\/channel\/0029VaAasdA7j6g745nz9M10\" target=\"_blank\" rel=\"nofollow noopener\" title=\"https:\/\/www.whatsapp.com\/channel\/0029VaAasdA7j6g745nz9M10\">WhatsApp<\/a>. \u00bfBuscas licenciar contenido? Haz clic <a href=\"https:\/\/profesional.elpais.com\/soluciones-sindicacion?utm_medium=interno&amp;utm_source=crosslinking&amp;utm_campaign=sindicacion_as_pie_articulos\" target=\"_blank\" rel=\"nofollow noopener\" title=\"https:\/\/profesional.elpais.com\/soluciones-sindicacion?utm_medium=interno&amp;utm_source=crosslinking&amp;utm_campaign=sindicacion_as_pie_articulos\">aqu\u00ed<\/a><\/p>\n","protected":false},"excerpt":{"rendered":"Este domingo (15:00, #Vamos) se disputa la final de la Copa Davis, que enfrenta en Bolonia a Espa\u00f1a&hellip;\n","protected":false},"author":2,"featured_media":250265,"comment_status":"","ping_status":"","sticky":false,"template":"","format":"standard","meta":{"footnotes":""},"categories":[274],"tags":[168,25,24,23,167,327,326],"class_list":{"0":"post-251221","1":"post","2":"type-post","3":"status-publish","4":"format-standard","5":"has-post-thumbnail","7":"category-tenis","8":"tag-deportes","9":"tag-es","10":"tag-espana","11":"tag-spain","12":"tag-sports","13":"tag-tenis","14":"tag-tennis"},"share_on_mastodon":{"url":"https:\/\/pubeurope.com\/@es\/115598529366397584","error":""},"_links":{"self":[{"href":"https:\/\/www.europesays.com\/es\/wp-json\/wp\/v2\/posts\/251221","targetHints":{"allow":["GET"]}}],"collection":[{"href":"https:\/\/www.europesays.com\/es\/wp-json\/wp\/v2\/posts"}],"about":[{"href":"https:\/\/www.europesays.com\/es\/wp-json\/wp\/v2\/types\/post"}],"author":[{"embeddable":true,"href":"https:\/\/www.europesays.com\/es\/wp-json\/wp\/v2\/users\/2"}],"replies":[{"embeddable":true,"href":"https:\/\/www.europesays.com\/es\/wp-json\/wp\/v2\/comments?post=251221"}],"version-history":[{"count":0,"href":"https:\/\/www.europesays.com\/es\/wp-json\/wp\/v2\/posts\/251221\/revisions"}],"wp:featuredmedia":[{"embeddable":true,"href":"https:\/\/www.europesays.com\/es\/wp-json\/wp\/v2\/media\/250265"}],"wp:attachment":[{"href":"https:\/\/www.europesays.com\/es\/wp-json\/wp\/v2\/media?parent=251221"}],"wp:term":[{"taxonomy":"category","embeddable":true,"href":"https:\/\/www.europesays.com\/es\/wp-json\/wp\/v2\/categories?post=251221"},{"taxonomy":"post_tag","embeddable":true,"href":"https:\/\/www.europesays.com\/es\/wp-json\/wp\/v2\/tags?post=251221"}],"curies":[{"name":"wp","href":"https:\/\/api.w.org\/{rel}","templated":true}]}}