{"id":251222,"date":"2025-11-23T10:25:10","date_gmt":"2025-11-23T10:25:10","guid":{"rendered":"https:\/\/www.europesays.com\/es\/251222\/"},"modified":"2025-11-23T10:25:10","modified_gmt":"2025-11-23T10:25:10","slug":"un-ano-de-ilustres-retiradas-thomas-bardet-rui-costa-majka-castroviejo","status":"publish","type":"post","link":"https:\/\/www.europesays.com\/es\/251222\/","title":{"rendered":"Un a\u00f1o de ilustres retiradas: Thomas, Bardet, Rui Costa, Majka, Castroviejo&#8230;"},"content":{"rendered":"<p class=\"\"><b>La temporada 2025<\/b> ser\u00e1 eternamente recordada. Por muchas razones. En lo deportivo, por ser uno de los a\u00f1os m\u00e1s prol\u00edficos de la historia de un solo corredor, un <a href=\"https:\/\/as.com\/ciclismo\/mas_ciclismo\/pogacar-un-talento-sobrenatural-f202511-n\/\" target=\"_self\" rel=\"nofollow noopener\" title=\"https:\/\/as.com\/ciclismo\/mas_ciclismo\/pogacar-un-talento-sobrenatural-f202511-n\/\"><b>Tadej Pogacar que defini\u00f3 este como su \u201cmejor a\u00f1o\u201d tras conquistar su cuarto Tour de Francia,<\/b><\/a> tres Monumentos (Flandes, Lieja y Lombard\u00eda) y el Mundial de fondo. Todo ello sin olvidar momentos impactantes, como el <b>vuelco que le dio Simon Yates sobre la bocina a un Giro de Italia<\/b> que ten\u00eda perdido respecto a Isaac del Toro y Richard Carapaz, o el Mundial de contrarreloj en el que Remco Evenepoel dobl\u00f3 al mism\u00edsimo Pogacar.<\/p>\n<p class=\"\">Sin duda, momentos que se han grabado a fuego en la memoria de los aficionados en un curso que tambi\u00e9n estuvo tristemente marcado por lo extradeportivo, en una <a href=\"https:\/\/as.com\/ciclismo\/mas_ciclismo\/landa-es-una-autentica-pena-que-no-haya-vuelta-a-espana-en-gran-canaria-f202511-n\/\" target=\"_self\" rel=\"nofollow noopener\" title=\"https:\/\/as.com\/ciclismo\/mas_ciclismo\/landa-es-una-autentica-pena-que-no-haya-vuelta-a-espana-en-gran-canaria-f202511-n\/\">Vuelta a Espa\u00f1a que se llev\u00f3 la peor parte por el boicot a la carrera debido a la participaci\u00f3n del equipo Israel.<\/a> M\u00e1s all\u00e1, en el aspecto rom\u00e1ntico y al mismo tiempo melanc\u00f3lico de este deporte, el 2025 ha sido un a\u00f1o de <b>retiradas de corredores sumamente ilustres,<\/b> que dejaron su sello a lo largo de sus exitosas carreras.<\/p>\n<p>Noticias relacionadas<\/p>\n<p class=\"\">Entre las despedidas m\u00e1s destacadas (ver tabla), encontramos las de <b>Geraint Thomas,<\/b> todo un ganador del Tour de Francia y doble podio en el Giro; Rui Costa, campe\u00f3n del mundo; <b>Romain Bardet<\/b>, caj\u00f3n en la Grande Boucle; y <b>Rafal Majka, <\/b>uno de los mejores escaladores puros de su generaci\u00f3n y ganador de etapa en Tour y La Vuelta. Tambi\u00e9n dicen adi\u00f3s dos ilustres del pelot\u00f3n espa\u00f1ol, como son <a href=\"https:\/\/as.com\/ciclismo\/mas_ciclismo\/el-ultimo-baile-de-castroviejo-la-decision-esta-tomada-n\/\" target=\"_self\" rel=\"nofollow noopener\" title=\"https:\/\/as.com\/ciclismo\/mas_ciclismo\/el-ultimo-baile-de-castroviejo-la-decision-esta-tomada-n\/\"><b>Jonathan Castroviejo<\/b><\/a> (uno de los mejores contrarrelojistas que ha dado Espa\u00f1a) y <b>Omar Fraile,<\/b> ganador de etapa en Giro y Tour. Queda por ver si el siguiente en dar brillo a esta lista es un <b>Chris Froome<\/b> que a sus 40 a\u00f1os est\u00e1 sin equipo, tras no contar con \u00e9l el <a href=\"https:\/\/as.com\/ciclismo\/mas_ciclismo\/el-israel-ya-tiene-sucesor-el-nsn-de-andres-iniesta-f202511-n\/\" target=\"_self\" rel=\"nofollow noopener\" title=\"https:\/\/as.com\/ciclismo\/mas_ciclismo\/el-israel-ya-tiene-sucesor-el-nsn-de-andres-iniesta-f202511-n\/\"><b>nuevo proyecto del NSN Cycling Team,<\/b><\/a> y con su futuro en el aire. Por ahora, el brit\u00e1nico guarda silencio&#8230;<\/p>\n<p><a title=\"Retiradas m\u00e1s destacadas en 2025\" href=\"\" rel=\"\">Retiradas m\u00e1s destacadas en 2025<\/a><\/p>\n<ol>\n<li data-list=\"bullet\">Geraint Thomas (GBr) &#8211; 39 a\u00f1os<\/li>\n<li data-list=\"bullet\">Caleb Ewan (AUS) &#8211; 30<\/li>\n<li data-list=\"bullet\">Romain Bardet (FRA) &#8211; 34<\/li>\n<li data-list=\"bullet\">Louis Meintjes (SUS) &#8211; 33<\/li>\n<li data-list=\"bullet\">Alessandro de Marchi (ITA) &#8211; 39<\/li>\n<li data-list=\"bullet\">Rafal Majka (POL) &#8211; 36<\/li>\n<li data-list=\"bullet\"><strong>Omar Fraile<\/strong> &#8211; 35<\/li>\n<li data-list=\"bullet\">Arnaud D\u00e9mare (FRA) &#8211; 34<\/li>\n<li data-list=\"bullet\">Tim Declercq (B\u00c9L) &#8211; 36<\/li>\n<li data-list=\"bullet\">Rui Costa (POR) &#8211; 39<\/li>\n<li data-list=\"bullet\"><strong>Jonathan Castroviejo<\/strong> &#8211; 39<\/li>\n<\/ol>\n<p class=\"\"><b>\u00a1Tus opiniones importan!<\/b> Comenta en los art\u00edculos y suscr\u00edbete gratis a nuestra <a href=\"https:\/\/asfan.as.com\/newsletters\/\" target=\"_blank\" rel=\"nofollow noopener\" title=\"https:\/\/asfan.as.com\/newsletters\/\">newsletter<\/a> y a las alertas informativas en la <a href=\"https:\/\/as.com\/aplicacion-de-as-n\/\" target=\"_blank\" rel=\"nofollow noopener\" title=\"https:\/\/as.com\/aplicacion-de-as-n\/\">App<\/a> o el canal de <a href=\"https:\/\/www.whatsapp.com\/channel\/0029VaAasdA7j6g745nz9M10\" target=\"_blank\" rel=\"nofollow noopener\" title=\"https:\/\/www.whatsapp.com\/channel\/0029VaAasdA7j6g745nz9M10\">WhatsApp<\/a>. \u00bfBuscas licenciar contenido? Haz clic <a href=\"https:\/\/profesional.elpais.com\/soluciones-sindicacion?utm_medium=interno&amp;utm_source=crosslinking&amp;utm_campaign=sindicacion_as_pie_articulos\" target=\"_blank\" rel=\"nofollow noopener\" title=\"https:\/\/profesional.elpais.com\/soluciones-sindicacion?utm_medium=interno&amp;utm_source=crosslinking&amp;utm_campaign=sindicacion_as_pie_articulos\">aqu\u00ed<\/a><\/p>\n","protected":false},"excerpt":{"rendered":"La temporada 2025 ser\u00e1 eternamente recordada. Por muchas razones. En lo deportivo, por ser uno de los a\u00f1os&hellip;\n","protected":false},"author":2,"featured_media":251223,"comment_status":"","ping_status":"","sticky":false,"template":"","format":"standard","meta":{"footnotes":""},"categories":[273],"tags":[313,312,168,25,24,23,167],"class_list":{"0":"post-251222","1":"post","2":"type-post","3":"status-publish","4":"format-standard","5":"has-post-thumbnail","7":"category-ciclismo","8":"tag-ciclismo","9":"tag-cycling","10":"tag-deportes","11":"tag-es","12":"tag-espana","13":"tag-spain","14":"tag-sports"},"share_on_mastodon":{"url":"https:\/\/pubeurope.com\/@es\/115598532523362734","error":""},"_links":{"self":[{"href":"https:\/\/www.europesays.com\/es\/wp-json\/wp\/v2\/posts\/251222","targetHints":{"allow":["GET"]}}],"collection":[{"href":"https:\/\/www.europesays.com\/es\/wp-json\/wp\/v2\/posts"}],"about":[{"href":"https:\/\/www.europesays.com\/es\/wp-json\/wp\/v2\/types\/post"}],"author":[{"embeddable":true,"href":"https:\/\/www.europesays.com\/es\/wp-json\/wp\/v2\/users\/2"}],"replies":[{"embeddable":true,"href":"https:\/\/www.europesays.com\/es\/wp-json\/wp\/v2\/comments?post=251222"}],"version-history":[{"count":0,"href":"https:\/\/www.europesays.com\/es\/wp-json\/wp\/v2\/posts\/251222\/revisions"}],"wp:featuredmedia":[{"embeddable":true,"href":"https:\/\/www.europesays.com\/es\/wp-json\/wp\/v2\/media\/251223"}],"wp:attachment":[{"href":"https:\/\/www.europesays.com\/es\/wp-json\/wp\/v2\/media?parent=251222"}],"wp:term":[{"taxonomy":"category","embeddable":true,"href":"https:\/\/www.europesays.com\/es\/wp-json\/wp\/v2\/categories?post=251222"},{"taxonomy":"post_tag","embeddable":true,"href":"https:\/\/www.europesays.com\/es\/wp-json\/wp\/v2\/tags?post=251222"}],"curies":[{"name":"wp","href":"https:\/\/api.w.org\/{rel}","templated":true}]}}