{"id":251224,"date":"2025-11-23T10:27:10","date_gmt":"2025-11-23T10:27:10","guid":{"rendered":"https:\/\/www.europesays.com\/es\/251224\/"},"modified":"2025-11-23T10:27:10","modified_gmt":"2025-11-23T10:27:10","slug":"no-puedo-estar-mas-contento-lo-que-hemos-conseguido-me-parece-tremendo","status":"publish","type":"post","link":"https:\/\/www.europesays.com\/es\/251224\/","title":{"rendered":"No puedo estar m\u00e1s contento, lo que hemos conseguido me parece tremendo"},"content":{"rendered":"<p class=\"paragraph-atom &#10;        A-500-300-700-N A-550-300-700-N--md  \"><strong>LO QUE NO SE VE. <\/strong>Yo soy la cara visible, pero s\u00e9 perfectamente todo lo que hay detr\u00e1s. Y hoy habr\u00eda mucha, mucha gente que podr\u00eda estar aqu\u00ed y a los que hay que dar el agradecimiento para algo que hemos conseguido en los \u00faltimos siete d\u00edas, que me parece tremendo. Est\u00e1 mal que lo diga yo, pero me parece tremendo. En el deporte profesional hoy en d\u00eda, en el baloncesto, estar con ocho fichas del primer equipo, m\u00e1s Ant\u00f3n, que nos ha ayudado, en condiciones normales, te aboca a la derrota casi segura. Entonces hoy me acuerdo de todas las personas que nos ayudan a entrenar, de Ant\u00f3n, de Dar\u00edo, de Octavio, de Rub\u00e9n, de Carlos, de c\u00f3mo nos ayudan cada d\u00eda para conseguir que los que juegan brillen un d\u00eda como hoy. Me acuerdo mucho de Nico y de Sebas. Tenemos un preparador y un f\u00edsio que son extraordinarios. Conseguir que en una semana como esta hayan llegado los jugadores en la mejor manera que pod\u00edan llegar a este partido me ha puesto f\u00e1cil el poder tirar de ellos y el tener las rotaciones que pod\u00edamos querer. Me acuerdo de Kike y de Nacho, que son gerentes que han pasado por una \u00e9poca un poco fastidiada y que seguro que una alegr\u00eda de estas les viene bien. Me acuerdo de la afici\u00f3n. Yo dec\u00eda en la previa que la afici\u00f3n nos ten\u00eda que empujar y vaya si ha empujado.<\/p>\n<p class=\"paragraph-atom &#10;        A-500-300-700-N A-550-300-700-N--md  \"><strong>NO NORMALIZAR. <\/strong>Quiero decir bien alto que las cosas no hay que normalizarlas. Somos una ciudad muy peque\u00f1a, con los recursos que tenemos, estamos jugando en una de las mejores ligas de Europa y a d\u00eda de hoy vamos 5-4 con los condicionantes que hemos tenido. Y parece que hay veces que los entrenadores tenemos la sensaci\u00f3n de que cuando se gana es porque ha habido alguna raz\u00f3n. Gipuzkoa por lo que parece deb\u00edan de ser muy malos el otro d\u00eda, pero resulta que hoy ganan en Fuenlabrada. Entonces a lo mejor no eran tan malos y a lo mejor s\u00ed que ten\u00edan m\u00e9rito o tuvo mucho m\u00e9rito, en mi opini\u00f3n, lo que hicieron los jugadores. Pero los jugadores han hecho algo que es muy complicado de hacer y es que despu\u00e9s de una gran actuaci\u00f3n individual y conjunta han vuelto a hacer otra. Y normalmente los equipos, el recuerdo anterior te hace a lo mejor confiarte entre comillas y hoy han tenido que hacer un partido extraordinario todos y cada uno de los integrantes de la plantilla. Entonces eso es lo que me viene a la cabeza ahora mismo.<\/p>\n<p class=\"paragraph-atom &#10;        A-500-300-700-N A-550-300-700-N--md  \"><strong>PARTIDO. <\/strong>Del partido, creo que la clave ha sido la defensa, especialmente la defensa en la segunda parte. Es decir, ha habido un rato que, al menos desde mi posici\u00f3n, la sensaci\u00f3n era que Cartagena no pod\u00eda meter canasta f\u00e1cil, que por una raz\u00f3n o por otra siempre hab\u00eda alguien con camiseta azul que estaba haciendo todo lo posible para evitar que metiesen f\u00e1cil y eso nos ha permitido en ataque que nuestros jugadores m\u00e1s acertados, Peris o Colby, o a ratos Stirmir o \u00c1lvaro, o quien fuese, se sintiesen con la confianza de poder atacar sabiendo que en defensa est\u00e1bamos en un momento dulce. <\/p>\n<p class=\"paragraph-atom &#10;        A-500-300-700-N A-550-300-700-N--md  \"><strong>DIFERENCIAS PARTIDO GUIPUZKOA Y CARTAGENA. <\/strong>Qu\u00e9 duda cabe que no es lo mismo jugar delante de tu p\u00fablico que fuera de casa. Y tambi\u00e9n es verdad que Cartagena viene en una situaci\u00f3n muy complicada. Es decir, el deporte es un estado de \u00e1nimo, el deporte colectivo. Cuando t\u00fa vienes con cinco derrotas con un jugador muy importante para la categor\u00eda que acaba de aterrizar que no sab\u00edan hasta unas horas antes si iba a jugar o no, el Super Manager. Y esto es muy complicado, esto es muy complejo. Entonces, bueno, la verdad es que no puedo estar m\u00e1s contento. <\/p>\n<p class=\"paragraph-atom &#10;        A-500-300-700-N A-550-300-700-N--md  \"><strong>GRUPO. <\/strong>Yo creo que cuando diriges un grupo una de las mejores cosas que te puede pasar es que todos se sientan importantes dentro del grupo. Que a lo largo de la temporada todos tengan la sensaci\u00f3n de que contribuyen al \u00e9xito colectivo. Porque todos tenemos en un momento en el que nos faltan hoy por lesi\u00f3n tres jugadores important\u00edsimos, pues el resto del equipo creo que ha dado no uno, sino tres pasos adelante en estas dos jornadas y hemos conseguido sacar dos victorias que son un tesoro para nosotros ahora mismo. Para enfocar ahora las ventanas con la tranquilidad, entre comillas, de poder intentar recuperar efectivos de la mejor manera posible.<\/p>\n<p class=\"paragraph-atom &#10;        A-500-300-700-N A-550-300-700-N--md  \"><strong>CANTERANOS. <\/strong>Bueno, qu\u00e9 os voy a decir, es que est\u00e1 genial, es que se lo ganan, creo que es el trabajo del club durante muchos a\u00f1os que permite que aunque ellos hoy no sean jugadores de Primera FEB porque no tienen el nivel hoy para jugar en Primera FEB, pero que nos ayuden en los entrenamientos y es una experiencia que se la van a llevar ya con ellos y no se la quita nadie y estoy tremendamente contento de que la puedan haber tenido. Pero claro, la sensaci\u00f3n era que hay mucha diferencia y ahora les toca trabajar y ver si en un futuro tienen capacidad para estar en este nivel de manera continuada.<\/p>\n","protected":false},"excerpt":{"rendered":"LO QUE NO SE VE. Yo soy la cara visible, pero s\u00e9 perfectamente todo lo que hay detr\u00e1s.&hellip;\n","protected":false},"author":2,"featured_media":251225,"comment_status":"","ping_status":"","sticky":false,"template":"","format":"standard","meta":{"footnotes":""},"categories":[269],"tags":[299,298,18684,168,25,24,7511,4504,689,63634,23,167],"class_list":{"0":"post-251224","1":"post","2":"type-post","3":"status-publish","4":"format-standard","5":"has-post-thumbnail","7":"category-baloncesto","8":"tag-baloncesto","9":"tag-basketball","10":"tag-contento","11":"tag-deportes","12":"tag-es","13":"tag-espana","14":"tag-hemos","15":"tag-hernandez","16":"tag-no","17":"tag-saulo","18":"tag-spain","19":"tag-sports"},"share_on_mastodon":{"url":"https:\/\/pubeurope.com\/@es\/115598540496480581","error":""},"_links":{"self":[{"href":"https:\/\/www.europesays.com\/es\/wp-json\/wp\/v2\/posts\/251224","targetHints":{"allow":["GET"]}}],"collection":[{"href":"https:\/\/www.europesays.com\/es\/wp-json\/wp\/v2\/posts"}],"about":[{"href":"https:\/\/www.europesays.com\/es\/wp-json\/wp\/v2\/types\/post"}],"author":[{"embeddable":true,"href":"https:\/\/www.europesays.com\/es\/wp-json\/wp\/v2\/users\/2"}],"replies":[{"embeddable":true,"href":"https:\/\/www.europesays.com\/es\/wp-json\/wp\/v2\/comments?post=251224"}],"version-history":[{"count":0,"href":"https:\/\/www.europesays.com\/es\/wp-json\/wp\/v2\/posts\/251224\/revisions"}],"wp:featuredmedia":[{"embeddable":true,"href":"https:\/\/www.europesays.com\/es\/wp-json\/wp\/v2\/media\/251225"}],"wp:attachment":[{"href":"https:\/\/www.europesays.com\/es\/wp-json\/wp\/v2\/media?parent=251224"}],"wp:term":[{"taxonomy":"category","embeddable":true,"href":"https:\/\/www.europesays.com\/es\/wp-json\/wp\/v2\/categories?post=251224"},{"taxonomy":"post_tag","embeddable":true,"href":"https:\/\/www.europesays.com\/es\/wp-json\/wp\/v2\/tags?post=251224"}],"curies":[{"name":"wp","href":"https:\/\/api.w.org\/{rel}","templated":true}]}}