{"id":251226,"date":"2025-11-23T10:28:10","date_gmt":"2025-11-23T10:28:10","guid":{"rendered":"https:\/\/www.europesays.com\/es\/251226\/"},"modified":"2025-11-23T10:28:10","modified_gmt":"2025-11-23T10:28:10","slug":"stuart-hunt-es-la-sorpresa-del-nuevo-consejo-del-espanyol-de-pace-2","status":"publish","type":"post","link":"https:\/\/www.europesays.com\/es\/251226\/","title":{"rendered":"Stuart Hunt es la sorpresa del nuevo consejo del Espanyol de Pace"},"content":{"rendered":"<p>El pr\u00f3ximo martes tendr\u00e1 lugar la Junta de Accionistas del <strong>Espanyol<\/strong>, la primera que estar\u00e1 presidida por <strong>Alan Pace <\/strong>tras asumir el control del club. Tal como se hab\u00eda adelantado en las \u00faltimas semanas, el nuevo Consejo de Administraci\u00f3n contar\u00e1 con una composici\u00f3n reducida. Este s\u00e1bado, el diario <a href=\"https:\/\/as.com\/futbol\/primera\/el-espanyol-tendra-un-nuevo-consejero-inesperado-stuart-hunt-f202511-n\/\" rel=\"nofollow noopener\" target=\"_blank\">AS<\/a> confirm\u00f3 que la c\u00fapula blanquiazul estar\u00e1 integrada por cinco miembros.<\/p>\n<p>Adem\u00e1s del propio <strong>Pace<\/strong>, formar\u00e1n parte del \u00f3rgano rector del club perico, <strong>Mao Ye<\/strong>, quien seguir\u00e1 siendo CEO espanyolista, <strong>Antonio D\u00e1vila<\/strong>, <strong>Rafa Mara\u00f1\u00f3n <\/strong>y <strong>Stuart Hunt<\/strong>, socio destacado de <strong>ALK Capital<\/strong>. Hasta ahora, <strong>Hunt<\/strong> hab\u00eda estado al frente de las operaciones comerciales del club ingl\u00e9s vinculado al fondo.<\/p>\n<p>Durante la Junta, se prev\u00e9 que <strong>Pace<\/strong> detalle las responsabilidades que asumir\u00e1 <strong>Hunt<\/strong> dentro de la estructura del <strong>Espanyol<\/strong>, un movimiento que podr\u00eda marcar el inicio de una nueva etapa en la direcci\u00f3n estrat\u00e9gica de la entidad.<\/p>\n","protected":false},"excerpt":{"rendered":"El pr\u00f3ximo martes tendr\u00e1 lugar la Junta de Accionistas del Espanyol, la primera que estar\u00e1 presidida por Alan&hellip;\n","protected":false},"author":2,"featured_media":250427,"comment_status":"","ping_status":"","sticky":false,"template":"","format":"standard","meta":{"footnotes":""},"categories":[268],"tags":[168,25,24,280,282,281,23,167],"class_list":{"0":"post-251226","1":"post","2":"type-post","3":"status-publish","4":"format-standard","5":"has-post-thumbnail","7":"category-futbol","8":"tag-deportes","9":"tag-es","10":"tag-espana","11":"tag-football","12":"tag-futbol","13":"tag-soccer","14":"tag-spain","15":"tag-sports"},"share_on_mastodon":{"url":"https:\/\/pubeurope.com\/@es\/115598544534812802","error":""},"_links":{"self":[{"href":"https:\/\/www.europesays.com\/es\/wp-json\/wp\/v2\/posts\/251226","targetHints":{"allow":["GET"]}}],"collection":[{"href":"https:\/\/www.europesays.com\/es\/wp-json\/wp\/v2\/posts"}],"about":[{"href":"https:\/\/www.europesays.com\/es\/wp-json\/wp\/v2\/types\/post"}],"author":[{"embeddable":true,"href":"https:\/\/www.europesays.com\/es\/wp-json\/wp\/v2\/users\/2"}],"replies":[{"embeddable":true,"href":"https:\/\/www.europesays.com\/es\/wp-json\/wp\/v2\/comments?post=251226"}],"version-history":[{"count":0,"href":"https:\/\/www.europesays.com\/es\/wp-json\/wp\/v2\/posts\/251226\/revisions"}],"wp:featuredmedia":[{"embeddable":true,"href":"https:\/\/www.europesays.com\/es\/wp-json\/wp\/v2\/media\/250427"}],"wp:attachment":[{"href":"https:\/\/www.europesays.com\/es\/wp-json\/wp\/v2\/media?parent=251226"}],"wp:term":[{"taxonomy":"category","embeddable":true,"href":"https:\/\/www.europesays.com\/es\/wp-json\/wp\/v2\/categories?post=251226"},{"taxonomy":"post_tag","embeddable":true,"href":"https:\/\/www.europesays.com\/es\/wp-json\/wp\/v2\/tags?post=251226"}],"curies":[{"name":"wp","href":"https:\/\/api.w.org\/{rel}","templated":true}]}}