{"id":251229,"date":"2025-11-23T10:30:11","date_gmt":"2025-11-23T10:30:11","guid":{"rendered":"https:\/\/www.europesays.com\/es\/251229\/"},"modified":"2025-11-23T10:30:11","modified_gmt":"2025-11-23T10:30:11","slug":"arte-urbano-eliminado-de-golpe-y-brochazo","status":"publish","type":"post","link":"https:\/\/www.europesays.com\/es\/251229\/","title":{"rendered":"Arte urbano eliminado de golpe y brochazo"},"content":{"rendered":"<p class=\"paragraph\">El valor art\u00edstico del <b>grafiti <\/b>se impuso hace tiempo a los prejuicios. Hasta el punto de que muchos ayuntamientos decidiesen promover el embellecimiento de espacios urbanos concediendo permisos e incluso por encargo. Lejos de ser una excepci\u00f3n, <b>Burgos <\/b>lleva dos d\u00e9cadas favoreciendo esta pr\u00e1ctica y multitud de escritores han plasmado su impronta en paredes sin vida. Todo perfecto hasta que varios de estos murales, autorizados en su d\u00eda por la <b>Concejal\u00eda de Juventud<\/b>, han desaparecido de manera sorpresiva.<\/p>\n<p class=\"paragraph\">\u00abBlanquearon uno y pensamos que igual se hab\u00eda deteriorado por la lluvia\u00bb, relata <b>Javier <\/b>(nombre ficticio), artista urbano con amplia experiencia en el mundo del grafiti. Al poco, tanto \u00e9l como muchos otros compa\u00f1eros se percataron de que no se trataba de un caso puntual. Desde hace un par de meses, que sepan, se han borrado murales en <b>Pisones<\/b>, en la <b>calle Duero<\/b>, otro en <b>El Crucero<\/b>&#8230;<\/p>\n<p class=\"paragraph\">\u00abNos sorprende que est\u00e9n pintando en zonas donde se ha dado permiso recientemente\u00bb, advierte al recordar que, el pasado mes de junio, se organiz\u00f3 una gran quedada en Pisones para realizar un mural en homenaje a las<b> fiestas de Burgos<\/b>. Aparte de grafiteros locales, tambi\u00e9n se apunt\u00f3 \u00abgente de otras ciudades\u00bb. Con el benepl\u00e1cito del <b>Ayuntamiento <\/b>y con la esperanza de que no lo borrasen sin motivo aparente como el a\u00f1o anterior.<\/p>\n<p class=\"c-detail__cite full \">\n<p>El Ayuntamiento est\u00e1 trabajando en la elaboraci\u00f3n de un \u00ablistado de muros disponibles\u00bb<\/p>\n<p class=\"paragraph\">Despu\u00e9s de preguntar en Juventud, donde se quedaron\u00a0\u00abestupefactos\u00bb, los artistas afectados han podido confirmar que la limpieza se llev\u00f3 a cabo por personal de <b>Urbaser<\/b>. Desconocen las causas al tratarse de obras art\u00edsticas<b> \u00aben perfecto estado\u00bb<\/b>. Y siempre cumplen la condici\u00f3n que se les exige cuando obtienen la autorizaci\u00f3n: \u00abno tener carga pol\u00edtica ni im\u00e1genes que puedan herir la sensibilidad de alguien\u00bb.<\/p>\n<p class=\"paragraph\">Pendiente de recabar m\u00e1s informaci\u00f3n al respecto, el concejal de Medio Ambiente y Juventud, <b>Carlos Ni\u00f1o<\/b>, asegura que \u00abalgunos se han vandalizado y no se pueden recuperar\u00bb. Por otro lado, se\u00f1ala que el Ayuntamiento se encuentra inmerso en una <b>nueva campa\u00f1a de limpieza <\/b>con el objetivo de \u00ablimpiar y hacer murales\u00bb. En paralelo, se est\u00e1 trabajando en la elaboraci\u00f3n de un <b>\u00ablistado de muros disponibles\u00bb<\/b> para incentivar el arte urbano y tratar de reducir el vandalismo en la medida de lo posible.<\/p>\n<p class=\"c-detail__cite full \">\n<p>Un escritor puede destinar, tranquilamente, \u00ab200 euros en pintura para una pieza a todo color y 20 o 30 horas de trabajo\u00bb<\/p>\n<p class=\"paragraph\"><b>\u00abLos escritores de grafiti nos respetamos bastante en esta ciudad\u00bb<\/b>, aduce Juan. Una cosa son las pintadas y otra bien distinta corromper el arte ajeno. Dicho de otra forma:<b> \u00abno somos carne de vandalismo entre nosotros\u00bb<\/b>.  Aparte, un mural de gran tama\u00f1o conlleva tiempo y dinero. A veces sufragado por negocios privados, comunidades de vecinos o el propio Ayuntamiento. En infinidad de ocasiones, a cuenta del propio autor. Y ojo, porque podemos estar hablando de<b> \u00ab200 euros en pintura para una pieza a todo color y 20 o 30 horas de trabajo\u00bb<\/b>.<\/p>\n<p class=\"paragraph\">Juan considera que \u00abse ha seguido una pol\u00edtica correcta al poner en valor el espacio urbano para los artistas\u00bb. Lo que no le parece de recibo es que se borren murales de golpe y brochazo sin venir a cuento. Adem\u00e1s, el remedio acaba siendo peor que la enfermedad porque <b>\u00abcuando blanqueas la gente sale r\u00e1pidamente a hacer piezas\u00bb<\/b>. Y no es lo mismo hacer las cosas bien, con calma, que \u00abgastarse 30 euros en seis botes, hacer una pieza en 15 minutos y huir\u00bb.<\/p>\n<p class=\"c-detail__cite full \">\n<p>\u00abEn los patios de los colegios hay cada vez m\u00e1s grafitis porque la gente ya no tiene miedo a que los chavales cojan un espray\u00bb<\/p>\n<p class=\"paragraph\">Gracias al empe\u00f1o de los escritores locales, la perspectiva social sobre el grafiti ha cambiado sobremanera durante los \u00faltimos a\u00f1os. <b>\u00abHa arraigado en la ciudad, la gente no lo ve como algo negativo\u00bb<\/b>, remarca Juan a sabiendas de que, con el paso del tiempo, han proliferado numerosos talleres y actividades relacionadas con este elemento indispensable de la cultura <b>Hip Hop<\/b>.<\/p>\n<p class=\"paragraph\">Poco a poco, el movimiento \u00abse ha ido expandiendo\u00bb. Tanto que <b>\u00aben los patios de los colegios hay cada vez m\u00e1s grafitis porque la gente ya no tiene miedo a que los chavales cojan un espray\u00bb<\/b>. De hecho, ni la <b>Polic\u00eda <\/b>se sorprende cuando ve a un artista, con sus aerosoles y la escalera en plena faena, porque salta a la vista que lo suyo no es vandalismo sino un regalo visual para la ciudad.<\/p>\n","protected":false},"excerpt":{"rendered":"El valor art\u00edstico del grafiti se impuso hace tiempo a los prejuicios. Hasta el punto de que muchos&hellip;\n","protected":false},"author":2,"featured_media":251230,"comment_status":"","ping_status":"","sticky":false,"template":"","format":"standard","meta":{"footnotes":""},"categories":[173],"tags":[229,11435,233,231,230,31986,232,234,146,147,25,24,22100,6850,6688,63637,63638,23,63639],"class_list":{"0":"post-251229","1":"post","2":"type-post","3":"status-publish","4":"format-standard","5":"has-post-thumbnail","7":"category-arte-y-diseno","8":"tag-arte","9":"tag-arte-urbano","10":"tag-arte-y-diseno","11":"tag-arts","12":"tag-arts-and-design","13":"tag-ayuntamiento-de-burgos","14":"tag-design","15":"tag-diseno","16":"tag-entertainment","17":"tag-entretenimiento","18":"tag-es","19":"tag-espana","20":"tag-grafitis","21":"tag-juventud","22":"tag-medio-ambiente","23":"tag-paseo-de-los-pisones","24":"tag-servicio-de-limpieza","25":"tag-spain","26":"tag-urbaser"},"share_on_mastodon":{"url":"https:\/\/pubeurope.com\/@es\/115598552189543467","error":""},"_links":{"self":[{"href":"https:\/\/www.europesays.com\/es\/wp-json\/wp\/v2\/posts\/251229","targetHints":{"allow":["GET"]}}],"collection":[{"href":"https:\/\/www.europesays.com\/es\/wp-json\/wp\/v2\/posts"}],"about":[{"href":"https:\/\/www.europesays.com\/es\/wp-json\/wp\/v2\/types\/post"}],"author":[{"embeddable":true,"href":"https:\/\/www.europesays.com\/es\/wp-json\/wp\/v2\/users\/2"}],"replies":[{"embeddable":true,"href":"https:\/\/www.europesays.com\/es\/wp-json\/wp\/v2\/comments?post=251229"}],"version-history":[{"count":0,"href":"https:\/\/www.europesays.com\/es\/wp-json\/wp\/v2\/posts\/251229\/revisions"}],"wp:featuredmedia":[{"embeddable":true,"href":"https:\/\/www.europesays.com\/es\/wp-json\/wp\/v2\/media\/251230"}],"wp:attachment":[{"href":"https:\/\/www.europesays.com\/es\/wp-json\/wp\/v2\/media?parent=251229"}],"wp:term":[{"taxonomy":"category","embeddable":true,"href":"https:\/\/www.europesays.com\/es\/wp-json\/wp\/v2\/categories?post=251229"},{"taxonomy":"post_tag","embeddable":true,"href":"https:\/\/www.europesays.com\/es\/wp-json\/wp\/v2\/tags?post=251229"}],"curies":[{"name":"wp","href":"https:\/\/api.w.org\/{rel}","templated":true}]}}