{"id":251232,"date":"2025-11-23T10:34:39","date_gmt":"2025-11-23T10:34:39","guid":{"rendered":"https:\/\/www.europesays.com\/es\/251232\/"},"modified":"2025-11-23T10:34:39","modified_gmt":"2025-11-23T10:34:39","slug":"el-estreno-de-la-bala-llena-el-cine-de-penaranda","status":"publish","type":"post","link":"https:\/\/www.europesays.com\/es\/251232\/","title":{"rendered":"El estreno de &#8216;La bala&#8217; llena el cine de Pe\u00f1aranda"},"content":{"rendered":"<p><a class=\"v-mdl-ath__fig-a\" href=\"https:\/\/www.lagacetadesalamanca.es\/autor\/jorge-holguera-illera-6120.html\" title=\"Jorge Holguera Illera\" rel=\"nofollow noopener\" target=\"_blank\"><br \/>\n<img decoding=\"async\" class=\"v-mdl-ath__img\" src=\"https:\/\/www.europesays.com\/es\/wp-content\/uploads\/2025\/09\/autor-6120-foto-3.png\" alt=\"Jorge Holguera Illera\"\/><br \/>\n<\/a><\/p>\n<p class=\"v-mdl-ath__p v-mdl-ath__p--6\">\nS\u00e1bado, 22 de noviembre 2025, 22:30<\/p>\n<p class=\"v-p\">El estreno de <strong>La bala<\/strong>, con la presentaci\u00f3n por parte de su director, <strong>Carlos Iglesias<\/strong>, llen\u00f3 este s\u00e1bado el <strong>Teatro-Cine Calder\u00f3n de Pe\u00f1aranda de Bracamonte<\/strong>.<\/p>\n<p class=\"v-p\">El director, actor y guionista quiso hacer una introducci\u00f3n reivindicativa. \u00abLa pel\u00edcula pretende claramente crear una sensibilidad con respecto a esas fosas comunes que tenemos en toda <strong>Espa\u00f1a<\/strong>, hasta el presente 6.000, con m\u00e1s de 168.000 personas dentro. Por favor, recuperemos esos cuerpos, d\u00e9mosles la dignidad que se merecen, la que quieran darle sus familiares\u00bb, pidi\u00f3 el director y actor madrile\u00f1o.<\/p>\n<p class=\"v-p\">A su vez, Carlos Iglesias record\u00f3 la dificultad que le supuso dar vida a este largometraje debido al tiempo de pandemia y a los conflictos b\u00e9licos. \u00abHa costado mucho porque \u00edbamos a ir a rodar a <strong>Rusia<\/strong>; empez\u00f3 la guerra en <strong>Ucrania<\/strong> y no pudimos ir tampoco\u00bb, a\u00f1adi\u00f3.<\/p>\n<p class=\"v-p\">El director afirm\u00f3 que este estreno ha sido el que m\u00e1s satisfacciones le ha dado despu\u00e9s de <strong>Un franco, 14 pesetas<\/strong>. \u00abQuinientas personas aplaudiendo la pel\u00edcula durante cuatro minutos y medio de pie\u00bb, manifest\u00f3.<\/p>\n<p class=\"v-p\">\u00abYa la han visto m\u00e1s de 1.800 personas entre el estreno, un pase en Manzanares y otro en la <strong>Filmoteca de Albacete<\/strong>\u00bb, indic\u00f3.<\/p>\n<p class=\"v-p\">Adem\u00e1s del p\u00fablico pe\u00f1arandino y de la comarca, se cont\u00f3 con numerosas personas que aseguraban haber participado como figurantes, ya que la pel\u00edcula fue filmada en <strong>Ciudad Rodrigo<\/strong> y otros lugares de la provincia.<\/p>\n<p><img decoding=\"async\" loading=\"lazy\" src=\"https:\/\/www.europesays.com\/es\/wp-content\/uploads\/2025\/11\/20251122-0161penaranda_cine_labala_jhi.jpg\" class=\"v-a-img\" width=\"720\" height=\"540\" alt=\"El estreno de 'La bala' llena el cine de Pe\u00f1aranda\"\/><\/p>\n<p><img decoding=\"async\" loading=\"lazy\" src=\"https:\/\/www.europesays.com\/es\/wp-content\/uploads\/2025\/11\/20251122-0161penaranda_cine_labala_jhi.jpg\" class=\"v-mdl__img-z\" width=\"720\" height=\"540\" alt=\"El estreno de 'La bala' llena el cine de Pe\u00f1aranda\"\/><\/p>\n<p><img loading=\"lazy\" decoding=\"async\" src=\"https:\/\/www.europesays.com\/es\/wp-content\/uploads\/2025\/11\/20251122-0161penaranda_cine_labala_jhi.jpg\" class=\"v-mdl__img-z\" width=\"720\" height=\"540\" alt=\"El estreno de 'La bala' llena el cine de Pe\u00f1aranda\"\/><\/p>\n<p><img decoding=\"async\" loading=\"lazy\" src=\"https:\/\/www.europesays.com\/es\/wp-content\/uploads\/2025\/11\/20251122-002penaranda_cine_labala_jhi.JPG\" class=\"v-a-img\" width=\"720\" height=\"540\" alt=\"El estreno de 'La bala' llena el cine de Pe\u00f1aranda\"\/><\/p>\n<p><img decoding=\"async\" loading=\"lazy\" src=\"https:\/\/www.europesays.com\/es\/wp-content\/uploads\/2025\/11\/20251122-002penaranda_cine_labala_jhi.JPG\" class=\"v-mdl__img-z\" width=\"720\" height=\"540\" alt=\"El estreno de 'La bala' llena el cine de Pe\u00f1aranda\"\/><\/p>\n<p><img loading=\"lazy\" decoding=\"async\" src=\"https:\/\/www.europesays.com\/es\/wp-content\/uploads\/2025\/11\/20251122-002penaranda_cine_labala_jhi.JPG\" class=\"v-mdl__img-z\" width=\"720\" height=\"540\" alt=\"El estreno de 'La bala' llena el cine de Pe\u00f1aranda\"\/><\/p>\n<p><img decoding=\"async\" loading=\"lazy\" src=\"https:\/\/www.europesays.com\/es\/wp-content\/uploads\/2025\/11\/20251122-004penaranda_cine_labala_jhi.JPG\" class=\"v-a-img\" width=\"720\" height=\"540\" alt=\"El estreno de 'La bala' llena el cine de Pe\u00f1aranda\"\/><\/p>\n<p><img decoding=\"async\" loading=\"lazy\" src=\"https:\/\/www.europesays.com\/es\/wp-content\/uploads\/2025\/11\/20251122-004penaranda_cine_labala_jhi.JPG\" class=\"v-mdl__img-z\" width=\"720\" height=\"540\" alt=\"El estreno de 'La bala' llena el cine de Pe\u00f1aranda\"\/><\/p>\n<p><img loading=\"lazy\" decoding=\"async\" src=\"https:\/\/www.europesays.com\/es\/wp-content\/uploads\/2025\/11\/20251122-004penaranda_cine_labala_jhi.JPG\" class=\"v-mdl__img-z\" width=\"720\" height=\"540\" alt=\"El estreno de 'La bala' llena el cine de Pe\u00f1aranda\"\/><\/p>\n<p><img decoding=\"async\" loading=\"lazy\" src=\"https:\/\/www.europesays.com\/es\/wp-content\/uploads\/2025\/11\/20251122-005penaranda_cine_labala_jhi.JPG\" class=\"v-a-img\" width=\"720\" height=\"540\" alt=\"El estreno de 'La bala' llena el cine de Pe\u00f1aranda\"\/><\/p>\n<p><img decoding=\"async\" loading=\"lazy\" src=\"https:\/\/www.europesays.com\/es\/wp-content\/uploads\/2025\/11\/20251122-005penaranda_cine_labala_jhi.JPG\" class=\"v-mdl__img-z\" width=\"720\" height=\"540\" alt=\"El estreno de 'La bala' llena el cine de Pe\u00f1aranda\"\/><\/p>\n<p><img loading=\"lazy\" decoding=\"async\" src=\"https:\/\/www.europesays.com\/es\/wp-content\/uploads\/2025\/11\/20251122-005penaranda_cine_labala_jhi.JPG\" class=\"v-mdl__img-z\" width=\"720\" height=\"540\" alt=\"El estreno de 'La bala' llena el cine de Pe\u00f1aranda\"\/><\/p>\n<p><img decoding=\"async\" loading=\"lazy\" src=\"https:\/\/www.europesays.com\/es\/wp-content\/uploads\/2025\/11\/20251122-006penaranda_cine_labala_jhi.JPG\" class=\"v-a-img\" width=\"720\" height=\"540\" alt=\"El estreno de 'La bala' llena el cine de Pe\u00f1aranda\"\/><\/p>\n<p><img decoding=\"async\" loading=\"lazy\" src=\"https:\/\/www.europesays.com\/es\/wp-content\/uploads\/2025\/11\/20251122-006penaranda_cine_labala_jhi.JPG\" class=\"v-mdl__img-z\" width=\"720\" height=\"540\" alt=\"El estreno de 'La bala' llena el cine de Pe\u00f1aranda\"\/><\/p>\n<p><img loading=\"lazy\" decoding=\"async\" src=\"https:\/\/www.europesays.com\/es\/wp-content\/uploads\/2025\/11\/20251122-006penaranda_cine_labala_jhi.JPG\" class=\"v-mdl__img-z\" width=\"720\" height=\"540\" alt=\"El estreno de 'La bala' llena el cine de Pe\u00f1aranda\"\/><\/p>\n<p><img decoding=\"async\" loading=\"lazy\" src=\"https:\/\/www.europesays.com\/es\/wp-content\/uploads\/2025\/11\/20251122-007penaranda_cine_labala_jhi.jpg\" class=\"v-a-img\" width=\"720\" height=\"540\" alt=\"El estreno de 'La bala' llena el cine de Pe\u00f1aranda\"\/><\/p>\n<p><img decoding=\"async\" loading=\"lazy\" src=\"https:\/\/www.europesays.com\/es\/wp-content\/uploads\/2025\/11\/20251122-007penaranda_cine_labala_jhi.jpg\" class=\"v-mdl__img-z\" width=\"720\" height=\"540\" alt=\"El estreno de 'La bala' llena el cine de Pe\u00f1aranda\"\/><\/p>\n<p><img loading=\"lazy\" decoding=\"async\" src=\"https:\/\/www.europesays.com\/es\/wp-content\/uploads\/2025\/11\/20251122-007penaranda_cine_labala_jhi.jpg\" class=\"v-mdl__img-z\" width=\"720\" height=\"540\" alt=\"El estreno de 'La bala' llena el cine de Pe\u00f1aranda\"\/><\/p>\n<p><img decoding=\"async\" loading=\"lazy\" src=\"https:\/\/www.europesays.com\/es\/wp-content\/uploads\/2025\/11\/20251122-003penaranda_cine_labala_jhi.JPG\" class=\"v-a-img\" width=\"720\" height=\"540\" alt=\"El estreno de 'La bala' llena el cine de Pe\u00f1aranda\"\/><\/p>\n<p><img decoding=\"async\" loading=\"lazy\" src=\"https:\/\/www.europesays.com\/es\/wp-content\/uploads\/2025\/11\/20251122-003penaranda_cine_labala_jhi.JPG\" class=\"v-mdl__img-z\" width=\"720\" height=\"540\" alt=\"El estreno de 'La bala' llena el cine de Pe\u00f1aranda\"\/><\/p>\n<p><img loading=\"lazy\" decoding=\"async\" src=\"https:\/\/www.europesays.com\/es\/wp-content\/uploads\/2025\/11\/20251122-003penaranda_cine_labala_jhi.JPG\" class=\"v-mdl__img-z\" width=\"720\" height=\"540\" alt=\"El estreno de 'La bala' llena el cine de Pe\u00f1aranda\"\/><\/p>\n<p><img decoding=\"async\" loading=\"lazy\" src=\"https:\/\/www.europesays.com\/es\/wp-content\/uploads\/2025\/11\/20251122-0141penaranda_cine_labala_jhi.jpg\" class=\"v-a-img\" width=\"720\" height=\"540\" alt=\"El estreno de 'La bala' llena el cine de Pe\u00f1aranda\"\/><\/p>\n<p><img decoding=\"async\" loading=\"lazy\" src=\"https:\/\/www.europesays.com\/es\/wp-content\/uploads\/2025\/11\/20251122-0141penaranda_cine_labala_jhi.jpg\" class=\"v-mdl__img-z\" width=\"720\" height=\"540\" alt=\"El estreno de 'La bala' llena el cine de Pe\u00f1aranda\"\/><\/p>\n<p><img loading=\"lazy\" decoding=\"async\" src=\"https:\/\/www.europesays.com\/es\/wp-content\/uploads\/2025\/11\/20251122-0141penaranda_cine_labala_jhi.jpg\" class=\"v-mdl__img-z\" width=\"720\" height=\"540\" alt=\"El estreno de 'La bala' llena el cine de Pe\u00f1aranda\"\/><\/p>\n<p><img decoding=\"async\" loading=\"lazy\" src=\"https:\/\/www.europesays.com\/es\/wp-content\/uploads\/2025\/11\/20251122-008penaranda_cine_labala_jhi.jpg\" class=\"v-a-img\" width=\"720\" height=\"540\" alt=\"El estreno de 'La bala' llena el cine de Pe\u00f1aranda\"\/><\/p>\n<p><img decoding=\"async\" loading=\"lazy\" src=\"https:\/\/www.europesays.com\/es\/wp-content\/uploads\/2025\/11\/20251122-008penaranda_cine_labala_jhi.jpg\" class=\"v-mdl__img-z\" width=\"720\" height=\"540\" alt=\"El estreno de 'La bala' llena el cine de Pe\u00f1aranda\"\/><\/p>\n<p><img loading=\"lazy\" decoding=\"async\" src=\"https:\/\/www.europesays.com\/es\/wp-content\/uploads\/2025\/11\/20251122-008penaranda_cine_labala_jhi.jpg\" class=\"v-mdl__img-z\" width=\"720\" height=\"540\" alt=\"El estreno de 'La bala' llena el cine de Pe\u00f1aranda\"\/><\/p>\n<p><img decoding=\"async\" loading=\"lazy\" src=\"https:\/\/www.europesays.com\/es\/wp-content\/uploads\/2025\/11\/20251122-009penaranda_cine_labala_jhi.jpg\" class=\"v-a-img\" width=\"720\" height=\"540\" alt=\"El estreno de 'La bala' llena el cine de Pe\u00f1aranda\"\/><\/p>\n<p><img decoding=\"async\" loading=\"lazy\" src=\"https:\/\/www.europesays.com\/es\/wp-content\/uploads\/2025\/11\/20251122-009penaranda_cine_labala_jhi.jpg\" class=\"v-mdl__img-z\" width=\"720\" height=\"540\" alt=\"El estreno de 'La bala' llena el cine de Pe\u00f1aranda\"\/><\/p>\n<p><img loading=\"lazy\" decoding=\"async\" src=\"https:\/\/www.europesays.com\/es\/wp-content\/uploads\/2025\/11\/20251122-009penaranda_cine_labala_jhi.jpg\" class=\"v-mdl__img-z\" width=\"720\" height=\"540\" alt=\"El estreno de 'La bala' llena el cine de Pe\u00f1aranda\"\/><\/p>\n<p><img decoding=\"async\" loading=\"lazy\" src=\"https:\/\/www.europesays.com\/es\/wp-content\/uploads\/2025\/11\/20251122-010penaranda_cine_labala_jhi.jpg\" class=\"v-a-img\" width=\"720\" height=\"540\" alt=\"El estreno de 'La bala' llena el cine de Pe\u00f1aranda\"\/><\/p>\n<p><img decoding=\"async\" loading=\"lazy\" src=\"https:\/\/www.europesays.com\/es\/wp-content\/uploads\/2025\/11\/20251122-010penaranda_cine_labala_jhi.jpg\" class=\"v-mdl__img-z\" width=\"720\" height=\"540\" alt=\"El estreno de 'La bala' llena el cine de Pe\u00f1aranda\"\/><\/p>\n<p><img loading=\"lazy\" decoding=\"async\" src=\"https:\/\/www.europesays.com\/es\/wp-content\/uploads\/2025\/11\/20251122-010penaranda_cine_labala_jhi.jpg\" class=\"v-mdl__img-z\" width=\"720\" height=\"540\" alt=\"El estreno de 'La bala' llena el cine de Pe\u00f1aranda\"\/><\/p>\n<p><img decoding=\"async\" loading=\"lazy\" src=\"https:\/\/www.europesays.com\/es\/wp-content\/uploads\/2025\/11\/20251122-011penaranda_cine_labala_jhi.jpg\" class=\"v-a-img\" width=\"720\" height=\"540\" alt=\"El estreno de 'La bala' llena el cine de Pe\u00f1aranda\"\/><\/p>\n<p><img decoding=\"async\" loading=\"lazy\" src=\"https:\/\/www.europesays.com\/es\/wp-content\/uploads\/2025\/11\/20251122-011penaranda_cine_labala_jhi.jpg\" class=\"v-mdl__img-z\" width=\"720\" height=\"540\" alt=\"El estreno de 'La bala' llena el cine de Pe\u00f1aranda\"\/><\/p>\n<p><img loading=\"lazy\" decoding=\"async\" src=\"https:\/\/www.europesays.com\/es\/wp-content\/uploads\/2025\/11\/20251122-011penaranda_cine_labala_jhi.jpg\" class=\"v-mdl__img-z\" width=\"720\" height=\"540\" alt=\"El estreno de 'La bala' llena el cine de Pe\u00f1aranda\"\/><\/p>\n<p><img decoding=\"async\" loading=\"lazy\" src=\"https:\/\/www.europesays.com\/es\/wp-content\/uploads\/2025\/11\/20251122-012penaranda_cine_labala_jhi.jpg\" class=\"v-a-img\" width=\"720\" height=\"540\" alt=\"El estreno de 'La bala' llena el cine de Pe\u00f1aranda\"\/><\/p>\n<p><img decoding=\"async\" loading=\"lazy\" src=\"https:\/\/www.europesays.com\/es\/wp-content\/uploads\/2025\/11\/20251122-012penaranda_cine_labala_jhi.jpg\" class=\"v-mdl__img-z\" width=\"720\" height=\"540\" alt=\"El estreno de 'La bala' llena el cine de Pe\u00f1aranda\"\/><\/p>\n<p><img loading=\"lazy\" decoding=\"async\" src=\"https:\/\/www.europesays.com\/es\/wp-content\/uploads\/2025\/11\/20251122-012penaranda_cine_labala_jhi.jpg\" class=\"v-mdl__img-z\" width=\"720\" height=\"540\" alt=\"El estreno de 'La bala' llena el cine de Pe\u00f1aranda\"\/><\/p>\n<p><img decoding=\"async\" loading=\"lazy\" src=\"https:\/\/www.europesays.com\/es\/wp-content\/uploads\/2025\/11\/20251122-0041penaranda_cine_labala_jhi.JPG\" class=\"v-a-img\" width=\"720\" height=\"540\" alt=\"El estreno de 'La bala' llena el cine de Pe\u00f1aranda\"\/><\/p>\n<p><img decoding=\"async\" loading=\"lazy\" src=\"https:\/\/www.europesays.com\/es\/wp-content\/uploads\/2025\/11\/20251122-0041penaranda_cine_labala_jhi.JPG\" class=\"v-mdl__img-z\" width=\"720\" height=\"540\" alt=\"El estreno de 'La bala' llena el cine de Pe\u00f1aranda\"\/><\/p>\n<p><img loading=\"lazy\" decoding=\"async\" src=\"https:\/\/www.europesays.com\/es\/wp-content\/uploads\/2025\/11\/20251122-0041penaranda_cine_labala_jhi.JPG\" class=\"v-mdl__img-z\" width=\"720\" height=\"540\" alt=\"El estreno de 'La bala' llena el cine de Pe\u00f1aranda\"\/><\/p>\n<p><img decoding=\"async\" loading=\"lazy\" src=\"https:\/\/www.europesays.com\/es\/wp-content\/uploads\/2025\/11\/20251122-013penaranda_cine_labala_jhi_20251122220722.jpg\" class=\"v-a-img\" width=\"720\" height=\"540\" alt=\"El estreno de 'La bala' llena el cine de Pe\u00f1aranda\"\/><\/p>\n<p><img decoding=\"async\" loading=\"lazy\" src=\"https:\/\/www.europesays.com\/es\/wp-content\/uploads\/2025\/11\/20251122-013penaranda_cine_labala_jhi_20251122220722.jpg\" class=\"v-mdl__img-z\" width=\"720\" height=\"540\" alt=\"El estreno de 'La bala' llena el cine de Pe\u00f1aranda\"\/><\/p>\n<p><img loading=\"lazy\" decoding=\"async\" src=\"https:\/\/www.europesays.com\/es\/wp-content\/uploads\/2025\/11\/20251122-013penaranda_cine_labala_jhi_20251122220722.jpg\" class=\"v-mdl__img-z\" width=\"720\" height=\"540\" alt=\"El estreno de 'La bala' llena el cine de Pe\u00f1aranda\"\/><\/p>\n<p><img decoding=\"async\" loading=\"lazy\" src=\"https:\/\/www.europesays.com\/es\/wp-content\/uploads\/2025\/11\/20251122-014penaranda_cine_labala_jhi.jpg\" class=\"v-a-img\" width=\"720\" height=\"540\" alt=\"El estreno de 'La bala' llena el cine de Pe\u00f1aranda\"\/><\/p>\n<p><img decoding=\"async\" loading=\"lazy\" src=\"https:\/\/www.europesays.com\/es\/wp-content\/uploads\/2025\/11\/20251122-014penaranda_cine_labala_jhi.jpg\" class=\"v-mdl__img-z\" width=\"720\" height=\"540\" alt=\"El estreno de 'La bala' llena el cine de Pe\u00f1aranda\"\/><\/p>\n<p><img loading=\"lazy\" decoding=\"async\" src=\"https:\/\/www.europesays.com\/es\/wp-content\/uploads\/2025\/11\/20251122-014penaranda_cine_labala_jhi.jpg\" class=\"v-mdl__img-z\" width=\"720\" height=\"540\" alt=\"El estreno de 'La bala' llena el cine de Pe\u00f1aranda\"\/><\/p>\n<p><img decoding=\"async\" loading=\"lazy\" src=\"https:\/\/www.europesays.com\/es\/wp-content\/uploads\/2025\/11\/20251122-015penaranda_cine_labala_jhi.jpg\" class=\"v-a-img\" width=\"720\" height=\"540\" alt=\"El estreno de 'La bala' llena el cine de Pe\u00f1aranda\"\/><\/p>\n<p><img decoding=\"async\" loading=\"lazy\" src=\"https:\/\/www.europesays.com\/es\/wp-content\/uploads\/2025\/11\/20251122-015penaranda_cine_labala_jhi.jpg\" class=\"v-mdl__img-z\" width=\"720\" height=\"540\" alt=\"El estreno de 'La bala' llena el cine de Pe\u00f1aranda\"\/><\/p>\n<p><img loading=\"lazy\" decoding=\"async\" src=\"https:\/\/www.europesays.com\/es\/wp-content\/uploads\/2025\/11\/20251122-015penaranda_cine_labala_jhi.jpg\" class=\"v-mdl__img-z\" width=\"720\" height=\"540\" alt=\"El estreno de 'La bala' llena el cine de Pe\u00f1aranda\"\/><\/p>\n<p><img decoding=\"async\" loading=\"lazy\" src=\"https:\/\/www.europesays.com\/es\/wp-content\/uploads\/2025\/11\/20251122-016penaranda_cine_labala_jhi.jpg\" class=\"v-a-img\" width=\"720\" height=\"540\" alt=\"El estreno de 'La bala' llena el cine de Pe\u00f1aranda\"\/><\/p>\n<p><img decoding=\"async\" loading=\"lazy\" src=\"https:\/\/www.europesays.com\/es\/wp-content\/uploads\/2025\/11\/20251122-016penaranda_cine_labala_jhi.jpg\" class=\"v-mdl__img-z\" width=\"720\" height=\"540\" alt=\"El estreno de 'La bala' llena el cine de Pe\u00f1aranda\"\/><\/p>\n<p><img loading=\"lazy\" decoding=\"async\" src=\"https:\/\/www.europesays.com\/es\/wp-content\/uploads\/2025\/11\/20251122-016penaranda_cine_labala_jhi.jpg\" class=\"v-mdl__img-z\" width=\"720\" height=\"540\" alt=\"El estreno de 'La bala' llena el cine de Pe\u00f1aranda\"\/><\/p>\n<p><img decoding=\"async\" loading=\"lazy\" src=\"https:\/\/www.europesays.com\/es\/wp-content\/uploads\/2025\/11\/20251122-017penaranda_cine_labala_jhi.jpg\" class=\"v-a-img\" width=\"720\" height=\"540\" alt=\"El estreno de 'La bala' llena el cine de Pe\u00f1aranda\"\/><\/p>\n<p><img decoding=\"async\" loading=\"lazy\" src=\"https:\/\/www.europesays.com\/es\/wp-content\/uploads\/2025\/11\/20251122-017penaranda_cine_labala_jhi.jpg\" class=\"v-mdl__img-z\" width=\"720\" height=\"540\" alt=\"El estreno de 'La bala' llena el cine de Pe\u00f1aranda\"\/><\/p>\n<p><img loading=\"lazy\" decoding=\"async\" src=\"https:\/\/www.europesays.com\/es\/wp-content\/uploads\/2025\/11\/20251122-017penaranda_cine_labala_jhi.jpg\" class=\"v-mdl__img-z\" width=\"720\" height=\"540\" alt=\"El estreno de 'La bala' llena el cine de Pe\u00f1aranda\"\/><\/p>\n<p><img decoding=\"async\" loading=\"lazy\" src=\"https:\/\/www.europesays.com\/es\/wp-content\/uploads\/2025\/11\/20251122-0061penaranda_cine_labala_jhi.JPG\" class=\"v-a-img\" width=\"720\" height=\"540\" alt=\"El estreno de 'La bala' llena el cine de Pe\u00f1aranda\"\/><\/p>\n<p><img decoding=\"async\" loading=\"lazy\" src=\"https:\/\/www.europesays.com\/es\/wp-content\/uploads\/2025\/11\/20251122-0061penaranda_cine_labala_jhi.JPG\" class=\"v-mdl__img-z\" width=\"720\" height=\"540\" alt=\"El estreno de 'La bala' llena el cine de Pe\u00f1aranda\"\/><\/p>\n<p><img loading=\"lazy\" decoding=\"async\" src=\"https:\/\/www.europesays.com\/es\/wp-content\/uploads\/2025\/11\/20251122-0061penaranda_cine_labala_jhi.JPG\" class=\"v-mdl__img-z\" width=\"720\" height=\"540\" alt=\"El estreno de 'La bala' llena el cine de Pe\u00f1aranda\"\/><\/p>\n","protected":false},"excerpt":{"rendered":"S\u00e1bado, 22 de noviembre 2025, 22:30 El estreno de La bala, con la presentaci\u00f3n por parte de su&hellip;\n","protected":false},"author":2,"featured_media":251233,"comment_status":"","ping_status":"","sticky":false,"template":"","format":"standard","meta":{"footnotes":""},"categories":[169],"tags":[34622,415,177,411,146,147,25,24,1055,176,7534,2490,175,7937,23],"class_list":{"0":"post-251232","1":"post","2":"type-post","3":"status-publish","4":"format-standard","5":"has-post-thumbnail","7":"category-cine","8":"tag-bala","9":"tag-carlos","10":"tag-cine","11":"tag-director","12":"tag-entertainment","13":"tag-entretenimiento","14":"tag-es","15":"tag-espana","16":"tag-estreno","17":"tag-film","18":"tag-iglesias","19":"tag-llena","20":"tag-movies","21":"tag-penaranda","22":"tag-spain"},"share_on_mastodon":{"url":"https:\/\/pubeurope.com\/@es\/115598570629922781","error":""},"_links":{"self":[{"href":"https:\/\/www.europesays.com\/es\/wp-json\/wp\/v2\/posts\/251232","targetHints":{"allow":["GET"]}}],"collection":[{"href":"https:\/\/www.europesays.com\/es\/wp-json\/wp\/v2\/posts"}],"about":[{"href":"https:\/\/www.europesays.com\/es\/wp-json\/wp\/v2\/types\/post"}],"author":[{"embeddable":true,"href":"https:\/\/www.europesays.com\/es\/wp-json\/wp\/v2\/users\/2"}],"replies":[{"embeddable":true,"href":"https:\/\/www.europesays.com\/es\/wp-json\/wp\/v2\/comments?post=251232"}],"version-history":[{"count":0,"href":"https:\/\/www.europesays.com\/es\/wp-json\/wp\/v2\/posts\/251232\/revisions"}],"wp:featuredmedia":[{"embeddable":true,"href":"https:\/\/www.europesays.com\/es\/wp-json\/wp\/v2\/media\/251233"}],"wp:attachment":[{"href":"https:\/\/www.europesays.com\/es\/wp-json\/wp\/v2\/media?parent=251232"}],"wp:term":[{"taxonomy":"category","embeddable":true,"href":"https:\/\/www.europesays.com\/es\/wp-json\/wp\/v2\/categories?post=251232"},{"taxonomy":"post_tag","embeddable":true,"href":"https:\/\/www.europesays.com\/es\/wp-json\/wp\/v2\/tags?post=251232"}],"curies":[{"name":"wp","href":"https:\/\/api.w.org\/{rel}","templated":true}]}}