{"id":251236,"date":"2025-11-23T10:37:16","date_gmt":"2025-11-23T10:37:16","guid":{"rendered":"https:\/\/www.europesays.com\/es\/251236\/"},"modified":"2025-11-23T10:37:16","modified_gmt":"2025-11-23T10:37:16","slug":"la-banda-municipal-de-musica-llena-el-pabellon-ferial-en-su-concierto-de-santa-cecilia","status":"publish","type":"post","link":"https:\/\/www.europesays.com\/es\/251236\/","title":{"rendered":"La Banda Municipal de M\u00fasica llena el Pabell\u00f3n Ferial en su concierto de Santa Cecilia"},"content":{"rendered":"<p dir=\"ltr\"><b id=\"docs-internal-guid-90a77168-7fff-c2fd-4e7b-c882aacf8e6f\">La Banda Municipal de M\u00fasica de Daimiel celebr\u00f3 este s\u00e1bado su concierto de Santa Cecilia en el Pabell\u00f3n Ferial con un repertorio in\u00e9dito y m\u00e1s de 90 m\u00fasicos. Antes, se reconoci\u00f3 a Mar\u00eda del Mar Ad\u00e1n, Esteban Mart\u00edn de la Sierra y Carlos Isidro Garc\u00eda de la Camacha por sus 25 a\u00f1os en la agrupaci\u00f3n. El programa incluy\u00f3 obras de Talens, Barbieri, Pina y Piqueras, en una tarde en la que tambi\u00e9n se homenaje\u00f3 a grandes compositores como Beethoven, P\u00e9rez Prado, o Jaume Texidor Dalmau.<\/b><\/p>\n<p dir=\"ltr\"><b id=\"docs-internal-guid-90a77168-7fff-c2fd-4e7b-c882aacf8e6f\">Daimiel Noticias. \u2013 <\/b>La Banda Municipal de M\u00fasica de Daimiel celebr\u00f3 en la tarde del s\u00e1bado su concierto en honor a Santa Cecilia en el Pabell\u00f3n Ferial con un programa compuesto \u00edntegramente por estrenos, salvo el pasodoble con el que arrancaron el repertorio. La cita reuni\u00f3 a m\u00e1s de 90 m\u00fasicos sobre el escenario y pr\u00e1cticamente todas las localidades del pabell\u00f3n ocupadas.<\/p>\n<p>  <img loading=\"lazy\" decoding=\"async\" src=\"https:\/\/www.europesays.com\/es\/wp-content\/uploads\/2025\/11\/concierto_santa_cecilia_21.jpg\" width=\"3878\" height=\"2585\" alt=\"Un momento del concierto en el Pabell\u00f3n Ferial.\" typeof=\"foaf:Image\" class=\"img-fluid\"\/><br \/>\nUn momento del concierto en el Pabell\u00f3n Ferial.<\/p>\n<p>Antes de comenzar la actuaci\u00f3n, la banda reconoci\u00f3 los 25 a\u00f1os de trayectoria de Mar\u00eda del Mar Ad\u00e1n (tuba), Esteban Mart\u00edn de la Sierra (tromb\u00f3n) y Carlos Isidro Garc\u00eda de la Camacha (trompa), quienes recibieron la insignia de plata como homenaje a su dedicaci\u00f3n por parte del alcalde, Leopoldo Sierra y la concejala de Cultura, Lourdes Rodr\u00edguez de Guzm\u00e1n. El edil quiso felicitar tanto a los m\u00fasicos como a su director por mantener viva una banda como la de Daimiel.<\/p>\n<p>  <img loading=\"lazy\" decoding=\"async\" src=\"https:\/\/www.europesays.com\/es\/wp-content\/uploads\/2025\/11\/concierto_santa_cecilia_10_2.jpg\" width=\"3984\" height=\"2656\" alt=\"El alcalde felicit\u00f3 a los m\u00fasicos.\" typeof=\"foaf:Image\" class=\"img-fluid\"\/><br \/>\nEl alcalde felicit\u00f3 a los m\u00fasicos.<\/p>\n<p>El concierto abri\u00f3 con Paquita y Nieves, pasodoble de concierto de Rafael Talens. A continuaci\u00f3n, se interpret\u00f3 Sinfon\u00eda sobre motivos de zarzuela, de F. A. Barbieri, seguida de The Legend of Maracaibo y Excalibur, ambas de J. A. Pina, esta \u00faltima escrita para banda sinf\u00f3nica. El programa sigui\u00f3 con De Cai, obra de Pascual Piqueras Cabanillas.<\/p>\n<p>Para cerrar y a modo de bis, la banda sorprendi\u00f3 con una fusi\u00f3n de las piezas Sinfon\u00eda No.5, de Beethoven y Mambo No.5 de P\u00e9rez Prado, cerrando la tarde con un homenaje al pasodoble Amparito Roca del compositor catal\u00e1n Jaume Texidor Dalmau, que este a\u00f1o celebra su 100 aniversario.<\/p>\n<p>La preparaci\u00f3n del concierto ha requerido un trabajo que arranc\u00f3 en octubre, debido a la complejidad t\u00e9cnica de las piezas. Seg\u00fan explic\u00f3 el director de la banda, Pedro S\u00e1nchez Valdepe\u00f1as, el hecho de presentar un repertorio completamente in\u00e9dito ha supuesto un reto y, al mismo tiempo, una oportunidad para ofrecer un contenido distinto al p\u00fablico.\u00a0 Adem\u00e1s, incidi\u00f3 en lo especial de este concierto, pues alguna de las piezas ser\u00e1 escuchada por primera y \u00faltima vez ya que, en otras citas, la banda no dispone de tanto tiempo como para volver a prepararlas.<\/p>\n<p>  <img loading=\"lazy\" decoding=\"async\" src=\"https:\/\/www.europesays.com\/es\/wp-content\/uploads\/2025\/11\/concierto_santa_cecilia_18_1.jpg\" width=\"3984\" height=\"2656\" alt=\"Pedro S\u00e1nchez Valdepe\u00f1as destac\u00f3 la complejidad de las piezas interpretadas.\" typeof=\"foaf:Image\" class=\"img-fluid\"\/><br \/>\nPedro S\u00e1nchez Valdepe\u00f1as destac\u00f3 la complejidad de las piezas interpretadas.<\/p>\n<p>El concierto se enmarca, adem\u00e1s, en la antesala de un a\u00f1o destacado para la Banda Municipal de M\u00fasica, que en 2026 conmemorar\u00e1 su 150 aniversario como agrupaci\u00f3n de car\u00e1cter p\u00fablico.<\/p>\n","protected":false},"excerpt":{"rendered":"La Banda Municipal de M\u00fasica de Daimiel celebr\u00f3 este s\u00e1bado su concierto de Santa Cecilia en el Pabell\u00f3n&hellip;\n","protected":false},"author":2,"featured_media":251237,"comment_status":"","ping_status":"","sticky":false,"template":"","format":"standard","meta":{"footnotes":""},"categories":[91],"tags":[63641,2339,3010,146,147,25,24,63642,23],"class_list":{"0":"post-251236","1":"post","2":"type-post","3":"status-publish","4":"format-standard","5":"has-post-thumbnail","7":"category-entretenimiento","8":"tag-banda-municipal-de-musica","9":"tag-concierto","10":"tag-daimiel","11":"tag-entertainment","12":"tag-entretenimiento","13":"tag-es","14":"tag-espana","15":"tag-santa-cecilia","16":"tag-spain"},"share_on_mastodon":{"url":"https:\/\/pubeurope.com\/@es\/115598580468520243","error":""},"_links":{"self":[{"href":"https:\/\/www.europesays.com\/es\/wp-json\/wp\/v2\/posts\/251236","targetHints":{"allow":["GET"]}}],"collection":[{"href":"https:\/\/www.europesays.com\/es\/wp-json\/wp\/v2\/posts"}],"about":[{"href":"https:\/\/www.europesays.com\/es\/wp-json\/wp\/v2\/types\/post"}],"author":[{"embeddable":true,"href":"https:\/\/www.europesays.com\/es\/wp-json\/wp\/v2\/users\/2"}],"replies":[{"embeddable":true,"href":"https:\/\/www.europesays.com\/es\/wp-json\/wp\/v2\/comments?post=251236"}],"version-history":[{"count":0,"href":"https:\/\/www.europesays.com\/es\/wp-json\/wp\/v2\/posts\/251236\/revisions"}],"wp:featuredmedia":[{"embeddable":true,"href":"https:\/\/www.europesays.com\/es\/wp-json\/wp\/v2\/media\/251237"}],"wp:attachment":[{"href":"https:\/\/www.europesays.com\/es\/wp-json\/wp\/v2\/media?parent=251236"}],"wp:term":[{"taxonomy":"category","embeddable":true,"href":"https:\/\/www.europesays.com\/es\/wp-json\/wp\/v2\/categories?post=251236"},{"taxonomy":"post_tag","embeddable":true,"href":"https:\/\/www.europesays.com\/es\/wp-json\/wp\/v2\/tags?post=251236"}],"curies":[{"name":"wp","href":"https:\/\/api.w.org\/{rel}","templated":true}]}}