{"id":251242,"date":"2025-11-23T10:40:14","date_gmt":"2025-11-23T10:40:14","guid":{"rendered":"https:\/\/www.europesays.com\/es\/251242\/"},"modified":"2025-11-23T10:40:14","modified_gmt":"2025-11-23T10:40:14","slug":"los-aliados-de-zelenski-se-conjuran-en-el-g-20-para-lograr-una-alternativa-al-plan-de-trump","status":"publish","type":"post","link":"https:\/\/www.europesays.com\/es\/251242\/","title":{"rendered":"Los aliados de Zelenski se conjuran en el G-20 para lograr una alternativa al plan de Trump"},"content":{"rendered":"<p class=\"ue-c-article__paragraph\">El Centro de Exposiciones NASREC es el recinto que alberga <strong>la cumbre del G-20 en Johannesburgo<\/strong>, la primera que se celebra en <a href=\"https:\/\/www.elmundo.es\/internacional\/africa.html\" target=\"_blank\" rel=\"nofollow noopener\"><strong>\u00c1frica<\/strong><\/a>. Un emplazamiento lleno hoy de hileras de mesas, sillas, cables&#8230; pero que durante el apartheid fue un puente excepcional que conectaba Johannesburgo Sur, donde se encontraba Soweto, con Johannesburgo Norte, entonces reservado para ciudadanos blancos bajo la Ley de \u00c1reas de Grupo. Ahora ha servido de puente para conectar a los aliados de <a href=\"https:\/\/www.elmundo.es\/internacional\/volodimir-zelenski.html\" target=\"_blank\" rel=\"nofollow noopener\"><strong>Volodimir Zelenski<\/strong><\/a> con su defensa de la integridad territorial y la soberan\u00eda de Ucrania. El <a href=\"https:\/\/www.elmundo.es\/internacional\/2025\/11\/21\/692090e4e9cf4a4a168b457a.html\" target=\"_blank\" rel=\"nofollow noopener\">plan de paz para este pa\u00eds<\/a>, apadrinado por <a href=\"https:\/\/www.elmundo.es\/e\/do\/donald-trump.html\" target=\"_blank\" rel=\"nofollow noopener\"><strong>Donald Trump<\/strong><\/a>, se convirti\u00f3 en el eje central de la cumbre. Y visibiliz\u00f3 el esfuerzo internacional por abrir alternativas al planteamiento de la Casa Blanca.<\/p>\n<p class=\"ue-c-article__paragraph\">Mientras los l\u00edderes trataban de evitar el naufragio de la cumbre buscando puntos de encuentro, los aliados de Ucrania, movidos por los representantes de las instituciones europeas, con <a href=\"https:\/\/www.elmundo.es\/internacional\/2025\/09\/22\/68d190c1e9cf4a27198b459d.html\" target=\"_blank\" rel=\"nofollow noopener\"><strong>Ant\u00f3nio Costa<\/strong><\/a>, presidente del Consejo Europeo, a la cabeza, incentivaban las relaciones diplom\u00e1ticas para mostrar alternativas al plan de Trump y abrir una puerta a Zelenski. <strong>\u00abSe est\u00e1n llevando a cabo intensos esfuerzos diplom\u00e1ticos en torno al plan de paz para Ucrania al margen de la reuni\u00f3n del G20\u00bb<\/strong>, expusieron en la jornada de ayer s\u00e1bado fuentes europeas. El trabajo culmin\u00f3 con un encuentro de una docena de pa\u00edses, auspiciado por Costa, en el que tambi\u00e9n particip\u00f3 Espa\u00f1a, que, con la intenci\u00f3n de evitar ir al choque directo con Trump, dan la bienvenida a los esfuerzos de Washington para la paz, aunque s\u00ed sellaron un desplante: <strong>rechazan que las fronteras de un pa\u00eds, en este caso Ucrania, \u00absean modificadas por la fuerza\u00bb<\/strong>.<\/p>\n<p class=\"ue-c-article__paragraph\">El plan de paz para Ucrania impulsado por Trump contiene 28 puntos, entre los cuales est\u00e1n una serie de planteamientos que suponen l\u00edneas rojas marcadas por Zelenski, como que <a href=\"https:\/\/www.elmundo.es\/e\/uc\/ucrania.html\" target=\"_blank\" rel=\"nofollow noopener\"><strong>Ucrania<\/strong><\/a> deber\u00eda ceder a <a href=\"https:\/\/www.elmundo.es\/internacional\/rusia.html\" target=\"_blank\" rel=\"nofollow noopener\"><strong>Rusia<\/strong><\/a> regiones del oeste del pa\u00eds, incluidas zonas que hasta ahora no han sido invadidas por las fuerzas del Kremlin.<\/p>\n<p class=\"ue-c-article__paragraph\">En concreto, el punto 21 de ese plan de paz apadrinado por la Casa Blanca y con el respaldo de Rusia <strong>establece que Crimea, Lugansk y Donetsk ser\u00e1n reconocidos <\/strong><strong>de facto<\/strong><strong> como rusos<\/strong>, incluso por Estados Unidos.<\/p>\n<p class=\"ue-c-article__paragraph\"><a href=\"https:\/\/www.elmundo.es\/internacional\/francia.html\" target=\"_blank\" rel=\"nofollow noopener\"><strong>Francia<\/strong><\/a>, <a href=\"https:\/\/www.elmundo.es\/internacional\/alemania.html\" target=\"_blank\" rel=\"nofollow noopener\"><strong>Alemania<\/strong><\/a>, <a href=\"https:\/\/www.elmundo.es\/internacional\/reino-unido.html\" target=\"_blank\" rel=\"nofollow noopener\"><strong>Reino Unido<\/strong><\/a>, Italia, Canad\u00e1, Jap\u00f3n, Noruega, Finlandia, Irlanda, Pa\u00edses Bajos y Espa\u00f1a, entre otros, quisieron trasladar su \u00abpreocupaci\u00f3n\u00bb por las limitaciones propuestas para las Fuerzas Armadas de Ucrania en ese plan que bendicen Estados Unidos y Rusia, pues \u00abdejar\u00edan al pa\u00eds vulnerable a futuros ataques\u00bb. El planteamiento contempla reducir el ej\u00e9rcito ucraniano a un m\u00e1ximo de 600.000 efectivos. En Bruselas consideran \u00abinaceptables\u00bb estos puntos del acuerdo. Frente a este bloque, el primer ministro de Hungr\u00eda, <a href=\"https:\/\/www.elmundo.es\/e\/vi\/viktor-orban.html\" target=\"_blank\" rel=\"nofollow noopener\"><strong>Viktor Orban<\/strong><\/a><strong>, pidi\u00f3 ayer por carta a la presidenta de la Comisi\u00f3n Europea, Ursula von der Leyen, que apoye el plan<\/strong>.<\/p>\n<p class=\"ue-c-article__paragraph\">Creen que la propuesta de Washington tiene \u00abelementos importantes que ser\u00e1n esenciales para una paz justa y duradera\u00bb, pero marcan tambi\u00e9n distancia, aunque con un tono medido para evitar confrontaci\u00f3n. \u00abAcogemos con satisfacci\u00f3n los continuos esfuerzos de Estados Unidos por llevar la paz a Ucrania\u00bb, dicen con mano tendida, pero a la vez insisten en que seguir\u00e1n coordin\u00e1ndose \u00abestrechamente con Ucrania y los Estados Unidos en los pr\u00f3ximos d\u00edas\u00bb.<\/p>\n<p class=\"ue-c-article__paragraph\">Antes de este c\u00f3nclave, el presidente franc\u00e9s, <a href=\"https:\/\/www.elmundo.es\/e\/em\/emmanuel-macron.html\" target=\"_blank\" rel=\"nofollow noopener\">Emmanuel Macron<\/a>, el canciller alem\u00e1n, Friedrich Merz, y el primer ministro brit\u00e1nico, <a href=\"https:\/\/www.elmundo.es\/internacional\/keir-starmer.html\" target=\"_blank\" rel=\"nofollow noopener\">Keir Starmer<\/a>, mantuvieron un primer encuentro para tratar el asunto, antes de la reuni\u00f3n ya ampliada auspiciada por Costa.<\/p>\n<p><img decoding=\"async\" width=\"2393\" height=\"1595\" class=\"ue-c-article__image lazyload\" alt=\"Pedro S\u00e1nchez, en el centro de la imagen, participa en el G20.\" loading=\"lazy\" src=\"https:\/\/www.europesays.com\/es\/wp-content\/uploads\/2025\/11\/17638882818552.jpg\"\/><\/p>\n<p>Pedro S\u00e1nchez, en el centro de la imagen, participa en el G20.YVES HERMAN \/ POOLEFE<\/p>\n<p class=\"ue-c-article__paragraph\">El Gobierno espa\u00f1ol siempre ha defendido la necesidad de una \u00abpaz justa y duradera\u00bb y que esta \u00abno puede hacerse a espaldas de la UE y los ucranianos\u00bb. El ministro de Exteriores espa\u00f1ol, Jos\u00e9 Manuel Albares, convers\u00f3 ayer con su hom\u00f3logo ucraniano, Andrii Sybiha, para reiterarle el \u00abapoyo firme a Ucrania\u00bb y Pedro S\u00e1nchez, en su intervenci\u00f3n en la primera sesi\u00f3n de la cumbre, defendi\u00f3 los principios de la Carta de las Naciones Unidas: \u00abTodos, en todas partes, en todo momento. Ya sea en Ucrania o en Palestina, <strong>esto significa defender la soberan\u00eda, la independencia y la integridad territorial<\/strong>, y garantizar el estricto cumplimiento del Derecho internacional humanitario en todos los conflictos\u00bb.<\/p>\n<p class=\"ue-c-article__paragraph\">Mientras los contactos entre los equipos de los l\u00edderes aliados de Zelenski se intensificaban, comparando impresiones, algo se mov\u00eda tambi\u00e9n en el G20 como tal. Pese a las expectativas derrotistas, se logr\u00f3 cerrar una declaraci\u00f3n consensuada sin Estados Unidos, el gran ausente de la cita -no envi\u00f3 a ning\u00fan representante-, en la que se pronuncia contra el uso de la fuerza para anexionar territorios de otros pa\u00edses. <strong>Un texto del que se desmarc\u00f3 Argentina -quer\u00edan hablar de \u00abconflicto en Oriente Pr\u00f3ximo\u00bb y no de \u00abterritorios palestinos ocupados\u00bb-<\/strong>, pero que cont\u00f3 con el benepl\u00e1cito de Rusia o Arabia Saud\u00ed. Para Argentina \u00abresulta esencial preservar la regla del consenso como fundamento de la legitimidad de las decisiones adoptadas en el marco del G-20\u00bb, expuso su Gobierno en un comunicado, expresando su malestar por no tener en cuenta a Estados Unidos.<\/p>\n<p class=\"ue-c-article__paragraph\">El punto quinto de la declaraci\u00f3n se remite a la Carta de las Naciones Unidas y advierte contra el uso de \u00abla amenaza\u00bb o \u00abla fuerza para obtener conquistas territoriales en detrimento de la integridad territorial y la soberan\u00eda o la independencia pol\u00edtica de cualquier Estado\u00bb. Y a\u00f1ade que los Estados \u00abdeben desarrollar relaciones amistosas entre las naciones, entre otras cosas promoviendo y fomentando el respeto de los derechos humanos y las libertades fundamentales para todos, sin distinci\u00f3n de raza, sexo, idioma o religi\u00f3n\u00bb.<\/p>\n<p class=\"ue-c-article__paragraph\">Esto sucedi\u00f3 ayer en Sud\u00e1frica, pero hoy viajar\u00e1n a Ginebra el jefe de la diplomacia estadounidense, Marco Rubio, y el emisario diplom\u00e1tico de Trump, Steve Witkoff, para discutir el plan del presidente con representantes ucranianos, seg\u00fan confirm\u00f3 a AFP un responsable estadounidense.<\/p>\n","protected":false},"excerpt":{"rendered":"El Centro de Exposiciones NASREC es el recinto que alberga la cumbre del G-20 en Johannesburgo, la primera&hellip;\n","protected":false},"author":2,"featured_media":251243,"comment_status":"","ping_status":"","sticky":false,"template":"","format":"standard","meta":{"footnotes":""},"categories":[42],"tags":[17,18,352,730,700,13,14,15996,11,61,62,63,64,2928,19,20,9,10,15,16,12,7081,21,22,1617,1707,14181,65,66,67],"class_list":{"0":"post-251242","1":"post","2":"type-post","3":"status-publish","4":"format-standard","5":"has-post-thumbnail","7":"category-internacional","8":"tag-breaking-news","9":"tag-breakingnews","10":"tag-donald-trump","11":"tag-emmanuel-macron","12":"tag-europa","13":"tag-featured-news","14":"tag-featurednews","15":"tag-guerra-ucrania-rusia","16":"tag-headlines","17":"tag-internacional","18":"tag-international","19":"tag-international-news","20":"tag-internationalnews","21":"tag-keir-starmer","22":"tag-latest-news","23":"tag-latestnews","24":"tag-news","25":"tag-noticias","26":"tag-noticias-destacadas","27":"tag-noticiasdestacadas","28":"tag-titulares","29":"tag-ucrania","30":"tag-ultimas-noticias","31":"tag-ultimasnoticias","32":"tag-union-europea","33":"tag-ursula-von-der-leyen","34":"tag-volodimir-zelenski","35":"tag-world","36":"tag-world-news","37":"tag-worldnews"},"share_on_mastodon":{"url":"","error":"Validation failed: Text character limit of 500 exceeded"},"_links":{"self":[{"href":"https:\/\/www.europesays.com\/es\/wp-json\/wp\/v2\/posts\/251242","targetHints":{"allow":["GET"]}}],"collection":[{"href":"https:\/\/www.europesays.com\/es\/wp-json\/wp\/v2\/posts"}],"about":[{"href":"https:\/\/www.europesays.com\/es\/wp-json\/wp\/v2\/types\/post"}],"author":[{"embeddable":true,"href":"https:\/\/www.europesays.com\/es\/wp-json\/wp\/v2\/users\/2"}],"replies":[{"embeddable":true,"href":"https:\/\/www.europesays.com\/es\/wp-json\/wp\/v2\/comments?post=251242"}],"version-history":[{"count":0,"href":"https:\/\/www.europesays.com\/es\/wp-json\/wp\/v2\/posts\/251242\/revisions"}],"wp:featuredmedia":[{"embeddable":true,"href":"https:\/\/www.europesays.com\/es\/wp-json\/wp\/v2\/media\/251243"}],"wp:attachment":[{"href":"https:\/\/www.europesays.com\/es\/wp-json\/wp\/v2\/media?parent=251242"}],"wp:term":[{"taxonomy":"category","embeddable":true,"href":"https:\/\/www.europesays.com\/es\/wp-json\/wp\/v2\/categories?post=251242"},{"taxonomy":"post_tag","embeddable":true,"href":"https:\/\/www.europesays.com\/es\/wp-json\/wp\/v2\/tags?post=251242"}],"curies":[{"name":"wp","href":"https:\/\/api.w.org\/{rel}","templated":true}]}}