{"id":251251,"date":"2025-11-23T10:51:09","date_gmt":"2025-11-23T10:51:09","guid":{"rendered":"https:\/\/www.europesays.com\/es\/251251\/"},"modified":"2025-11-23T10:51:09","modified_gmt":"2025-11-23T10:51:09","slug":"firma-el-mejor-arranque-con-el-villarreal","status":"publish","type":"post","link":"https:\/\/www.europesays.com\/es\/251251\/","title":{"rendered":"firma el mejor arranque con el Villarreal"},"content":{"rendered":"<p data-mrf-recirculation=\"Links P\u00e1rrafos\" class=\"ue-c-article__paragraph paragraph ue-c-article--first-letter-highlighted\">La victoria del <strong>Villarreal <\/strong>confirm\u00f3 el mejor arranque de temporada del <strong>submarino<\/strong>. Los amarillos superan el primer tercio de <strong>LaLiga<\/strong>, momento en el que se comienzan a extraer las primeras conclusiones del campeonato que, si no definitivas, ya comienzan a ser significativas, con n\u00fameros que nunca antes hab\u00edan cosechado a estas alturas del campeonato.<\/p>\n<p>Gol deOluwaseyi\u00a0(2-1) en el Villarreal 2-1 MallorcaSportian<\/p>\n<p data-mrf-recirculation=\"Links P\u00e1rrafos\" class=\"ue-c-article__paragraph paragraph\">Con la trabajada victoria ante el <strong>Mallorca <\/strong>(2-1), el equipo castellonense  firma el mejor arranque liguero de la historia en Primera, Los de <strong>Marcelino suman un total de 29 puntos <\/strong>en las primeras trece jornadas, superando as\u00ed los 2<strong>8 puntos que consigui\u00f3 en la campa\u00f1a 2007-08<\/strong>.<\/p>\n<p data-mrf-recirculation=\"Links P\u00e1rrafos\" class=\"ue-c-article__paragraph paragraph\"><strong>Marcelino <\/strong>agradeci\u00f3 el gran trabajo de su equipo, si bien destac\u00f3 que queda mucha liga por delante: \u201c LaLiga acaba en mayo y hay que seguir con esa mentalidad de querer ganar. Lo de hoy es importante porque sumamos <strong>13 de los \u00faltimos 15 puntos<\/strong>, son cuatro victorias consecutivas que desde mi regreso no lo hab\u00edamos conseguido. Hay que seguir as\u00ed en nuestro estadio. Hay que disfrutar e ir a por la siguiente competici\u00f3n\u201d, asegur\u00f3.<\/p>\n<p data-mrf-recirculation=\"Links P\u00e1rrafos\" class=\"ue-c-article__paragraph paragraph\">Con esta victoria los amarillos confirman tambi\u00e9n su excelente nivel como <strong>locales<\/strong>, <strong>donde son el mejor equipo del campeonato.<\/strong><\/p>\n","protected":false},"excerpt":{"rendered":"La victoria del Villarreal confirm\u00f3 el mejor arranque de temporada del submarino. Los amarillos superan el primer tercio&hellip;\n","protected":false},"author":2,"featured_media":251252,"comment_status":"","ping_status":"","sticky":false,"template":"","format":"standard","meta":{"footnotes":""},"categories":[268],"tags":[168,25,24,280,282,281,23,167],"class_list":{"0":"post-251251","1":"post","2":"type-post","3":"status-publish","4":"format-standard","5":"has-post-thumbnail","7":"category-futbol","8":"tag-deportes","9":"tag-es","10":"tag-espana","11":"tag-football","12":"tag-futbol","13":"tag-soccer","14":"tag-spain","15":"tag-sports"},"share_on_mastodon":{"url":"https:\/\/pubeurope.com\/@es\/115598634782603791","error":""},"_links":{"self":[{"href":"https:\/\/www.europesays.com\/es\/wp-json\/wp\/v2\/posts\/251251","targetHints":{"allow":["GET"]}}],"collection":[{"href":"https:\/\/www.europesays.com\/es\/wp-json\/wp\/v2\/posts"}],"about":[{"href":"https:\/\/www.europesays.com\/es\/wp-json\/wp\/v2\/types\/post"}],"author":[{"embeddable":true,"href":"https:\/\/www.europesays.com\/es\/wp-json\/wp\/v2\/users\/2"}],"replies":[{"embeddable":true,"href":"https:\/\/www.europesays.com\/es\/wp-json\/wp\/v2\/comments?post=251251"}],"version-history":[{"count":0,"href":"https:\/\/www.europesays.com\/es\/wp-json\/wp\/v2\/posts\/251251\/revisions"}],"wp:featuredmedia":[{"embeddable":true,"href":"https:\/\/www.europesays.com\/es\/wp-json\/wp\/v2\/media\/251252"}],"wp:attachment":[{"href":"https:\/\/www.europesays.com\/es\/wp-json\/wp\/v2\/media?parent=251251"}],"wp:term":[{"taxonomy":"category","embeddable":true,"href":"https:\/\/www.europesays.com\/es\/wp-json\/wp\/v2\/categories?post=251251"},{"taxonomy":"post_tag","embeddable":true,"href":"https:\/\/www.europesays.com\/es\/wp-json\/wp\/v2\/tags?post=251251"}],"curies":[{"name":"wp","href":"https:\/\/api.w.org\/{rel}","templated":true}]}}