{"id":251255,"date":"2025-11-23T10:53:14","date_gmt":"2025-11-23T10:53:14","guid":{"rendered":"https:\/\/www.europesays.com\/es\/251255\/"},"modified":"2025-11-23T10:53:14","modified_gmt":"2025-11-23T10:53:14","slug":"la-serena-transformacion-de-una-casa-de-la-infancia-en-aljucer-donde-pasado-y-presente-dialogan-entre-limoneros","status":"publish","type":"post","link":"https:\/\/www.europesays.com\/es\/251255\/","title":{"rendered":"La serena transformaci\u00f3n de una casa de la infancia en Aljucer donde pasado y presente dialogan entre limoneros"},"content":{"rendered":"<p align=\"justify\" style=\"text-align:justify\">MURCIA. Una casa en la pedan\u00eda murciana de Aljucer emerge entre los limoneros para hablar de muchas cosas, entre ellas\u00a0de la reivindicaci\u00f3n de las ra\u00edces y la identidad. Y es que, en este rinc\u00f3n de la huerta, quien lo habit\u00f3\u00a0en un pasado a\u00fan puede revivir momentos de su infancia, habiendo decidido ahora recuperar este espacio para que sea tambien presente y futuro. Para rehabilitar esta vivienda donde se cri\u00f3, este murciano ha contado con el trabajo y la sensibilidad exquisita de <strong>la arquitecta mazarronera Pepa D\u00edaz<\/strong>, quien ha obrado esta serena transformaci\u00f3n\u00a0desde el respeto por el legado de la arquitectura popular, al tiempo que\u00a0dejando su propio sello, en el que prima la sencillez al servicio del bienestar, as\u00ed como el uso de materiales naturales en di\u00e1logo con el entorno.<\/p>\n<p align=\"justify\" style=\"text-align:justify\">Esta intervenci\u00f3n, dec\u00edamos, habla de cosas. Tambi\u00e9n de la necesidad de preservar la arquitectura de las casas de la huerta. \u00abRecorrer los carriles, caminos, parajes\u2026 que tejen <strong>la huerta de Murcia<\/strong>, nos cuenta por un lado la maravillosa complejidad que trenza \u00e9sta y, por otro, el descuido por parte de todos a la que se ha visto sometida, la heterogeneidad de las construcciones, la desconexi\u00f3n de las ra\u00edces y la p\u00e9rdida de identidad\u00bb, reflexion\u00f3 la arquitecta el primer d\u00eda que visit\u00f3 la casa que posteriormente intervendr\u00eda.\u00a0<\/p>\n<p align=\"justify\" style=\"text-align:justify\">Se trata, en concreto, de\u00a0<strong>una vivienda original construida en el a\u00f1o 1958<\/strong> en un carril de Aljucer a\u00a0la que se le fueron anexando una serie de construcciones. Explica Pepa D\u00edaz, que lo primero que hizo fue demoler esos a\u00f1adidos, liberando la plataforma que exist\u00eda junto a la vivienda original, para posteriormente rehabilitarla adapt\u00e1ndola a las necesidades del habitante\u00a0y reorientando la casa hacia el patrimonio arb\u00f3reo que representa la huerta de Murcia.\u00a0La <strong>construcci\u00f3n inicial<\/strong>, no obstante, se aprovech\u00f3 completamente reduciendo as\u00ed el impacto medioambiental en aras del cumplimiento de los objetivos de desarrollo sostenible.<\/p>\n<p>Lenguaje propio<\/p>\n<p>&#13;<br \/>\n<img decoding=\"async\" alt=\"Rehabilitaci\u00f3n entre limoneros, un proyecto de Pepa D\u00edaz\" itemprop=\"url\" src=\"https:\/\/www.europesays.com\/es\/wp-content\/uploads\/2025\/11\/articulos-1721917.jpg\" title=\"Rehabilitaci\u00f3n entre limoneros, un proyecto de Pepa D\u00edaz - Foto: DAVID FRUTOS\"\/>&#13;<br \/>\n&#13;<br \/>\n&#13;<\/p>\n<ul itemprop=\"caption\">&#13;<\/p>\n<li class=\"media-pie\">Rehabilitaci\u00f3n entre limoneros, un proyecto de Pepa D\u00edaz &#8211;<\/li>\n<p>&#13;<\/p>\n<li class=\"media-autor\" itemprop=\"author\">Foto: DAVID FRUTOS<\/li>\n<p>&#13;\n<\/ul>\n<p>&#13;<br \/>\n&#13;<\/p>\n<p align=\"justify\" style=\"text-align:justify\">Como suele hacer la arquitecta mazarronera, su intervenci\u00f3n se convirti\u00f3 finalmente en una\u00a0reflexi\u00f3n sobre la relaci\u00f3n de espacio que habitamos con el entorno. En este caso, ten\u00eda claro que hab\u00eda que\u00a0\u00ab<strong>potenciar lo valioso y caracter\u00edstico de la edificaci\u00f3n original\u00bb<\/strong>\u00a0(como recoge la Ley de la calidad de la Arquitectura), \u00abpreservando el <strong>lenguaje propio<\/strong> de la misma, <strong>humilde pero de claridad constructiva rotunda\u00bb<\/strong>. Adem\u00e1s, los elementos nuevos introducidos deb\u00edan dialogar en armon\u00eda con este tipo de arquitectura.<\/p>\n<p align=\"justify\" style=\"text-align:justify\">El resultado, seg\u00fan palabras de Pepa D\u00edaz,\u00a0\u00abes una casa que busca <strong>el equilibrio entre su pasado y su presente<\/strong>, dando una visi\u00f3n transformadora de la <strong>intervenci\u00f3n sobre una arquitectura popular en abandono<\/strong>, que precisa de nuestro compromiso de recuperar este legado cultural de la sencillez y la mesura como respuesta eficaz\u00bb.<\/p>\n<p align=\"justify\" style=\"text-align:justify\">Tambi\u00e9n destaca que esta casa rehabilitada\u00a0\u00abresurge y reconecta a un habitante de vida y trabajo urbano con <strong>la serenidad<\/strong> que aporta la extensi\u00f3n de la huerta murciana, ejercicio marcado principalmente por un giro de noventa grados, en el que la casa genera <strong>nuevas aperturas<\/strong> en la medianera y texturas que arrastran hacia ella el lugar y contexto donde se ubica\u00bb.<\/p>\n<p>Terraza para una vida mediterr\u00e1nea<\/p>\n<p>&#13;<\/p>\n<p>&#13;<br \/>\n<img decoding=\"async\" alt=\"Rehabilitaci\u00f3n entre limoneros, un proyecto de Pepa D\u00edaz\" itemprop=\"url\" src=\"https:\/\/www.europesays.com\/es\/wp-content\/uploads\/2025\/11\/articulos-1721916.jpg\" title=\"Rehabilitaci\u00f3n entre limoneros, un proyecto de Pepa D\u00edaz - Foto: DAVID FRUTOS\"\/>&#13;<br \/>\n&#13;<br \/>\n&#13;<\/p>\n<ul itemprop=\"caption\">&#13;<\/p>\n<li class=\"media-pie\">Rehabilitaci\u00f3n entre limoneros, un proyecto de Pepa D\u00edaz &#8211;<\/li>\n<p>&#13;<\/p>\n<li class=\"media-autor\" itemprop=\"author\">Foto: DAVID FRUTOS<\/li>\n<p>&#13;\n<\/ul>\n<p>&#13;<br \/>\n&#13;<\/p>\n<p>&#13;<\/p>\n<p align=\"justify\" style=\"text-align:justify\">En este sentido, cobra protagonismo\u00a0el espacio de transici\u00f3n que se ha creado entre la casa y la huerta: una\u00a0<strong>terraza que surge<\/strong> -tras la demolici\u00f3n de esos anexos descontextualizados- como espacio intermedio, \u00abd\u00f3nde se puede desarrollar<strong> la vida de car\u00e1cter mediterr\u00e1neo<\/strong> y el clima del que tanto disfrutamos los que habitamos en ella\u00bb.<\/p>\n<p align=\"justify\" style=\"text-align:justify\">Respecto al interior, esta profesional de la Regi\u00f3n a\u00f1ade que originalmente estaba<strong>\u00a0<\/strong>tabicado con peque\u00f1as estancias y que el habitante demandaba poder disfrutar de <strong>un concepto m\u00e1s contempor\u00e1neo del espacio<\/strong>. Para ello, \u00abconectamos el espacio tanto en el plano horizontal como en altura. Dimos un nuevo uso en <strong>planta primera<\/strong> a lo que originalmente era la c\u00e1mara de secado de embutidos\u00a0y se conect\u00f3 con la zona de d\u00eda de la planta baja, enriqueciendo el espacio y <strong>desnudando la estructura de la casa<\/strong>\u00ab.<\/p>\n<p align=\"justify\" style=\"text-align:justify\">Con todo ello, esta rehabilitaci\u00f3n\u00a0ofrece una manera contempor\u00e1nea de habitar la huerta, sin perder su esencia e identidad, como se declara en esa fachada tradicional que emerge entre los limoneros, para sorprender con un interior que sigue hablando el mismo\u00a0lenguaje pero llevado al siglo XXI.<\/p>\n<p>&#13;<br \/>\n<img decoding=\"async\" alt=\"Rehabilitaci\u00f3n entre limoneros, un proyecto de Pepa D\u00edaz\" itemprop=\"url\" src=\"https:\/\/www.europesays.com\/es\/wp-content\/uploads\/2025\/11\/articulos-1721920.jpg\" title=\"Rehabilitaci\u00f3n entre limoneros, un proyecto de Pepa D\u00edaz - Foto: DAVID FRUTOS\"\/>&#13;<br \/>\n&#13;<br \/>\n&#13;<\/p>\n<ul itemprop=\"caption\">&#13;<\/p>\n<li class=\"media-pie\">Rehabilitaci\u00f3n entre limoneros, un proyecto de Pepa D\u00edaz &#8211;<\/li>\n<p>&#13;<\/p>\n<li class=\"media-autor\" itemprop=\"author\">Foto: DAVID FRUTOS<\/li>\n<p>&#13;\n<\/ul>\n<p>&#13;<br \/>\n&#13;<\/p>\n<p>\u00a0<\/p>\n","protected":false},"excerpt":{"rendered":"MURCIA. Una casa en la pedan\u00eda murciana de Aljucer emerge entre los limoneros para hablar de muchas cosas,&hellip;\n","protected":false},"author":2,"featured_media":251256,"comment_status":"","ping_status":"","sticky":false,"template":"","format":"standard","meta":{"footnotes":""},"categories":[173],"tags":[229,233,231,230,232,234,146,147,25,24,23],"class_list":{"0":"post-251255","1":"post","2":"type-post","3":"status-publish","4":"format-standard","5":"has-post-thumbnail","7":"category-arte-y-diseno","8":"tag-arte","9":"tag-arte-y-diseno","10":"tag-arts","11":"tag-arts-and-design","12":"tag-design","13":"tag-diseno","14":"tag-entertainment","15":"tag-entretenimiento","16":"tag-es","17":"tag-espana","18":"tag-spain"},"share_on_mastodon":{"url":"https:\/\/pubeurope.com\/@es\/115598643294886429","error":""},"_links":{"self":[{"href":"https:\/\/www.europesays.com\/es\/wp-json\/wp\/v2\/posts\/251255","targetHints":{"allow":["GET"]}}],"collection":[{"href":"https:\/\/www.europesays.com\/es\/wp-json\/wp\/v2\/posts"}],"about":[{"href":"https:\/\/www.europesays.com\/es\/wp-json\/wp\/v2\/types\/post"}],"author":[{"embeddable":true,"href":"https:\/\/www.europesays.com\/es\/wp-json\/wp\/v2\/users\/2"}],"replies":[{"embeddable":true,"href":"https:\/\/www.europesays.com\/es\/wp-json\/wp\/v2\/comments?post=251255"}],"version-history":[{"count":0,"href":"https:\/\/www.europesays.com\/es\/wp-json\/wp\/v2\/posts\/251255\/revisions"}],"wp:featuredmedia":[{"embeddable":true,"href":"https:\/\/www.europesays.com\/es\/wp-json\/wp\/v2\/media\/251256"}],"wp:attachment":[{"href":"https:\/\/www.europesays.com\/es\/wp-json\/wp\/v2\/media?parent=251255"}],"wp:term":[{"taxonomy":"category","embeddable":true,"href":"https:\/\/www.europesays.com\/es\/wp-json\/wp\/v2\/categories?post=251255"},{"taxonomy":"post_tag","embeddable":true,"href":"https:\/\/www.europesays.com\/es\/wp-json\/wp\/v2\/tags?post=251255"}],"curies":[{"name":"wp","href":"https:\/\/api.w.org\/{rel}","templated":true}]}}