{"id":251257,"date":"2025-11-23T10:55:10","date_gmt":"2025-11-23T10:55:10","guid":{"rendered":"https:\/\/www.europesays.com\/es\/251257\/"},"modified":"2025-11-23T10:55:10","modified_gmt":"2025-11-23T10:55:10","slug":"bailando-con-las-estrellas-sorprendio-con-una-expulsion-inesperada-para-definir-su-grupo-de-finalistas","status":"publish","type":"post","link":"https:\/\/www.europesays.com\/es\/251257\/","title":{"rendered":"&#8216;Bailando con las estrellas&#8217; sorprendi\u00f3 con una expulsi\u00f3n inesperada para definir su grupo de finalistas"},"content":{"rendered":"<p class=\"article-text\">\n        <strong>Bailando con las estrellas<\/strong> eligi\u00f3 este s\u00e1bado a los cuatro concursantes que competir\u00e1n en la gala final del pr\u00f3ximo 29 de noviembre, d\u00eda en el que se pondr\u00e1 el broche de oro a una edici\u00f3n marcada por las tensiones y los contratiempos: en m\u00e1s de una ocasi\u00f3n han saltado chispas entre los bailarines y los miembros del jurado, y no son pocos los que han tenido que abandonar la competici\u00f3n por alguna dolorosa lesi\u00f3n.\n    <\/p>\n<p>    <a href=\"https:\/\/www.eldiario.es\/vertele\/entrevistas\/anatomia-de-un-instante-serie-movistar-plus-tomo-congreso-ujieres-decian-igual-afortunadamente-ficcion-alberto-rodriguez-rafael-cobos-fran-araujo_1_12786179.html\" data-mrf-recirculation=\"saber-mas\" data-dl-event=\"saber-mas\" rel=\"nofollow noopener\" target=\"_blank\"><\/p>\n<p class=\"know-more__title\">Cuando &#8216;Anatom\u00eda de un instante&#8217; tom\u00f3 el Congreso: \u00abLos ujieres dec\u00edan &#8216;es igual&#8217;, pero afortunadamente era ficci\u00f3n\u00bb<\/p>\n<p>            <img decoding=\"async\" class=\"lazy\" loading=\"lazy\" data-src=\"https:\/\/static.eldiario.es\/clip\/72432737-c621-47fd-af4f-fa0d86d74f0d_16-9-aspect-ratio_default_0.jpg\" src=\"data:image\/svg+xml,%3Csvg xmlns=\" http:=\"\" viewbox=\"0 0 880 495\" alt=\"Cuando 'Anatom\u00eda de un instante' tom\u00f3 el Congreso: &quot;Los ujieres dec\u00edan 'es igual', pero afortunadamente era ficci\u00f3n&quot;\"\/><\/p>\n<p>                        <\/a><\/p>\n<p class=\"article-text\">\n        En la gala de ayer se enfrentaron primero <strong>Tania Medina<\/strong> y <strong>Nona Sobo<\/strong>, nominadas en la entrega de la semana pasada. A la hora de valorar sus actuaciones, el jurado se mostr\u00f3 bastante dividido: Sobo recibi\u00f3 tres votos frente a los dos que consigui\u00f3 la exparticipante de La isla de las tentaciones.\n    <\/p>\n<p class=\"article-text\">\n        \u201cQuiero darle las gracias al jurado porque ha sido supercari\u00f1oso y con mucho tacto me ha sabido decir lo que ten\u00eda que mejorar\u201d, reaccion\u00f3 la expulsada, emocionada por el apoyo del p\u00fablico semana a semana: \u201cHe disfrutado de esta experiencia y no le doy un diez, le doy un mil\u201d.\n    <\/p>\n<p>            <img decoding=\"async\" class=\"lazy\" loading=\"lazy\" data-src=\"https:\/\/static.eldiario.es\/clip\/21e39737-a544-42ee-bf50-b6c8791114b2_16-9-discover-aspect-ratio_default_0.jpg\" src=\"data:image\/svg+xml,%3Csvg xmlns=\" http:=\"\" viewbox=\"0 0 1200 675\" alt=\"Jes\u00fas V\u00e1zquez con Tania Medina y Nona Sobo en 'Bailando con las estrellas'\"\/><\/p>\n<p class=\"article-text\">\n        Quedaba as\u00ed compuesto el grupo de finalistas de la tercera edici\u00f3n de Bailando con las estrellas. Parec\u00eda que <strong>Anabel Pantoja<\/strong>, <strong>Jorge Gonz\u00e1lez<\/strong>, <strong>Nerea Rodr\u00edguez<\/strong>, <strong>Blanca Romero<\/strong> y <strong>Nona Sobo<\/strong> ten\u00edan garantizado su pase a la final, pero nada m\u00e1s lejos de la realidad.\n    <\/p>\n<p class=\"article-text\">\n        El programa sorprendi\u00f3 al p\u00fablico y a los concursantes con un anuncio inesperado: <strong>a continuaci\u00f3n se realizar\u00eda otra expulsi\u00f3n<\/strong>, la segunda de la noche.\n    <\/p>\n<blockquote class=\"twitter-tweet\" data-lang=\"es\"><p><a href=\"https:\/\/twitter.com\/X\/status\/1992380009483526576?ref_src=twsrc%5Etfw\" rel=\"nofollow noopener\" target=\"_blank\"><\/p><\/blockquote>\n<p>    Blanca Romero cae eliminada en &#8216;Bailando con las estrellas&#8217;<\/p>\n<p class=\"article-text\">\n        Los aspirantes subieron al escenario \u2013m\u00e1s nerviosos si cabe\u2013 para realizar sus coreograf\u00edas y someterse de nuevo a la valoraci\u00f3n de la audiencia y el jurado. Nerea y Blanca fueron las menos votadas, as\u00ed que se enfrentaron en &#8216;el \u00faltimo baile&#8217;, la prueba m\u00e1s temida del concurso. <strong>Finalmente, Nerea mantuvo el apoyo de los jueces con cuatro votos a su favor<\/strong>. La actriz solo tuvo el respaldo de <strong>Pelayo D\u00edaz<\/strong>.\n    <\/p>\n<p class=\"article-text\">\n        \u201cMe voy feliz, en un momento maravilloso. Gracias por la experiencia\u201d, declar\u00f3 al int\u00e9rprete, que ha resistido en el programa mucho m\u00e1s de lo esperado por algunos miembros del jurado. Con algunos de ellos tuvo <a href=\"https:\/\/www.eldiario.es\/vertele\/noticias\/gorka-marquez-julia-gomez-cora-enfrentamiento-bailando-con-las-estrellas-telecinco-blanca-romero_1_12772083.html\" target=\"_blank\" data-mrf-recirculation=\"links-noticia\" class=\"link\" rel=\"nofollow noopener\">peque\u00f1os encontronazos<\/a>, pero, a pesar de todo, ayer solo hubo buenas palabras: \u201cSois el jurado m\u00e1s guapo y m\u00e1s top de toda la cadena\u201d, les dijo.\n    <\/p>\n<p>    <a href=\"https:\/\/www.eldiario.es\/vertele\/audiencias-tv\/sabado-22-noviembre-2025-bailando-con-las-estrellas-telecinco-semifinal-ruleta-suerte-la-sexta-explica_1_12790179.html\" data-mrf-recirculation=\"saber-mas-abajo\" data-dl-event=\"saber-mas-abajo\" rel=\"nofollow noopener\" target=\"_blank\"><\/p>\n<p class=\"know-more__title\">&#8216;Bailando con las estrellas&#8217; (12%) recupera el liderazgo, &#8216;La Ruleta&#8217; cae a m\u00ednimo y &#8216;laSexta Xplica&#8217; marca r\u00e9cord<\/p>\n<p>            <img decoding=\"async\" class=\"lazy\" loading=\"lazy\" data-src=\"https:\/\/static.eldiario.es\/clip\/7217345d-5c5d-434d-af4d-7ff538e8de3a_16-9-aspect-ratio_default_0.jpg\" src=\"data:image\/svg+xml,%3Csvg xmlns=\" http:=\"\" viewbox=\"0 0 880 495\" alt=\"'Bailando con las estrellas' (12%) recupera el liderazgo, 'La Ruleta' cae a m\u00ednimo y 'laSexta Xplica' marca r\u00e9cord\"\/><\/p>\n<p>                        <\/a><\/p>\n<p class=\"article-text\">\n        Hecha esta \u00faltima expulsi\u00f3n, quedaba constituido el grupo de finalistas: <strong>Nerea Rodr\u00edguez<\/strong>, <strong>Anabel Pantoja<\/strong>, <strong>Jorge Gonz\u00e1lez<\/strong> y <strong>Nona Sobo<\/strong> competir\u00e1n por la victoria en la \u00faltima gala de Bailando con las estrellas.\n    <\/p>\n<blockquote class=\"twitter-tweet\" data-lang=\"es\"><p><a href=\"https:\/\/twitter.com\/X\/status\/1992396769582596487?ref_src=twsrc%5Etfw\" rel=\"nofollow noopener\" target=\"_blank\"><\/p><\/blockquote>\n<p>                                    <script async src=\"https:\/\/platform.twitter.com\/widgets.js\" charset=\"utf-8\"><\/script><\/p>\n","protected":false},"excerpt":{"rendered":"Bailando con las estrellas eligi\u00f3 este s\u00e1bado a los cuatro concursantes que competir\u00e1n en la gala final del&hellip;\n","protected":false},"author":2,"featured_media":251258,"comment_status":"","ping_status":"","sticky":false,"template":"","format":"standard","meta":{"footnotes":""},"categories":[171],"tags":[15762,35350,146,147,25,24,782,3193,2880,100,6055,39774,23,214],"class_list":{"0":"post-251257","1":"post","2":"type-post","3":"status-publish","4":"format-standard","5":"has-post-thumbnail","7":"category-tv","8":"tag-bailando","9":"tag-definir","10":"tag-entertainment","11":"tag-entretenimiento","12":"tag-es","13":"tag-espana","14":"tag-estrellas","15":"tag-expulsion","16":"tag-finalistas","17":"tag-grupo","18":"tag-inesperada","19":"tag-sorprendio","20":"tag-spain","21":"tag-tv"},"share_on_mastodon":{"url":"","error":""},"_links":{"self":[{"href":"https:\/\/www.europesays.com\/es\/wp-json\/wp\/v2\/posts\/251257","targetHints":{"allow":["GET"]}}],"collection":[{"href":"https:\/\/www.europesays.com\/es\/wp-json\/wp\/v2\/posts"}],"about":[{"href":"https:\/\/www.europesays.com\/es\/wp-json\/wp\/v2\/types\/post"}],"author":[{"embeddable":true,"href":"https:\/\/www.europesays.com\/es\/wp-json\/wp\/v2\/users\/2"}],"replies":[{"embeddable":true,"href":"https:\/\/www.europesays.com\/es\/wp-json\/wp\/v2\/comments?post=251257"}],"version-history":[{"count":0,"href":"https:\/\/www.europesays.com\/es\/wp-json\/wp\/v2\/posts\/251257\/revisions"}],"wp:featuredmedia":[{"embeddable":true,"href":"https:\/\/www.europesays.com\/es\/wp-json\/wp\/v2\/media\/251258"}],"wp:attachment":[{"href":"https:\/\/www.europesays.com\/es\/wp-json\/wp\/v2\/media?parent=251257"}],"wp:term":[{"taxonomy":"category","embeddable":true,"href":"https:\/\/www.europesays.com\/es\/wp-json\/wp\/v2\/categories?post=251257"},{"taxonomy":"post_tag","embeddable":true,"href":"https:\/\/www.europesays.com\/es\/wp-json\/wp\/v2\/tags?post=251257"}],"curies":[{"name":"wp","href":"https:\/\/api.w.org\/{rel}","templated":true}]}}