{"id":251267,"date":"2025-11-23T11:02:14","date_gmt":"2025-11-23T11:02:14","guid":{"rendered":"https:\/\/www.europesays.com\/es\/251267\/"},"modified":"2025-11-23T11:02:14","modified_gmt":"2025-11-23T11:02:14","slug":"la-generalitat-reduce-la-burocracia-en-ayudas-al-id","status":"publish","type":"post","link":"https:\/\/www.europesays.com\/es\/251267\/","title":{"rendered":"La Generalitat reduce la burocracia en ayudas al I+D"},"content":{"rendered":"<p>                        <strong>La Conselleria de Innovaci\u00f3n, Industria, Comercio y Turismo ha concedido 12,4 millones de euros en ayudas a trav\u00e9s de Ivace+i Innovaci\u00f3n para impulsar 58 proyectos de I+D con impacto directo en la cadena de valor<\/strong><\/p>\n<p data-start=\"722\" data-end=\"1291\">Los fondos permitir\u00e1n desarrollar soluciones que mejoren productos, procesos y servicios en distintos sectores, con especial atenci\u00f3n a proyectos orientados al reciclado y valorizaci\u00f3n de residuos, resiliencia clim\u00e1tica, prevenci\u00f3n de emergencias, h\u00e1bitat sostenible, salud y seguridad industrial. La consellera Mari\u00e1n Cano subray\u00f3 que este instrumento \u201cpotencia la colaboraci\u00f3n del tejido productivo para impulsar la competitividad empresarial\u201d, destacando el creciente inter\u00e9s del sector: 177 proyectos se presentaron este a\u00f1o al programa.<\/p>\n<p><strong>Cano remarc\u00f3 la introducci\u00f3n de mejoras administrativas que reducen la carga burocr\u00e1tica para las empresas\u00a0<\/strong><\/p>\n<p data-start=\"1333\" data-end=\"1876\">Por primera vez, se implementar\u00e1 un sistema de justificaci\u00f3n simplificada, que funcionar\u00e1 como prueba piloto para futuras convocatorias. En este modelo, las entidades deber\u00e1n presentar \u00fanicamente las n\u00f3minas y pagos a la Seguridad Social para justificar los costes de personal, mientras que recibir\u00e1n un 40 % adicional para otros gastos indispensables sin necesidad de aportar m\u00e1s facturas.<\/p>\n<p data-start=\"1878\" data-end=\"2134\">Con esta resoluci\u00f3n, Ivace+i Innovaci\u00f3n ha asignado ya la mayor parte de las ayudas previstas en concurrencia competitiva para proyectos de I+D+i, a falta \u00fanicamente del programa para iniciativas estrat\u00e9gicas en cooperaci\u00f3n, el de mayor dotaci\u00f3n y demanda.<\/p>\n<p><strong>Estas subvenciones del programa de Consolidaci\u00f3n de la Cadena de Valor Empresarial, beneficiar\u00e1n a cerca de 90 empresas<\/strong><\/p>\n<p data-start=\"2136\" data-end=\"2516\">Este conjunto de convocatorias fomenta el desarrollo de proyectos innovadores, la transferencia cient\u00edfica al tejido empresarial y la colaboraci\u00f3n p\u00fablico-privada entre empresas, centros tecnol\u00f3gicos y entidades de investigaci\u00f3n. Las ayudas cuentan con el respaldo de la Uni\u00f3n Europea, que financia el 60 % del presupuesto a trav\u00e9s del programa Comunitat Valenciana 2021-2027.<\/p>\n","protected":false},"excerpt":{"rendered":"La Conselleria de Innovaci\u00f3n, Industria, Comercio y Turismo ha concedido 12,4 millones de euros en ayudas a trav\u00e9s&hellip;\n","protected":false},"author":2,"featured_media":251268,"comment_status":"","ping_status":"","sticky":false,"template":"","format":"standard","meta":{"footnotes":""},"categories":[80],"tags":[63643,82,63644,63645,95,94,25,24,2010,2893,60116,23],"class_list":{"0":"post-251267","1":"post","2":"type-post","3":"status-publish","4":"format-standard","5":"has-post-thumbnail","7":"category-economia","8":"tag-ayudas-id","9":"tag-business","10":"tag-comercio-y-turismo","11":"tag-conselleria-de-innovacion","12":"tag-economia","13":"tag-economy","14":"tag-es","15":"tag-espana","16":"tag-generalitat","17":"tag-industria","18":"tag-marian-cano","19":"tag-spain"},"share_on_mastodon":{"url":"https:\/\/pubeurope.com\/@es\/115598678095451934","error":""},"_links":{"self":[{"href":"https:\/\/www.europesays.com\/es\/wp-json\/wp\/v2\/posts\/251267","targetHints":{"allow":["GET"]}}],"collection":[{"href":"https:\/\/www.europesays.com\/es\/wp-json\/wp\/v2\/posts"}],"about":[{"href":"https:\/\/www.europesays.com\/es\/wp-json\/wp\/v2\/types\/post"}],"author":[{"embeddable":true,"href":"https:\/\/www.europesays.com\/es\/wp-json\/wp\/v2\/users\/2"}],"replies":[{"embeddable":true,"href":"https:\/\/www.europesays.com\/es\/wp-json\/wp\/v2\/comments?post=251267"}],"version-history":[{"count":0,"href":"https:\/\/www.europesays.com\/es\/wp-json\/wp\/v2\/posts\/251267\/revisions"}],"wp:featuredmedia":[{"embeddable":true,"href":"https:\/\/www.europesays.com\/es\/wp-json\/wp\/v2\/media\/251268"}],"wp:attachment":[{"href":"https:\/\/www.europesays.com\/es\/wp-json\/wp\/v2\/media?parent=251267"}],"wp:term":[{"taxonomy":"category","embeddable":true,"href":"https:\/\/www.europesays.com\/es\/wp-json\/wp\/v2\/categories?post=251267"},{"taxonomy":"post_tag","embeddable":true,"href":"https:\/\/www.europesays.com\/es\/wp-json\/wp\/v2\/tags?post=251267"}],"curies":[{"name":"wp","href":"https:\/\/api.w.org\/{rel}","templated":true}]}}