{"id":251277,"date":"2025-11-23T11:14:11","date_gmt":"2025-11-23T11:14:11","guid":{"rendered":"https:\/\/www.europesays.com\/es\/251277\/"},"modified":"2025-11-23T11:14:11","modified_gmt":"2025-11-23T11:14:11","slug":"eric-garcia-el-imprescindible-de-flick","status":"publish","type":"post","link":"https:\/\/www.europesays.com\/es\/251277\/","title":{"rendered":"Eric Garcia, el imprescindible de Flick"},"content":{"rendered":"<p class=\"ft-text\">Hace solo un a\u00f1o, con los 17 primeros partidos de la temporada disputados, Eric Garcia hab\u00eda jugado 449 minutos. Cierto es que una inoportuna pubalg\u00eda provoc\u00f3 que tuviese que estar parado unas semanas cuando estaba siendo titular jugando como medio centro. Aquella lesi\u00f3n provoc\u00f3 que perdiese protagonismo en el equipo y se plantease salir en el mercado de invierno rumbo al Girona de M\u00edchel, el entrenador con el que hab\u00eda brillado el curso anterior en Montilivi. Las palabras de Hansi Flick y un gol decisivo en Lisboa ante el Benfica lo cambiaron todo.<\/p>\n<p class=\"ft-text\">El de Martorell se qued\u00f3 en el Bar\u00e7a y es hoy imprescindible para Flick. <strong>Es el \u00fanico futbolista de la plantilla que ha jugado los 17 partidos que se han disputado, siendo titular en catorce de ellos. Suma 1.285 minutos, siendo el futbolista m\u00e1s utilizado por el entrenador alem\u00e1n<\/strong> por delante de Kound\u00e9 (1.190), Rashford (1.134) y Frenkie de Jong (1.124). Es su hombre de confianza y lo ha utilizado ya en cuatro posiciones. Como central, su h\u00e1bitat natural, lateral derecho, medio centro e incluso unos minutos en la banda izquierda de la defensa.<\/p>\n<p class=\"ft-text\">Ante el Athletic, en el retorno del equipo al Spotify Camp Nou, Eric Garcia volvi\u00f3 a la posici\u00f3n de medio centro para cubrir las ausencias de los dos titulares: Frenkie de Jong (sancionado) y Pedri (lesionado). <a class=\"ft-link ft-link--decoration\" href=\"https:\/\/www.sport.es\/es\/noticias\/barca\/lesion-eric-garcia-parte-medico-123412155\" rel=\"nofollow noopener\" target=\"_blank\">Lo hizo con la m\u00e1scara que viene utilizando desde que se rompi\u00f3 la nariz en Brujas<\/a>. Dicen que pierdes visi\u00f3n perif\u00e9rica. No se not\u00f3 en el de Martorell, que realiz\u00f3 un partido m\u00e1s que completo, un encuentro de sobresaliente. <strong>Fue valiente para ir a presionar hacia delante. Ello hizo que recuperase los balones que acabaron significando el primero y el tercer gol del Bar\u00e7a<\/strong>. En este \u00faltimo, su asistencia a Ferm\u00edn fue perfecta para que el andaluz batiese a Unai Sim\u00f3n. Con el partido resuelto, Flick sustituy\u00f3 a Eric pensando ya en el encuentro de Champions contra el Chelsea. La felicitaci\u00f3n del alem\u00e1n en la banda a su jugador fue muy efusiva mientras recog\u00eda el reconocimiento del p\u00fablico, que core\u00f3 su nombre mientras se encaminaba hacia la banda.<\/p>\n<p class=\"ft-text\">Eric est\u00e1 feliz en el Bar\u00e7a, equipo en el que se form\u00f3, antes de aceptar una aventura en el Manchester City y al que volvi\u00f3 en 2021 con la carta de libertad. Flick est\u00e1 muy contento con su futbolista. Por ello, aprieta para que se cierre su renovaci\u00f3n.<strong> Acaba contrato el de Martorell el pr\u00f3ximo 30 de junio<\/strong> y las negociaciones entre Deco, director deportivo del club, e Iv\u00e1n De la Pe\u00f1a, representante del futbolista, se iniciaron hace semanas. Aunque poco a poco, avanzan y l<strong>as dos partes esperan que el futbolista pueda firmar un nuevo contrato antes de final de a\u00f1o<\/strong>, pues en enero podr\u00eda negociar con cualquier otro club. Alg\u00fan grande de Europa, como el PSG, puede llamar a su puerta, pero Eric solo piensa en azulgrana. <a class=\"ft-link ft-link--decoration\" href=\"https:\/\/www.sport.es\/es\/noticias\/barca\/eric-acerca-renovacion-123658420\" rel=\"nofollow noopener\" target=\"_blank\">Su vinculaci\u00f3n con el Bar\u00e7a podr\u00eda extenderse por tres o cuatro temporadas<\/a>.<\/p>\n","protected":false},"excerpt":{"rendered":"Hace solo un a\u00f1o, con los 17 primeros partidos de la temporada disputados, Eric Garcia hab\u00eda jugado 449&hellip;\n","protected":false},"author":2,"featured_media":251278,"comment_status":"","ping_status":"","sticky":false,"template":"","format":"standard","meta":{"footnotes":""},"categories":[268],"tags":[168,22613,10445,25,24,4970,280,282,3142,9402,281,23,167],"class_list":{"0":"post-251277","1":"post","2":"type-post","3":"status-publish","4":"format-standard","5":"has-post-thumbnail","7":"category-futbol","8":"tag-deportes","9":"tag-eric","10":"tag-eric-garcia","11":"tag-es","12":"tag-espana","13":"tag-flick","14":"tag-football","15":"tag-futbol","16":"tag-garcia","17":"tag-imprescindible","18":"tag-soccer","19":"tag-spain","20":"tag-sports"},"share_on_mastodon":{"url":"https:\/\/pubeurope.com\/@es\/115598725421126676","error":""},"_links":{"self":[{"href":"https:\/\/www.europesays.com\/es\/wp-json\/wp\/v2\/posts\/251277","targetHints":{"allow":["GET"]}}],"collection":[{"href":"https:\/\/www.europesays.com\/es\/wp-json\/wp\/v2\/posts"}],"about":[{"href":"https:\/\/www.europesays.com\/es\/wp-json\/wp\/v2\/types\/post"}],"author":[{"embeddable":true,"href":"https:\/\/www.europesays.com\/es\/wp-json\/wp\/v2\/users\/2"}],"replies":[{"embeddable":true,"href":"https:\/\/www.europesays.com\/es\/wp-json\/wp\/v2\/comments?post=251277"}],"version-history":[{"count":0,"href":"https:\/\/www.europesays.com\/es\/wp-json\/wp\/v2\/posts\/251277\/revisions"}],"wp:featuredmedia":[{"embeddable":true,"href":"https:\/\/www.europesays.com\/es\/wp-json\/wp\/v2\/media\/251278"}],"wp:attachment":[{"href":"https:\/\/www.europesays.com\/es\/wp-json\/wp\/v2\/media?parent=251277"}],"wp:term":[{"taxonomy":"category","embeddable":true,"href":"https:\/\/www.europesays.com\/es\/wp-json\/wp\/v2\/categories?post=251277"},{"taxonomy":"post_tag","embeddable":true,"href":"https:\/\/www.europesays.com\/es\/wp-json\/wp\/v2\/tags?post=251277"}],"curies":[{"name":"wp","href":"https:\/\/api.w.org\/{rel}","templated":true}]}}