{"id":251279,"date":"2025-11-23T11:15:15","date_gmt":"2025-11-23T11:15:15","guid":{"rendered":"https:\/\/www.europesays.com\/es\/251279\/"},"modified":"2025-11-23T11:15:15","modified_gmt":"2025-11-23T11:15:15","slug":"oscar-alonso-transformo-un-reto-personal-en-una-carrera-creativa-que-inspira-2","status":"publish","type":"post","link":"https:\/\/www.europesays.com\/es\/251279\/","title":{"rendered":"\u00d3scar Alonso transform\u00f3 un reto personal en una carrera creativa que inspira"},"content":{"rendered":"<p>\n        <strong>Detr\u00e1s del nombre de usuario <\/strong><a href=\"http:\/\/www.72kilos.com\/\" title=\"@72kilos\" rel=\"nofollow noopener\" target=\"_blank\" class=\"link copy\"><strong>@72kilos<\/strong><\/a><strong> se esconde el talento, la sensibilidad y la constancia de \u00d3scar Alonso<\/strong>, un publicista bilbaino nacido en 1983 que un d\u00eda decidi\u00f3 dar un giro a su vida. <strong>Todo comenz\u00f3 con un prop\u00f3sito de cambio: bajar de 92 a 72 kilos.<\/strong> Para conseguirlo, combin\u00f3 su afici\u00f3n por el running con otra de sus pasiones: el dibujo, y <strong>empez\u00f3 a crear cada d\u00eda una vi\u00f1eta que reflejara su proceso de superaci\u00f3n personal<\/strong>. Lo que naci\u00f3 como un reto \u00edntimo acab\u00f3 convirti\u00e9ndose en un fen\u00f3meno seguido por millones de personas en todo el mundo.\n<\/p>\n<p class=\"article-body__text \">\n        Con pocas palabras y dibujos sencillos,<strong> \u00d3scar logr\u00f3 conectar con el p\u00fablico a trav\u00e9s de mensajes sobre el <\/strong><a href=\"https:\/\/www.deia.eus\/tags\/amor\/\" title=\"amor\" target=\"_blank\" class=\"link copy\" rel=\"nofollow noopener\"><strong>amor<\/strong><\/a><strong>, la amistad, la superaci\u00f3n y la esperanza<\/strong>, inspirados tanto en sus propias experiencias como en las historias que escucha a su alrededor. Publica una vi\u00f1eta cada d\u00eda, casi siempre por la noche, sin presi\u00f3n ni estrategias de marketing: solo busca que el dibujo le guste a \u00e9l y que, de alguna manera, pueda ayudar a alguien m\u00e1s. Esa honestidad ha sido una de las claves de su \u00e9xito.\n<\/p>\n<p class=\"article-body__text \">\n        En su juventud estuvo a punto de estudiar Psicolog\u00eda, aunque finalmente se licenci\u00f3 en Publicidad y Relaciones P\u00fablicas. Sin embargo,<strong> esa vena introspectiva y humana que lo llev\u00f3 a interesarse por la mente nunca desapareci\u00f3.<\/strong> Ha encontrado en sus vi\u00f1etas un modo de canalizarla: peque\u00f1as sesiones de reflexi\u00f3n colectiva donde el humor, la ternura y la empat\u00eda conviven en equilibrio. En cada trazo hay un intento de entender lo que nos pasa a todos.\n<\/p>\n<p><strong>\u2018Un libro contigo\u2019<\/strong><\/p>\n<p>Entre sus proyectos m\u00e1s especiales est\u00e1 Un libro contigo, un ejercicio creativo en el que el lector participa. \u00d3scar propone temas, preguntas o reflexiones, algunas dif\u00edciles, para que cada persona escriba o dibuje sus respuestas. El resultado es que no existen dos libros iguales, convirti\u00e9ndolo en una experiencia \u00fanica y personal.<\/p>\n<p><strong>Platanomel\u00f3n\u00a0<\/strong><\/p>\n<p>Dibujar sobre el amor (y el sexo). Pese a su personalidad t\u00edmida, \u00d3scar se atrevi\u00f3 a colaborar con la marca Platanomel\u00f3n, centrando sus vi\u00f1etas en la sexualidad y las relaciones de pareja. Aunque al principio le cost\u00f3 abordar estos temas, pronto entendi\u00f3 su importancia y descubri\u00f3 que son algunas de sus publicaciones m\u00e1s populares.<\/p>\n<p>  De publicista a \u2018influencer\u2019<\/p>\n<p class=\"article-body__text \">\n        Su trayectoria como publicista <strong>le ense\u00f1\u00f3 a comunicar de forma eficaz, a condensar ideas complejas en mensajes breves y directos<\/strong>. Ese aprendizaje lo traslad\u00f3 con naturalidad a su universo art\u00edstico, utilizando el lenguaje visual como herramienta principal de conexi\u00f3n. \u201cEn publicidad tienes poco espacio para decir mucho\u201d, ha reconocido, y esa econom\u00eda de recursos es hoy su sello personal en @72kilos.\n<\/p>\n<p class=\"article-photo__footer\">\n            Una de las vi\u00f1etas que sube a sus redes sociales            @72kilos        <\/p>\n<p class=\"article-body__text \">\n        Cuando su proyecto empez\u00f3 a consolidarse y <strong>su trabajo creci\u00f3, llegando incluso a colaborar con grandes marcas y medios, <\/strong>\u00d3scar tom\u00f3 una decisi\u00f3n valiente: <strong>abandon\u00f3 la agencia de publicidad en la que trabajaba para dedicarse por completo a su creaci\u00f3n. <\/strong>Era el momento de apostar por su voz propia.\n<\/p>\n<p class=\"article-body__text \">\n        A medida que <strong>la repercusi\u00f3n aumentaba y las cifras en redes sociales empezaban a pesar m\u00e1s que los dibujos, opt\u00f3 por preservar la esencia del proyecto.<\/strong> Dej\u00f3 la gesti\u00f3n de sus redes sociales en manos de su hermano, para poder centrarse en lo verdaderamente importante: seguir creando con libertad y sin distracciones.\n<\/p>\n<p class=\"article-body__text \">\n        <strong>72 Kilos es\u00a0una demostraci\u00f3n de que una simple apuesta<\/strong>, un l\u00e1piz y una idea clara pueden cambiar no solo la vida de quien la emprende, sino tambi\u00e9n la de miles de personas que encuentran en sus vi\u00f1etas una peque\u00f1a dosis de esperanza y verdad.<\/p>\n","protected":false},"excerpt":{"rendered":"Detr\u00e1s del nombre de usuario @72kilos se esconde el talento, la sensibilidad y la constancia de \u00d3scar Alonso,&hellip;\n","protected":false},"author":2,"featured_media":251170,"comment_status":"","ping_status":"","sticky":false,"template":"","format":"standard","meta":{"footnotes":""},"categories":[174],"tags":[63627,255,63628,13436,146,147,25,24,256,5764,23],"class_list":{"0":"post-251279","1":"post","2":"type-post","3":"status-publish","4":"format-standard","5":"has-post-thumbnail","7":"category-famosos","8":"tag-72kilos","9":"tag-celebrities","10":"tag-dibuja","11":"tag-emociones","12":"tag-entertainment","13":"tag-entretenimiento","14":"tag-es","15":"tag-espana","16":"tag-famosos","17":"tag-influencer","18":"tag-spain"},"share_on_mastodon":{"url":"https:\/\/pubeurope.com\/@es\/115598729465170527","error":""},"_links":{"self":[{"href":"https:\/\/www.europesays.com\/es\/wp-json\/wp\/v2\/posts\/251279","targetHints":{"allow":["GET"]}}],"collection":[{"href":"https:\/\/www.europesays.com\/es\/wp-json\/wp\/v2\/posts"}],"about":[{"href":"https:\/\/www.europesays.com\/es\/wp-json\/wp\/v2\/types\/post"}],"author":[{"embeddable":true,"href":"https:\/\/www.europesays.com\/es\/wp-json\/wp\/v2\/users\/2"}],"replies":[{"embeddable":true,"href":"https:\/\/www.europesays.com\/es\/wp-json\/wp\/v2\/comments?post=251279"}],"version-history":[{"count":0,"href":"https:\/\/www.europesays.com\/es\/wp-json\/wp\/v2\/posts\/251279\/revisions"}],"wp:featuredmedia":[{"embeddable":true,"href":"https:\/\/www.europesays.com\/es\/wp-json\/wp\/v2\/media\/251170"}],"wp:attachment":[{"href":"https:\/\/www.europesays.com\/es\/wp-json\/wp\/v2\/media?parent=251279"}],"wp:term":[{"taxonomy":"category","embeddable":true,"href":"https:\/\/www.europesays.com\/es\/wp-json\/wp\/v2\/categories?post=251279"},{"taxonomy":"post_tag","embeddable":true,"href":"https:\/\/www.europesays.com\/es\/wp-json\/wp\/v2\/tags?post=251279"}],"curies":[{"name":"wp","href":"https:\/\/api.w.org\/{rel}","templated":true}]}}