{"id":251280,"date":"2025-11-23T11:16:13","date_gmt":"2025-11-23T11:16:13","guid":{"rendered":"https:\/\/www.europesays.com\/es\/251280\/"},"modified":"2025-11-23T11:16:13","modified_gmt":"2025-11-23T11:16:13","slug":"cristian-mera-interiorista-el-negro-mate-mas-nogal-es-lujoso-sobrio-y-con-presencia","status":"publish","type":"post","link":"https:\/\/www.europesays.com\/es\/251280\/","title":{"rendered":"Cristian Mera, interiorista: \u201cEl negro mate m\u00e1s nogal es lujoso, sobrio y con presencia\u201d"},"content":{"rendered":"<p class=\"\"><b>Elegir bien los colores para decorar una cocina<\/b> no es una decisi\u00f3n menor: de ello depende no solo la est\u00e9tica del espacio, sino tambi\u00e9n la sensaci\u00f3n de amplitud, la luminosidad, la armon\u00eda y, en muchos casos, hasta nuestro propio bienestar al cocinar. La cocina es un lugar de actividad constante, un punto de encuentro y, en muchos hogares, el coraz\u00f3n de la vida cotidiana. Por eso, la selecci\u00f3n de colores y la manera en que se combinan pueden transformar por completo la experiencia de estar all\u00ed.<\/p>\n<p class=\"\">Y es que, tal y como apunta el <b>arquitecto e interiorista Cristian Mera<\/b> a trav\u00e9s de un v\u00eddeo en sus redes sociales: \u201cSi hay un espacio donde el estilo y la funcionalidad deben convivir, es la cocina\u201d. Y <b>los colores, para \u00e9l, juegan un papel clave<\/b>. \u201cLos tonos m\u00e1s elegantes no solo elevan el dise\u00f1o, tambi\u00e9n crean una atm\u00f3sfera acogedora y sofisticada. Detalles en dorado y m\u00e1rmol elevan cualquier paleta y hacen que tu cocina se sienta de revista\u201d, agrega.<\/p>\n<p class=\"\"><b>\u00bfQuieres saber qu\u00e9 significa cada combinaci\u00f3n de colores?<\/b> \u00c9l lo explica as\u00ed de f\u00e1cil: \u201cBlanco c\u00e1lido m\u00e1s madera natural: acogedor y moderno sin esfuerzo. Negro mate m\u00e1s nogal: lujoso, sobrio y con presencia. Arena m\u00e1s negro: minimalista y sofisticado. Gris humo m\u00e1s blanco hueso: limpio, equilibrado y luminoso. Verde oliva m\u00e1s madera clara: natural, fresco y muy actual\u201d.<\/p>\n<p>Impacto emocional<\/p>\n<p class=\"\"><b>La armon\u00eda crom\u00e1tica tambi\u00e9n influye en c\u00f3mo percibimos la limpieza y el orden.<\/b> Una paleta equilibrada, donde muebles, paredes y encimeras dialogan entre s\u00ed, transmite sensaci\u00f3n de coherencia visual. Por eso es importante pensar en las combinaciones. Y, adem\u00e1s del efecto visual, <b>los colores tienen impacto emocional<\/b>. Los tonos c\u00e1lidos suelen generar ambientes acogedores y energ\u00e9ticos, mientras que los fr\u00edos aportan frescura y calma. Entender este lenguaje emocional ayuda a elegir una paleta que encaje con el estilo de vida de quienes usan la cocina y con la atm\u00f3sfera que desean fomentar en ella.<\/p>\n<p>Noticias relacionadas<a href=\"https:\/\/as.com\/tikitakas\/estilo\/jaime-salva-arquitecto-no-se-trata-de-llenar-el-pasillo-de-las-viviendas-sino-de-darles-proposito-f202511-n\/\" class=\"s_m_w _rt-16x9\" title=\"A la hora de decorar, muchas veces nos centramos en las habitaciones principales, y dejamos de lado estos espacios secundarios de la casa.\" data-tb-link=\"\" rel=\"nofollow noopener\" target=\"_blank\"><img decoding=\"async\" src=\"https:\/\/www.europesays.com\/es\/wp-content\/uploads\/2025\/11\/M7QL2YFU2RPV7KAPOJUZCG3XE4.jpg\" alt=\"Jaime Salv\u00e1, arquitecto: \u201cNo se trata de llenar el pasillo de las viviendas, sino de darles prop\u00f3sito\u201d\" class=\"\" height=\"9\" width=\"16\"   loading=\"lazy\" data-tb-thumbnail=\"\"\/><\/a><a href=\"https:\/\/as.com\/tikitakas\/estilo\/sandra-marcos-decoradora-senala-el-mueble-que-transforma-tu-casa-ideal-para-redescubrir-estos-rincones-f202511-n\/\" class=\"s_m_w _rt-16x9\" title=\"El oto\u00f1o invita a la calma, la calidez del hogar y a disfrutar de los detalles que lo hacen \u00fanico. Los tonos se vuelven m\u00e1s suaves.\" data-tb-link=\"\" rel=\"nofollow noopener\" target=\"_blank\"><img decoding=\"async\" src=\"https:\/\/www.europesays.com\/es\/wp-content\/uploads\/2025\/11\/UPFP2DKGANHXFMVK4CTK6ISBGE.JPG\" alt=\"Sandra Marcos, decoradora, se\u00f1ala el mueble que transforma tu casa: \u201cIdeal para redescubrir estos rincones\u201d\" class=\"\" height=\"9\" width=\"16\"   loading=\"lazy\" data-tb-thumbnail=\"\"\/><\/a><\/p>\n<p class=\"\">En definitiva, decorar una cocina no consiste solo en escoger muebles o materiales: es un ejercicio de equilibrio crom\u00e1tico. <b>Una buena elecci\u00f3n de colores puede hacer que la cocina se sienta m\u00e1s amplia, m\u00e1s luminosa, m\u00e1s funcional y, sobre todo, m\u00e1s acogedora.<\/b> Porque cuando los tonos est\u00e1n bien pensados, la cocina deja de ser un espacio meramente pr\u00e1ctico para convertirse en un lugar donde apetece estar, compartir y crear. <\/p>\n<p class=\"\"><b>\u00a1Tus opiniones importan!<\/b> Comenta en los art\u00edculos y suscr\u00edbete gratis a nuestra <a href=\"https:\/\/asfan.as.com\/newsletters\/\" target=\"_blank\" rel=\"nofollow noopener\" title=\"https:\/\/asfan.as.com\/newsletters\/\">newsletter<\/a> y a las alertas informativas en la <a href=\"https:\/\/as.com\/aplicacion-de-as-n\/\" target=\"_blank\" rel=\"nofollow noopener\" title=\"https:\/\/as.com\/aplicacion-de-as-n\/\">App<\/a> o el canal de <a href=\"https:\/\/www.whatsapp.com\/channel\/0029VaAasdA7j6g745nz9M10\" target=\"_blank\" rel=\"nofollow noopener\" title=\"https:\/\/www.whatsapp.com\/channel\/0029VaAasdA7j6g745nz9M10\">WhatsApp<\/a>. \u00bfBuscas licenciar contenido? Haz clic <a href=\"https:\/\/profesional.elpais.com\/soluciones-sindicacion?utm_medium=interno&amp;utm_source=crosslinking&amp;utm_campaign=sindicacion_as_pie_articulos\" target=\"_blank\" rel=\"nofollow noopener\" title=\"https:\/\/profesional.elpais.com\/soluciones-sindicacion?utm_medium=interno&amp;utm_source=crosslinking&amp;utm_campaign=sindicacion_as_pie_articulos\">aqu\u00ed<\/a><\/p>\n","protected":false},"excerpt":{"rendered":"Elegir bien los colores para decorar una cocina no es una decisi\u00f3n menor: de ello depende no solo&hellip;\n","protected":false},"author":2,"featured_media":251281,"comment_status":"","ping_status":"","sticky":false,"template":"","format":"standard","meta":{"footnotes":""},"categories":[173],"tags":[229,233,231,230,232,234,146,147,25,24,23],"class_list":{"0":"post-251280","1":"post","2":"type-post","3":"status-publish","4":"format-standard","5":"has-post-thumbnail","7":"category-arte-y-diseno","8":"tag-arte","9":"tag-arte-y-diseno","10":"tag-arts","11":"tag-arts-and-design","12":"tag-design","13":"tag-diseno","14":"tag-entertainment","15":"tag-entretenimiento","16":"tag-es","17":"tag-espana","18":"tag-spain"},"share_on_mastodon":{"url":"https:\/\/pubeurope.com\/@es\/115598733367334120","error":""},"_links":{"self":[{"href":"https:\/\/www.europesays.com\/es\/wp-json\/wp\/v2\/posts\/251280","targetHints":{"allow":["GET"]}}],"collection":[{"href":"https:\/\/www.europesays.com\/es\/wp-json\/wp\/v2\/posts"}],"about":[{"href":"https:\/\/www.europesays.com\/es\/wp-json\/wp\/v2\/types\/post"}],"author":[{"embeddable":true,"href":"https:\/\/www.europesays.com\/es\/wp-json\/wp\/v2\/users\/2"}],"replies":[{"embeddable":true,"href":"https:\/\/www.europesays.com\/es\/wp-json\/wp\/v2\/comments?post=251280"}],"version-history":[{"count":0,"href":"https:\/\/www.europesays.com\/es\/wp-json\/wp\/v2\/posts\/251280\/revisions"}],"wp:featuredmedia":[{"embeddable":true,"href":"https:\/\/www.europesays.com\/es\/wp-json\/wp\/v2\/media\/251281"}],"wp:attachment":[{"href":"https:\/\/www.europesays.com\/es\/wp-json\/wp\/v2\/media?parent=251280"}],"wp:term":[{"taxonomy":"category","embeddable":true,"href":"https:\/\/www.europesays.com\/es\/wp-json\/wp\/v2\/categories?post=251280"},{"taxonomy":"post_tag","embeddable":true,"href":"https:\/\/www.europesays.com\/es\/wp-json\/wp\/v2\/tags?post=251280"}],"curies":[{"name":"wp","href":"https:\/\/api.w.org\/{rel}","templated":true}]}}