{"id":251282,"date":"2025-11-23T11:18:10","date_gmt":"2025-11-23T11:18:10","guid":{"rendered":"https:\/\/www.europesays.com\/es\/251282\/"},"modified":"2025-11-23T11:18:10","modified_gmt":"2025-11-23T11:18:10","slug":"las-mejores-noticias-de-rtve-entre-el-17-y-el-23-de-noviembre","status":"publish","type":"post","link":"https:\/\/www.europesays.com\/es\/251282\/","title":{"rendered":"Las mejores noticias de RTVE entre el 17 y el 23 de noviembre"},"content":{"rendered":"<p>Buen domingo y feliz <strong>D\u00eda Internacional de la Palabra<\/strong> que se celebra para fomentar el di\u00e1logo y la paz entre las naciones del mundo. Tambi\u00e9n es el <strong>D\u00eda Mundial del Caf\u00e9 Expreso<\/strong>, que combina maravillosamente con la lectura de esta <strong>selecci\u00f3n de noticias positivas<\/strong> para esa parte buena que todos tenemos dispuesta a construir un mundo mejor.<\/p>\n<p>Tal d\u00eda como hoy, <strong>23 de noviembre<\/strong>, pero de <strong>1928<\/strong>, se cerraba el acuerdo para comenzar la <strong>primera Liga oficial de F\u00fatbol en Espa\u00f1a<\/strong>. Arranc\u00f3 ese mismo a\u00f1o con diez equipos: Arenas de Guecho, Athletic Club, Athletic de Madrid, Barcelona, Espa\u00f1ol, Europa, Racing de Santander, Real Madrid, Real Sociedad y Real Uni\u00f3n de Ir\u00fan.<\/p>\n<p>Y en <strong>1811<\/strong>, tambi\u00e9n un 23 de noviembre, las Cortes de C\u00e1diz aprobaban por unanimidad la <strong>creaci\u00f3n de la Loter\u00eda Nacional<\/strong>. Un a\u00f1o despu\u00e9s, el 18 de diciembre de 1812, ten\u00eda lugar en la capital gaditana el primer \u201cSorteo de Navidad\u201d, aunque no empez\u00f3 a llamarse as\u00ed hasta 1892. Y seguimos con n\u00fameros y sin dejar la Trimilenaria ciudad al Sur del Sur.<\/p>\n<p>                        <strong>El guarismo, la cifra, el dato, el n\u00famero de la semana: 20.000<\/strong><\/p>\n<p>Es el n\u00famero de <strong>personas<\/strong> que han participado en el <strong>simulacro de un tsunami<\/strong> en C\u00e1diz: 20.000. <a href=\"https:\/\/www.rtve.es\/play\/videos\/telediario-2\/cadiz-ensaya-como-reaccionar-tsunami\/16824947\/  \" target=\"_blank\" rel=\"nofollow noopener\">El ensayo ha sido este jueves y ha movilizado a toda la ciudad <\/a> que, hace tres siglos, sufri\u00f3 uno de los episodios m\u00e1s devastadores de su historia, el <strong>terremoto de Lisboa de 1755<\/strong>, que dej\u00f3 miles de muertos en la Tacita de Plata. Seg\u00fan la Junta de Andaluc\u00eda ha sido el <strong>mayor simulacro de emergencias de la historia de Espa\u00f1a<\/strong>. El objetivo era poner a prueba la capacidad de respuesta de toda la poblaci\u00f3n y los servicios de emergencias.<\/p>\n<p>            Plan de paz para Ucrania<\/p>\n<p>Es la mejor noticia de la semana, aunque <strong>hemos tenido alguna mala experiencia<\/strong> y aunque todos queremos una paz que sea justa y, sobre todo duradera. Pero lo cierto es que <strong>Estados Unidos y Rusia<\/strong> han acordado un plan de paz que consta de <strong>28 puntos para acabar con la guerra<\/strong> en Ucrania. <a href=\"https:\/\/www.rtve.es\/noticias\/20251120\/zelenski-recibe-oficialmente-nuevo-plan-paz-trump-reduce-territorio-a-ucrania\/16824699.shtml \" target=\"_blank\" rel=\"nofollow noopener\">El jueves por la noche Zelenski recib\u00eda oficialmente<\/a> del presidente estadounidense <strong>Donald Trump<\/strong> este nuevo plan de paz que reduce el territorio ucraniano.<\/p>\n<p>Pero para conocer a fondo los 28 puntos del plan que puede <strong>acabar con la guerra entre Rusia y Ucrania<\/strong> lo mejor es leer a Ux\u00eda P\u00e9rez. Dice que Kiev tendr\u00eda que renunciar a los territorios invadidos por Putin y las regiones de <strong>Donetsk y Lugansk<\/strong> as\u00ed como la <strong>pen\u00ednsula de Crimea <\/strong>\u2015anexionada por Rusia en 2014\u2015 \u00abser\u00e1n reconocidas de facto como rusas, incluso por Estados Unidos\u00bb y <strong>Jers\u00f3n y Zaporiyia<\/strong> \u00abquedar\u00edan congeladas\u00bb.<\/p>\n<p>Seguridad al comer huevos y pollo <\/p>\n<p>Y tras la esperanza de paz un poco de <strong>tranquilidad relacionada con la gripe aviar<\/strong>. Con tantas informaciones sobre el sacrificio de gallinas y pollos en granjas de todo el pa\u00eds y el confinamiento de las gallinas de corral la pregunta surge casi espont\u00e1nea: <strong>\u00bfes seguro comer huevos y carne si est\u00e1n contaminados? <\/strong>Porque lo cierto es que el <strong>virus H5N1<\/strong> es altamente contagioso entre aves. Daniel Flores ha investigado y estos son los <a href=\"https:\/\/www.rtve.es\/noticias\/20251120\/radiografia-sector-aves-gripe-aviar-impacto-granjas-huevos-minimo-carne\/16822430.shtml\" target=\"_blank\" rel=\"nofollow noopener\">datos que muestran una radiograf\u00eda del sector<\/a> que sufre la gripe aviar.<\/p>\n<p>La buena noticia es que <strong>el riesgo para el ser humano es bajo <\/strong>y que no plantea <strong>ning\u00fan problema<\/strong> si los productos est\u00e1n bien cocinados. Vamos, que podemos comer huevos y pollo <strong>sin miedo a contagiarnos<\/strong>. Aunque hayan subido de precio y ahora sean casi productos gourmet.<\/p>\n<p>50 a\u00f1os del gran cambio<\/p>\n<p>Lo que ha cambiado profundamente ha sido la sociedad espa\u00f1ola desde el <strong>fin del franquismo<\/strong>. Esta semana, el 20 de noviembre, hemos recordado con un especial los <a href=\"https:\/\/www.rtve.es\/noticias\/especial-50-anos-fin-franquismo\/\" target=\"_blank\" rel=\"nofollow noopener\">50 a\u00f1os del principio del fin de la dictadura<\/a> . De entre la cantidad de art\u00edculos y piezas que hemos publicado \u2015todos buenos o buen\u00edsimos\u2015 este de Daniel Herrero, del \u00e1rea de Sociedad, est\u00e1 <strong>cargado de buenas noticias<\/strong>. En \u00e9l recuerda c\u00f3mo la mujer ha dado un <strong>salto social y laboral<\/strong> y c\u00f3mo ha mejorado la salud de los espa\u00f1oles con la <strong>erradicaci\u00f3n de enfermedades<\/strong> como la polio. O c\u00f3mo la esperanza de vida en 1975 se situaba en los 73,44 a\u00f1os y ahora superamos los 84 de media. Pero lo mejor es leerlo y disfrutar de las infograf\u00edas.<\/p>\n<p>Nuevo r\u00e9cord de esperanza de vida <\/p>\n<p>Y s\u00ed, lo adelantaba Daniel Herrero al echar la vista atr\u00e1s, pero es que ya es oficial. Este mi\u00e9rcoles el INE publicaba su <strong>\u00faltimo estudio sobre el movimiento natural de la poblaci\u00f3n<\/strong>. En efecto, otra vez la esperanza de vida en Espa\u00f1a ha batido su propio r\u00e9cord. Ya estamos en los<strong> 84,01 a\u00f1os de media<\/strong>. Los hombres vivimos hasta los 81,38 y las mujeres hasta los 86,53 a\u00f1os. Ahora a mejorar la calidad, que de cantidad vamos servidos. Por cierto, somos los <strong>terceros m\u00e1s longevos del mundo<\/strong> s\u00f3lo por detr\u00e1s de Jap\u00f3n y Suiza. Bronce en esperanza y vida.<\/p>\n<p>Llega la nieve<\/p>\n<p>Si el mi\u00e9rcoles el INE nos confirmaba que vivimos m\u00e1s, el jueves Silvia Laplana avisaba que este fin de semana llegaba la nieve. Explicaba que \u00edbamos a tener <strong>temperaturas m\u00e1s propias del invierno<\/strong> de enero que del oto\u00f1o de noviembre. Y que la nieve podr\u00eda caer en ciudades como <strong>Pamplona, Burgos o Vitoria<\/strong>. El refranero dice que \u201ca\u00f1o de nieves, a\u00f1o de bienes\u201d. Ojal\u00e1.<\/p>\n<p>No es un ovni, es un cometa<\/p>\n<p>Puede parecer una noticia que no es tan buena, pero no. Lo explicamos. Resulta que <strong>hab\u00eda rumores<\/strong> que apuntaban a una <strong>nave extraterrestre<\/strong> de visita por el sistema solar. Por suerte la NASA ha <strong>desmentido la falsa informaci\u00f3n <\/strong>al publicar y explicar las im\u00e1genes del <strong>cometa 3I\/ATLAS<\/strong>. <\/p>\n<p>Se trata del <strong>tercer objeto interestelar<\/strong> que viene a vernos. El 3I\/ATLAS fue observado por primera vez en julio por un telescopio con base en Chile. Pese a ello, los cient\u00edficos no descartan que haya vida m\u00e1s all\u00e1 de nuestro planeta.<\/p>\n<p>Tres recomendaciones <\/p>\n<p>La primera recomendaci\u00f3n de la semana tiene que ver con los <strong>50 a\u00f1os del final de la dictadura <\/strong>de Francisco Franco. Adem\u00e1s de <a href=\"https:\/\/www.rtve.es\/noticias\/especial-50-anos-fin-franquismo\/\" target=\"_blank\" rel=\"nofollow noopener\">nuestro especial con numerosos enfoques y art\u00edculos<\/a> que te volvemos enlazar para que no te lo pierdas  hemos visto oportuno medir nuestros conocimientos sobre esa \u00e9poca a trav\u00e9s de un<strong> juego interactivo<\/strong> porque apenas se estudia en colegios e institutos. Adem\u00e1s hemos incluido <strong>im\u00e1genes in\u00e9ditas<\/strong> rescatadas del archivo de Prado del Rey y digitalizadas con mimo. <\/p>\n<p><strong><a href=\"https:\/\/lab.rtve.es\/quizlab\/dictadura-franco-test\/ \" target=\"_blank\" rel=\"nofollow noopener\">El FranQUIZmo: \u00bfQu\u00e9 sabes de la dictadura<\/a><\/strong><strong>? <\/strong><\/p>\n<p>El segundo art\u00edculo que no deber\u00edas perderte es el de Samuel A. Pilar en el que narra su <strong>visita al incre\u00edble<\/strong> <strong>laboratorio de Gerardo<\/strong>. \u201cEn una discreta nave industrial de las afueras de Madrid, detr\u00e1s de una puerta sin r\u00f3tulos, Gerardo Meiro ha levantado uno de los laboratorios privados mejor equipados del mundo\u201d. Y hasta aqu\u00ed puedo desvelar. Si quieres m\u00e1s, aqu\u00ed lo tienes completo.<\/p>\n<p>Y la tercera y \u00faltima recomendaci\u00f3n es deportiva. No, no es la <a href=\"https:\/\/www.rtve.es\/play\/videos\/los-deportes-de-la1\/curazao-haiti-otras-historias-del-mundial-mas-exotico\/16823100\/ \" target=\"_blank\" rel=\"nofollow noopener\">clasificaci\u00f3n de Hait\u00ed y Cura\u00e7ao<\/a> para disputar el Mundial de F\u00fatbol. Te traigo nada menos que la previa de la <strong>Copa de Espa\u00f1a de \u201clucha de brazos\u201d <\/strong>o <strong>\u201cpulso\u201d<\/strong> que se celebra este fin de semana en Murcia. Lo ha contado Estela Garc\u00eda en el Telediario. <\/p>\n<p>\t\tEl pulso, o lucha de brazos, reivindica su sitio en el mundo del deporte\t<\/p>\n<p>Y hasta aqu\u00ed el repaso semanal de buenas noticias que \u2014aunque algunos se sigan resistiendo\u2014 tambi\u00e9n son noticia. <strong>Que el d\u00eda te sea propicio y que propicies un buen d\u00eda<\/strong>. No olvides utilizar la palabra en son de paz, disfrutar de un buen expreso y, si eres cristiano y mon\u00e1rquico, celebrar la fiesta de Cristo Rey que pone fin al a\u00f1o lit\u00fargico de los cat\u00f3licos sin que muchos de ellos lo sepan. Seguimos, por las buenas.<\/p>\n<p>Ya sabes que si tienes una buena noticia que quieres que contemos en los canales p\u00fablicos de RNE, TVE y RTVE.es nos la puedes hacer llegar por <strong>correo electr\u00f3nico<\/strong> escribi\u00e9ndonos a <a href=\"https:\/\/www.rtve.es\/noticias\/20251123\/paz-ucrania-nieve-50-anos-buenas-noticias\/mailto:porlasbuenas@rtve.es\" rel=\"nofollow noopener\" target=\"_blank\">porlasbuenas@rtve.es<\/a> o por whatsapp mand\u00e1ndonos un <strong>mensaje<\/strong> al +34686549460. Estamos deseando leerte y ponernos en contacto contigo. <\/p>\n","protected":false},"excerpt":{"rendered":"Buen domingo y feliz D\u00eda Internacional de la Palabra que se celebra para fomentar el di\u00e1logo y la&hellip;\n","protected":false},"author":2,"featured_media":251283,"comment_status":"","ping_status":"","sticky":false,"template":"","format":"standard","meta":{"footnotes":""},"categories":[171],"tags":[146,147,25,24,23,214],"class_list":{"0":"post-251282","1":"post","2":"type-post","3":"status-publish","4":"format-standard","5":"has-post-thumbnail","7":"category-tv","8":"tag-entertainment","9":"tag-entretenimiento","10":"tag-es","11":"tag-espana","12":"tag-spain","13":"tag-tv"},"share_on_mastodon":{"url":"https:\/\/pubeurope.com\/@es\/115598741124556968","error":""},"_links":{"self":[{"href":"https:\/\/www.europesays.com\/es\/wp-json\/wp\/v2\/posts\/251282","targetHints":{"allow":["GET"]}}],"collection":[{"href":"https:\/\/www.europesays.com\/es\/wp-json\/wp\/v2\/posts"}],"about":[{"href":"https:\/\/www.europesays.com\/es\/wp-json\/wp\/v2\/types\/post"}],"author":[{"embeddable":true,"href":"https:\/\/www.europesays.com\/es\/wp-json\/wp\/v2\/users\/2"}],"replies":[{"embeddable":true,"href":"https:\/\/www.europesays.com\/es\/wp-json\/wp\/v2\/comments?post=251282"}],"version-history":[{"count":0,"href":"https:\/\/www.europesays.com\/es\/wp-json\/wp\/v2\/posts\/251282\/revisions"}],"wp:featuredmedia":[{"embeddable":true,"href":"https:\/\/www.europesays.com\/es\/wp-json\/wp\/v2\/media\/251283"}],"wp:attachment":[{"href":"https:\/\/www.europesays.com\/es\/wp-json\/wp\/v2\/media?parent=251282"}],"wp:term":[{"taxonomy":"category","embeddable":true,"href":"https:\/\/www.europesays.com\/es\/wp-json\/wp\/v2\/categories?post=251282"},{"taxonomy":"post_tag","embeddable":true,"href":"https:\/\/www.europesays.com\/es\/wp-json\/wp\/v2\/tags?post=251282"}],"curies":[{"name":"wp","href":"https:\/\/api.w.org\/{rel}","templated":true}]}}