{"id":251284,"date":"2025-11-23T11:19:07","date_gmt":"2025-11-23T11:19:07","guid":{"rendered":"https:\/\/www.europesays.com\/es\/251284\/"},"modified":"2025-11-23T11:19:07","modified_gmt":"2025-11-23T11:19:07","slug":"murio-una-veterana-de-la-cancion-ornella-vanoni-dos-semanas-despues-de-aparecer-en-la-television-italiana-libertad-digital","status":"publish","type":"post","link":"https:\/\/www.europesays.com\/es\/251284\/","title":{"rendered":"Muri\u00f3 una veterana de la canci\u00f3n, Ornella Vanoni, dos semanas despu\u00e9s de aparecer en la televisi\u00f3n italiana &#8211; Libertad Digital"},"content":{"rendered":"<ol>\n<li><a href=\"https:\/\/news.google.com\/rss\/articles\/CBMi-AFBVV95cUxOLTBzTkFjVVlpVC0tY05QTlVBaFROVUhOUTVfZXV1czlELUNONlRSVFZLUGJVZ080UV9wQlFaY2M3WkdpcUJxcHl6THloOXBNUkVMZzhsUXQ1VDdMbFJSSTd4bEhMMHhZTnhlVVlyLTFmUFJ2Z0Y0cGZDTWJNV2FKYXhnU1hnb2p3dEtMSGxiM20tNlNGUGkzLTJOSkdiOFduU1ZVTURmX3FPQTRmczJNUmJxR3FVaktZT21Bb2tqSjRqZ1BBdlp6UHpUUERwbW5vbjQzcHpXSjJmN3RyN2tLWENidXJFX3Z4dEQ5ZUFtVGJXOEJFVklGcNIBgwJBVV95cUxQa21yR1VaT1E3NzJMZTBGTHZ5Um1TYkdUUm9pNjVZdU1lb2FQellWNlg5dnRnMTg3VHdLc09nb2M1RUU0bF92Z2VZWmppclFKVFBRMng2X085RV9YVVg4RHNCNUJ6M2l6OTd4SEx6U2U1RlJxUGVUNmtPWTU1VDJIazcxSHAzdTNBQ1E1bkNuR1phTEluSkpURkxiaEhnY0FucG9jVHV1aFduQUpzbWkyN1dCTHNXeHJpaVpFNUFpSEtMdW5neEVsVUx0YWZJZHNYRkxOVnBfWFkzQXJrZTNYWURGWWk0ZTVjekEzYi1MMVVlQWdYMURSb0Z1WlZ1d1J1Zmt3?oc=5\" target=\"_blank\" rel=\"nofollow noopener\">Muri\u00f3 una veterana de la canci\u00f3n, Ornella Vanoni, dos semanas despu\u00e9s de aparecer en la televisi\u00f3n italiana<\/a>&nbsp;&nbsp;Libertad Digital<\/li>\n<li><a href=\"https:\/\/news.google.com\/rss\/articles\/CBMimwFBVV95cUxPekNSeVJfdXh4VFBSd2lvVkdCSjkwZEVZSjhycDNOWVdmYkYzYU5OUjFyWVdOaUFuTmxHWTJzcnJReG84Y1d2TmtwN3lXLWhNSjdKS3VQSmxJZkc3bG84MmdFMUs0emlCQ2IzN0xzTUNPa3JVdTJWZ3RVWExCVGRRNWhnMjFucDNOVUd6SmdpWGFQX0E1QnE2M1Y3Yw?oc=5\" target=\"_blank\" rel=\"nofollow noopener\">Muere a los 91 a\u00f1os Ornella Vanoni, la voz m\u00e1s sensual de Italia<\/a>&nbsp;&nbsp;ABC<\/li>\n<li><a href=\"https:\/\/news.google.com\/rss\/articles\/CBMihAFBVV95cUxNVHdxd09NVWs1a09Da3c4VXBPa29pVWdpb0lVRHlsbnZ2MlNvMkJPeUM0cWtBaXc4X1FmcHBuZlpYd2pURXhsS2k1VHFhOG9YX3lTOHBsV0JXcjN6amRvdkViQW94NFkydU04YkZodUp0bHZKbGVxZS1XckJCNlhzY2Zwd3Q?oc=5\" target=\"_blank\" rel=\"nofollow noopener\">&#8216;Non esisto, non esisto&#8217;<\/a>&nbsp;&nbsp;La Verdad<\/li>\n<li><a href=\"https:\/\/news.google.com\/rss\/articles\/CBMivwFBVV95cUxNRFhKcjlyRzg4T3NKWlhrSjdMaTI5UXltV0JRV0xvX3h2bUJJZGRvdU5tMU1VcElxb1ZMal9tcHBZUFlGd2UyS2NveGw1X3NGX1lKNGtEVWlZY2hDcWpGdXR0c3FYV1lJVTNIcHBhTWhlZ1Nzd1FkSFpQSEhSbU9JNHdGWFhPQWI5WkY1WGpSV3liZ0djclRDS0w1ek9YZk50TVRrMTVqZmdhYmVMZ3FVZzlmbWdILVlkcVVDakZLZw?oc=5\" target=\"_blank\" rel=\"nofollow noopener\">Muere Ornella Vanoni, mito melanc\u00f3lico e ir\u00f3nico de la canci\u00f3n de autor italiana<\/a>&nbsp;&nbsp;EL PA\u00cdS<\/li>\n<li><a href=\"https:\/\/news.google.com\/rss\/articles\/CBMihAFBVV95cUxNREZfRkdaQ3NUbEZYcjdvQjdVWGJRRU9tR3VDNmFEVXdhUUFVMzg3Q1NXSUpsNkVEaWxIZ1hBd2MwaWZFOGpuUmZpdk1rcnR6dXRxWVBHZHpRb2FCSFJPdGdDNzNtOEw0Qm15ZDlVNlVvenV2NjNleU4tUDhORmF5ZGRhR2vSAYQBQVVfeXFMUEJJQWlCY3hNNzV3bmF0dXVFdEdNZXlIcUpkVjk2cDBvcG44Ml95OHVLT1B1QWI0R21rUExOcFdxbkNFTTlIRGs0UFJCd05aMEJkVjlKNl9qOTlzYjlRWHBlSkd0cWVaaTdGRmFlR2c2RXBZRkpqMjZwbnN4R1pnVlhPR1B2?oc=5\" target=\"_blank\" rel=\"nofollow noopener\">Muere a los 91 a\u00f1os Ornella Vanoni, una voz inconfundible de la m\u00fasica italiana<\/a>&nbsp;&nbsp;El Mundo<\/li>\n<\/ol>\n","protected":false},"excerpt":{"rendered":"Muri\u00f3 una veterana de la canci\u00f3n, Ornella Vanoni, dos semanas despu\u00e9s de aparecer en la televisi\u00f3n italiana&nbsp;&nbsp;Libertad Digital&hellip;\n","protected":false},"author":2,"featured_media":248356,"comment_status":"","ping_status":"","sticky":false,"template":"","format":"standard","meta":{"footnotes":""},"categories":[170],"tags":[146,147,25,24,184,185,23],"class_list":{"0":"post-251284","1":"post","2":"type-post","3":"status-publish","4":"format-standard","5":"has-post-thumbnail","7":"category-musica","8":"tag-entertainment","9":"tag-entretenimiento","10":"tag-es","11":"tag-espana","12":"tag-music","13":"tag-musica","14":"tag-spain"},"share_on_mastodon":{"url":"https:\/\/pubeurope.com\/@es\/115598745138631848","error":""},"_links":{"self":[{"href":"https:\/\/www.europesays.com\/es\/wp-json\/wp\/v2\/posts\/251284","targetHints":{"allow":["GET"]}}],"collection":[{"href":"https:\/\/www.europesays.com\/es\/wp-json\/wp\/v2\/posts"}],"about":[{"href":"https:\/\/www.europesays.com\/es\/wp-json\/wp\/v2\/types\/post"}],"author":[{"embeddable":true,"href":"https:\/\/www.europesays.com\/es\/wp-json\/wp\/v2\/users\/2"}],"replies":[{"embeddable":true,"href":"https:\/\/www.europesays.com\/es\/wp-json\/wp\/v2\/comments?post=251284"}],"version-history":[{"count":0,"href":"https:\/\/www.europesays.com\/es\/wp-json\/wp\/v2\/posts\/251284\/revisions"}],"wp:featuredmedia":[{"embeddable":true,"href":"https:\/\/www.europesays.com\/es\/wp-json\/wp\/v2\/media\/248356"}],"wp:attachment":[{"href":"https:\/\/www.europesays.com\/es\/wp-json\/wp\/v2\/media?parent=251284"}],"wp:term":[{"taxonomy":"category","embeddable":true,"href":"https:\/\/www.europesays.com\/es\/wp-json\/wp\/v2\/categories?post=251284"},{"taxonomy":"post_tag","embeddable":true,"href":"https:\/\/www.europesays.com\/es\/wp-json\/wp\/v2\/tags?post=251284"}],"curies":[{"name":"wp","href":"https:\/\/api.w.org\/{rel}","templated":true}]}}