{"id":251293,"date":"2025-11-23T11:27:15","date_gmt":"2025-11-23T11:27:15","guid":{"rendered":"https:\/\/www.europesays.com\/es\/251293\/"},"modified":"2025-11-23T11:27:15","modified_gmt":"2025-11-23T11:27:15","slug":"de-la-confesion-al-juicio-mas-de-11-anos-sin-resolver-el-enigma-de-la-fortuna-de-los-pujol","status":"publish","type":"post","link":"https:\/\/www.europesays.com\/es\/251293\/","title":{"rendered":"de la confesi\u00f3n al juicio, m\u00e1s de 11 a\u00f1os sin resolver el enigma de la fortuna de los Pujol"},"content":{"rendered":"<p class=\"article-text\">\n        Lleg\u00f3 a acaparar portadas y llenar telediarios, pero su final parec\u00eda que no iba a llegar nunca. El juicio a la familia Pujol Ferrusola empieza este lunes en la Audiencia Nacional. Ha pasado tanto tiempo desde que se abriera la causa que, salvo sorpresa de \u00faltima hora, su principal protagonista, Jordi Pujol Soley, president de la Generalitat durante 23 a\u00f1os, <a href=\"https:\/\/www.eldiario.es\/catalunya\/jordi-pujol-evoluciona-favorablemente-neumonia-recibir-alta-jueves_1_12773208.html\" target=\"_blank\" data-mrf-recirculation=\"links-noticia\" class=\"link\" rel=\"nofollow noopener\">quedar\u00e1 fuera del juicio por su deteriorado estado de salud.<\/a>\n    <\/p>\n<p class=\"article-text\">\n        Solventada <a href=\"https:\/\/www.eldiario.es\/politica\/veinte-25-acusados-ultimo-juicio-gurtel-confiesan-culpabilidad_1_12698348.html\" target=\"_blank\" data-mrf-recirculation=\"links-noticia\" class=\"link\" rel=\"nofollow noopener\">la \u00faltima vista de la G\u00fcrtel<\/a>, el caso Pujol es el m\u00e1s a\u00f1ejo de los juicios pendientes de la corrupci\u00f3n de la pasada d\u00e9cada en Espa\u00f1a. Mientras el pa\u00eds a\u00fan tiritaba tras la mayor crisis econ\u00f3mica de la historia y se preparaba para el verano, una carta del expresident provoc\u00f3 un terremoto. As\u00ed empez\u00f3 todo.\n    <\/p>\n<p class=\"article-text\">\n        <strong>25\/07\/2014. La carta que sacudi\u00f3 Espa\u00f1a<\/strong>\n    <\/p>\n<p class=\"article-text\">\n        Tras reuniones con sus hijos (y con varios abogados cuyas recomendaciones desoy\u00f3), <a href=\"https:\/\/www.eldiario.es\/catalunya\/jordi-pujol-confiesa-regularizar-extranjero_1_4735176.html\" target=\"_blank\" data-mrf-recirculation=\"links-noticia\" class=\"link\" rel=\"nofollow noopener\">Pujol confes\u00f3<\/a>. La versi\u00f3n de la familia en el juicio que empieza el lunes<a href=\"https:\/\/www.eldiario.es\/catalunya\/confesion-jordi-pujol-fortuna-oculta-cumple-diez-anos-juicio-vista_1_11539274.html\" target=\"_blank\" data-mrf-recirculation=\"links-noticia\" class=\"link\" rel=\"nofollow noopener\"> es la misma que el expresident mantuvo en su misiva<\/a>. La fortuna (que el expresident no cuantificaba en la carta) era fruto de una \u201cdeixa\u201d (legado, en su traducci\u00f3n m\u00e1s aproximada al castellano) del abuelo Florenci.\n    <\/p>\n<p class=\"article-text\">\n        \u201cMi padre Florenci Pujol i Brugat dispuso como \u00faltima voluntad espec\u00edfica que un dinero ubicado en el extranjero \u2013diferente al comprometido en su testamento\u2013, rendimiento de una actividad econ\u00f3mica de la que ya se ha escrito y comentado, y que no se encontraba regularizado en el momento de su muerte en septiembre de 1980, se destinara a mis siete hijos y a mi esposa\u201d. As\u00ed empezaba la carta, de 575 palabras, con la que Pujol hundi\u00f3 su reputaci\u00f3n (aunque m\u00e1s de una d\u00e9cada despu\u00e9s ha conseguido que partidarios y detractores incluso lo reivindiquen como pol\u00edtico).\n    <\/p>\n<p class=\"article-text\">\n        El expresident reconoci\u00f3 que mientras sus hijos no alcanzaron la mayor\u00eda de edad fue el \u201cresponsable legal\u201d de no haber regularizado los fondos en el extranjero, cuya gesti\u00f3n confi\u00f3 a una \u201cpersona de m\u00e1xima confianza\u201d. La admisi\u00f3n del \u201cerror original\u201d vino acompa\u00f1ada de una petici\u00f3n de \u201cperd\u00f3n\u201d y \u201cexpiaci\u00f3n\u201d a la sociedad catalana. Con su misiva, Pujol tambi\u00e9n brind\u00f3 a la Justicia una palanca legal para investigarlo despu\u00e9s de dos a\u00f1os de maniobras de <a href=\"https:\/\/www.eldiario.es\/catalunya\/chantaje-policia-politica-rajoy-cuentas-pujol-andorra-cargar-banco_1_9102080.html\" target=\"_blank\" data-mrf-recirculation=\"links-noticia\" class=\"link\" rel=\"nofollow noopener\">la brigada pol\u00edtica que anid\u00f3 en el Ministerio del Interior del PP<\/a> y de una denuncia de <a href=\"https:\/\/www.eldiario.es\/politica\/victoria-alvarez_1_4782949.html\" target=\"_blank\" data-mrf-recirculation=\"links-noticia\" class=\"link\" rel=\"nofollow noopener\">Victoria \u00c1lvarez<\/a>, la examante de su hijo Jordi Pujol Ferrusola.\n    <\/p>\n<p class=\"article-text\">\n        <strong>26\/09\/2014. La bronca de los Pujol al Parlament<\/strong>\n    <\/p>\n<p class=\"article-text\">\n        Fueron los tiempos de ostracismo de Pujol. Incluso entre sus pares de Converg\u00e8ncia, se convirti\u00f3 en una figura repudiada. La sociedad catalana quer\u00eda m\u00e1s respuestas del exmandatario (que siempre fue algo m\u00e1s que un president) que una escueta carta de perd\u00f3n. El Parlament celebr\u00f3, primero, una sesi\u00f3n extraordinaria de la comisi\u00f3n de asuntos institucionales y, despu\u00e9s, una comisi\u00f3n de investigaci\u00f3n sobre la corrupci\u00f3n y Pujol fue de sus primeros comparecientes.\n    <\/p>\n<p class=\"article-text\">\n        La sesi\u00f3n es de las que todav\u00eda se recuerdan. Lejos del tono expiatorio de su carta, Pujol fue m\u00e1s Pujol que nunca.<a href=\"https:\/\/www.eldiario.es\/politica\/pujol-herencia-corrupcion-parlament_1_4623557.html\" target=\"_blank\" data-mrf-recirculation=\"links-noticia\" class=\"link\" rel=\"nofollow noopener\"> Abronc\u00f3 a los diputados por sus preguntas y dej\u00f3 una advertencia (o amenaza)<\/a>:\u00a0\u201cSi se toca la rama de un \u00e1rbol caer\u00e1n todas\u201d. S\u00ed aport\u00f3 un dato nuevo: la herencia del abuelo Florenci ascend\u00eda a\u00a0140 millones de pesetas.\n    <\/p>\n<p class=\"article-text\">\n        <a href=\"https:\/\/www.eldiario.es\/catalunya\/diuen-diuen_1_4355613.html\" target=\"_blank\" data-mrf-recirculation=\"links-noticia\" class=\"link\" rel=\"nofollow noopener\">El resto de miembros de la familia que pasaron por la comisi\u00f3n de investigaci\u00f3n<\/a> no ayudaron a mejorar la imagen de los Pujol: con un tono bronco y despectivo hacia los representantes de los catalanes, el primog\u00e9nito, Jordi Pujol Ferrusola, alarde\u00f3 de su riqueza, mientras que Marta Ferrusola lo desminti\u00f3 y asegur\u00f3 que su familia \u201cno en t\u00e9 ni cinc\u201d (no tiene ni un duro).\n    <\/p>\n<p>            <img decoding=\"async\" class=\"lazy\" loading=\"lazy\" data-src=\"https:\/\/static.eldiario.es\/clip\/914583e8-73f9-4ff8-977b-6fae931b0a9d_16-9-discover-aspect-ratio_default_0.jpg\" src=\"data:image\/svg+xml,%3Csvg xmlns=\" http:=\"\" viewbox=\"0 0 1200 675\" alt=\"Jordi Pujol Ferrusola, en la comisi\u00f3n del Parlament\"\/><\/p>\n<p class=\"article-text\">\n        <strong>27\/01\/2015. El president ante la jueza<\/strong>\n    <\/p>\n<p class=\"article-text\">\n        Los jueces empezaron a indagar. No era la primera vez que Pujol estaba en el punto de mira de la Justicia. Tres d\u00e9cadas antes, el president ya declar\u00f3 por el desfalco de Banca Catalana. Pero las <a href=\"https:\/\/www.eldiario.es\/catalunya\/despues-banca-catalana-jordi-pujol_1_4722575.html\" target=\"_blank\" data-mrf-recirculation=\"links-noticia\" class=\"link\" rel=\"nofollow noopener\">presiones pol\u00edticas y los jueces impidieron que la querella de los fiscales Mena y Villarejo<\/a> siguiera adelante.\n    <\/p>\n<p class=\"article-text\">\n        La fecha ya forma parte de los libros de historia:<a href=\"https:\/\/www.eldiario.es\/catalunya\/pujol-excusa-legado-aportar-documentos_1_4402296.html\" target=\"_blank\" data-mrf-recirculation=\"links-noticia\" class=\"link\" rel=\"nofollow noopener\"> el 27 de enero de 2015, Pujol declar\u00f3 ante una jueza de Barcelona<\/a> imputado\u00a0por blanqueo de capitales y fraude fiscal. La tesis fue la misma que en la misiva: el expresident\u00a0insisti\u00f3 en que se hab\u00eda desentendido de los fondos ocultos del abuelo en el extranjero. Su gesti\u00f3n hab\u00eda sido encomendada a gestores que ya hab\u00edan fallecido.\n    <\/p>\n<p>            <img decoding=\"async\" class=\"lazy\" loading=\"lazy\" data-src=\"https:\/\/static.eldiario.es\/clip\/efaa9dd4-009b-443b-b5a1-378cc1f799da_16-9-discover-aspect-ratio_default_0.jpg\" src=\"data:image\/svg+xml,%3Csvg xmlns=\" http:=\"\" viewbox=\"0 0 1200 675\" alt=\"Pujol y Ferrusola, escoltados por los Mossos, abandonan la Ciudad de la Justicia\"\/><\/p>\n<p class=\"article-text\">\n        <strong>2015-2017. Registros legales y el intento de adulterar el caso<\/strong>\n    <\/p>\n<p class=\"article-text\">\n        La jueza de Barcelona se encontr\u00f3 en un callej\u00f3n sin salida por la falta de respuesta de las autoridades andorranas, que, sin embargo, s\u00ed colaboraron con el magistrado de la Audiencia Nacional que investigaba las comisiones millonarias cobradas por el primog\u00e9nito. As\u00ed que todo el caso viaj\u00f3 a Madrid, donde se conform\u00f3 la macrocausa que se juzgar\u00e1 ahora.\n    <\/p>\n<p class=\"article-text\">\n        Fueron los a\u00f1os de <a href=\"https:\/\/www.eldiario.es\/catalunya\/politica\/testamento-pujol-justifica-cuentas-andorra_1_3399739.html\" target=\"_blank\" data-mrf-recirculation=\"links-noticia\" class=\"link\" rel=\"nofollow noopener\">los registros en los domicilios de los Pujol<\/a>, de decenas de interrogatorios a empresarios y de comisiones rogatorias al extranjero que ayudaron a perfilar la cuantiosa fortuna de la familia. De especial inter\u00e9s resulta la informaci\u00f3n brindada por Andorra:\u00a0en el a\u00f1o 2000, en una cuenta titularidad del expresident, se ingresaron en efectivo 307 millones de pesetas que no se declararon. Hacienda calcul\u00f3 que el fraude fiscal del expresident ascend\u00eda a 885.651 euros, pero ya estaba prescrito.\n    <\/p>\n<p class=\"article-text\">\n        En paralelo a la informaci\u00f3n obtenida con arreglo a la ley, <a href=\"https:\/\/www.eldiario.es\/politica\/tribunal-supremo-retrata-operacion-catalunya-primera-condena-maniobra-brigada-politica_1_12067354.html\" target=\"_blank\" data-mrf-recirculation=\"links-noticia\" class=\"link\" rel=\"nofollow noopener\">la brigada pol\u00edtica del PP tambi\u00e9n quiso adulterar el caso Pujol<\/a>. En abril de 2016, en el juzgado de la Audiencia de Nacional tuvo entrada un informe basado en un &#8216;pen-drive&#8217; cuyo origen malicioso hizo saltar las alarmas al juez, que r\u00e1pidamente lo expuls\u00f3 del caso para evitar que lo contaminara. El exjefe policial <a href=\"https:\/\/www.eldiario.es\/politica\/supremo-confirma-ano-carcel-jefe-policial-brigada-politica-adulterar-caso-pujol_1_12065991.html\" target=\"_blank\" data-mrf-recirculation=\"links-noticia\" class=\"link\" rel=\"nofollow noopener\">Eugenio Pino termin\u00f3 condenado en firme<\/a>, en lo que a d\u00eda de hoy sigue siendo la \u00fanica condena por la Operaci\u00f3n Catalunya.\n    <\/p>\n<p>            <img decoding=\"async\" class=\"lazy\" loading=\"lazy\" data-src=\"https:\/\/static.eldiario.es\/clip\/a152ab1a-bbe2-4bc6-869f-2d79a74b6478_16-9-discover-aspect-ratio_default_0.jpg\" src=\"data:image\/svg+xml,%3Csvg xmlns=\" http:=\"\" viewbox=\"0 0 1200 675\" alt=\"Registro en enero de 2015 de las oficinas de las empresas de Jordi Pujol Ferrusola\"\/><\/p>\n<p class=\"article-text\">\n        <strong>16\/07\/2020. Fin de la instrucci\u00f3n<\/strong>\n    <\/p>\n<p class=\"article-text\">\n        Tras una investigaci\u00f3n tortuosa, en la que se plantearon hasta tres responsables del manejo de los fondos ocultos de la familia (el propio Pujol, su mujer y, finalmente, el primog\u00e9nito), el juez proces\u00f3 a la familia por organizaci\u00f3n criminal, blanqueo de capitales y otros delitos. A la espera de lo que diga la sentencia, ni el juez instructor ni la Fiscal\u00eda se creen la teor\u00eda del legado y vinculan la fortuna familiar a la corrupci\u00f3n orquestada por la familia aprovechando la presidencia de la Generalitat de su padre.\n    <\/p>\n<p class=\"article-text\">\n        <a href=\"https:\/\/www.eldiario.es\/catalunya\/audiencia-nacional-propone-juzgar-familia-pujol-organizacion-criminal-blanqueo-capitales-fraude-fiscal-falsedad-documental_1_6109782.html\" target=\"_blank\" data-mrf-recirculation=\"links-noticia\" class=\"link\" rel=\"nofollow noopener\">Seg\u00fan expuso el magistrado Jos\u00e9 de la Mata, la familia Pujol Ferrusola aprovech\u00f3 su \u201cposici\u00f3n privilegiada\u201d<\/a> en la vida pol\u00edtica, social y econ\u00f3mica catalana durante d\u00e9cadas \u201cpara acumular un patrimonio desmedido, directamente relacionado con percepciones econ\u00f3micas derivadas de actividades corruptas\u201d. Parte de esas actividades, subraya el juez, coincidieron en el tiempo con la presidencia de la Generalitat que ostent\u00f3 Jordi Pujol entre 1980 y 2003.\n    <\/p>\n<p class=\"article-text\">\n        La procedencia del patrimonio familiar, se\u00f1al\u00f3 el juez, proviene de distintas fuentes, en algunos casos desconocidas y otras fruto de la corrupci\u00f3n. Esta misma tesis <a href=\"https:\/\/www.eldiario.es\/catalunya\/fiscalia-pide-9-anos-carcel-jordi-pujol-crear-red-clientelismo-generalitat_1_7909842.html\" target=\"_blank\" data-mrf-recirculation=\"links-noticia\" class=\"link\" rel=\"nofollow noopener\">mantiene la Fiscal\u00eda, que reclama hasta 29 de c\u00e1rcel para el primog\u00e9nito<\/a> por asociaci\u00f3n il\u00edcita, blanqueo de capitales y fraude fiscal. Para el resto de hermanos las penas solicitadas son de 14 a\u00f1os para Josep Pujol Ferrusola y ocho a\u00f1os para Oriol, Oleguer, Marta, Mireia y Pere Pujol Ferrusola.\n    <\/p>\n<p class=\"article-text\">\n        <strong>Cuatro a\u00f1os de par\u00e1lisis judicial<\/strong>\n    <\/p>\n<p class=\"article-text\">\n        Adem\u00e1s de las fechas concretas, resulta remarcable el periodo de inactividad de la causa Pujol en la Audiencia Nacional. Tras presentar su escrito de conclusiones la Fiscal\u00eda y la Abogac\u00eda del Estado en mayo de 2021, le siguieron <a href=\"https:\/\/www.eldiario.es\/catalunya\/pujol-piden-desclasificar-documentos-operacion-catalunya-villarejo-testifique_1_8405645.html\" target=\"_blank\" data-mrf-recirculation=\"links-noticia\" class=\"link\" rel=\"nofollow noopener\">los escritos de las defensas reclamando la absoluci\u00f3n en octubre del mismo a\u00f1o<\/a>, un plazo habitual.\n    <\/p>\n<p class=\"article-text\">\n        M\u00e1s dificultades hay en explicar el lapso de cuatro a\u00f1os que han pasado desde que todo estaba preparado para el juicio a su efectiva celebraci\u00f3n. Es cierto que hubo que expurgar parte de los documentos del caso por la informaci\u00f3n personal que conten\u00edan y que se tard\u00f3 m\u00e1s de lo previsto, pero finalmente el juez instructor elev\u00f3 el 31 de octubre de 2023 el caso a la Sala de lo Penal, la encargada de fijar la fecha del juicio. Por el camino la fiscal anticorrupci\u00f3n que capitane\u00f3 el caso y lo ten\u00eda todo en la cabeza, Bel\u00e9n Su\u00e1rez, ascendi\u00f3 al Supremo en 2024. Y una de las acusadas, la mujer del expresident, <a href=\"https:\/\/www.eldiario.es\/catalunya\/muere-marta-ferrusola-esposa-jordi-pujol-89-anos_1_11509409.html\" target=\"_blank\" data-mrf-recirculation=\"links-noticia\" class=\"link\" rel=\"nofollow noopener\">Marta Ferrusola, ha fallecido.<\/a>\n    <\/p>\n<p class=\"article-text\">\n        En c\u00edrculos judiciales barceloneses se han sucedido las hip\u00f3tesis sobre el retraso: desde que la Audiencia Nacional perdi\u00f3 inter\u00e9s en el caso una vez completada la instrucci\u00f3n hasta que el tribunal esperaba a si el expresident (que ha cumplido 95 a\u00f1os) mor\u00eda antes de fijar la fecha del juicio.\n    <\/p>\n<p class=\"article-text\">\n        <strong>24\/11\/2025. El juicio<\/strong>\n    <\/p>\n<p class=\"article-text\">\n        En plena turbulencia judicial <a href=\"https:\/\/www.eldiario.es\/politica\/supremo-condena-fiscal-general-multa-7-200-euros-anos-inhabilitacion-filtracion-correo-pareja-ayuso_1_12773048.html\" target=\"_blank\" data-mrf-recirculation=\"links-noticia\" class=\"link\" rel=\"nofollow noopener\">por la condena del Tribunal Supremo al fiscal general del Estado<\/a>, en la sede de la Audiencia Nacional en un pol\u00edgono industrial de San Fernando de Henares (Madrid), los siete hijos de Pujol y una decena de empresarios se sentar\u00e1n en el banquillo. Las sesiones durar\u00e1n hasta el jueves, para proseguir el 9 de diciembre y ya luego, a partir de 2026, dos semanas al mes hasta mayo.\n    <\/p>\n<p>    <a href=\"https:\/\/www.eldiario.es\/catalunya\/jordi-pujol-evoluciona-favorablemente-neumonia-recibir-alta-jueves_1_12773208.html\" data-mrf-recirculation=\"saber-mas-abajo\" data-dl-event=\"saber-mas-abajo\" rel=\"nofollow noopener\" target=\"_blank\"><\/p>\n<p class=\"know-more__title\">Los forenses concluyen que Jordi Pujol no est\u00e1 en condiciones de ir a juicio, pero la Audiencia Nacional ordena examinarlo\n<\/p>\n<p>            <img decoding=\"async\" class=\"lazy\" loading=\"lazy\" data-src=\"https:\/\/static.eldiario.es\/clip\/c796eb8c-c983-48e2-8c59-4fb692337fd5_16-9-aspect-ratio_default_0.jpg\" src=\"data:image\/svg+xml,%3Csvg xmlns=\" http:=\"\" viewbox=\"0 0 880 495\" alt=\"Los forenses concluyen que Jordi Pujol no est\u00e1 en condiciones de ir a juicio, pero la Audiencia Nacional ordena examinarlo\"\/><\/p>\n<p>                        <\/a><\/p>\n<p class=\"article-text\">\n        Ante el tribunal desfilar\u00e1n m\u00e1s de 200 testigos, en lo que supondr\u00e1 una revisi\u00f3n a la cara oscura del pujolismo y al gran secreto a voces durante a\u00f1os en Catalunya: los negocios que su familia, en especial su hijo mayor, hizo mientras ocupaba el cargo. \u00bfLegado o corrupci\u00f3n? La pregunta sobre el origen de la fortuna de los Pujol es posible no sea respondida del todo en el juicio.\n    <\/p>\n","protected":false},"excerpt":{"rendered":"Lleg\u00f3 a acaparar portadas y llenar telediarios, pero su final parec\u00eda que no iba a llegar nunca. El&hellip;\n","protected":false},"author":2,"featured_media":251294,"comment_status":"","ping_status":"","sticky":false,"template":"","format":"standard","meta":{"footnotes":""},"categories":[8],"tags":[517,210,17,18,1980,95,25,24,13,14,11,1982,19,20,9,10,15,16,1981,952,23,12,21,22],"class_list":{"0":"post-251293","1":"post","2":"type-post","3":"status-publish","4":"format-standard","5":"has-post-thumbnail","7":"category-espana","8":"tag-actualidad","9":"tag-barcelona","10":"tag-breaking-news","11":"tag-breakingnews","12":"tag-cataluna","13":"tag-economia","14":"tag-es","15":"tag-espana","16":"tag-featured-news","17":"tag-featurednews","18":"tag-headlines","19":"tag-ignacio-escolar","20":"tag-latest-news","21":"tag-latestnews","22":"tag-news","23":"tag-noticias","24":"tag-noticias-destacadas","25":"tag-noticiasdestacadas","26":"tag-periodismo-independiente","27":"tag-politica","28":"tag-spain","29":"tag-titulares","30":"tag-ultimas-noticias","31":"tag-ultimasnoticias"},"share_on_mastodon":{"url":"https:\/\/pubeurope.com\/@es\/115598776441200003","error":""},"_links":{"self":[{"href":"https:\/\/www.europesays.com\/es\/wp-json\/wp\/v2\/posts\/251293","targetHints":{"allow":["GET"]}}],"collection":[{"href":"https:\/\/www.europesays.com\/es\/wp-json\/wp\/v2\/posts"}],"about":[{"href":"https:\/\/www.europesays.com\/es\/wp-json\/wp\/v2\/types\/post"}],"author":[{"embeddable":true,"href":"https:\/\/www.europesays.com\/es\/wp-json\/wp\/v2\/users\/2"}],"replies":[{"embeddable":true,"href":"https:\/\/www.europesays.com\/es\/wp-json\/wp\/v2\/comments?post=251293"}],"version-history":[{"count":0,"href":"https:\/\/www.europesays.com\/es\/wp-json\/wp\/v2\/posts\/251293\/revisions"}],"wp:featuredmedia":[{"embeddable":true,"href":"https:\/\/www.europesays.com\/es\/wp-json\/wp\/v2\/media\/251294"}],"wp:attachment":[{"href":"https:\/\/www.europesays.com\/es\/wp-json\/wp\/v2\/media?parent=251293"}],"wp:term":[{"taxonomy":"category","embeddable":true,"href":"https:\/\/www.europesays.com\/es\/wp-json\/wp\/v2\/categories?post=251293"},{"taxonomy":"post_tag","embeddable":true,"href":"https:\/\/www.europesays.com\/es\/wp-json\/wp\/v2\/tags?post=251293"}],"curies":[{"name":"wp","href":"https:\/\/api.w.org\/{rel}","templated":true}]}}