{"id":251301,"date":"2025-11-23T11:37:10","date_gmt":"2025-11-23T11:37:10","guid":{"rendered":"https:\/\/www.europesays.com\/es\/251301\/"},"modified":"2025-11-23T11:37:10","modified_gmt":"2025-11-23T11:37:10","slug":"el-sevilla-tiene-muchas-dudas-y-bajas-para-medirse-al-espanyol","status":"publish","type":"post","link":"https:\/\/www.europesays.com\/es\/251301\/","title":{"rendered":"El Sevilla tiene muchas dudas y bajas para medirse al Espanyol"},"content":{"rendered":"<p>Los pericos descuentan las horas que faltan para volver a ver a su equipo competir, las semanas sin f\u00fatbol se hacen muy largas, y hay ganas de volver a ver al equipo de<strong> Manolo Gonz\u00e1lez<\/strong>, que tantas alegr\u00edas est\u00e1 dando en el presente campeonato. Enfrente, un <strong>Sevilla F\u00fatbol Club<\/strong> que tiene cinco dudas para el encuentro en el <strong>RCDE Stadium<\/strong> de este pr\u00f3ximo lunes.\u00a0<\/p>\n<p><strong>Marcao<\/strong>, <strong>Cardoso<\/strong>, <strong>Agoum\u00e9<\/strong>, <strong>Isaac<\/strong> y <strong>Alexis<\/strong> mantienen en vilo a <strong>Mat\u00edas Almeyda<\/strong>, que tambi\u00e9n tiene un ojo puesto en el derbi de la pr\u00f3xima semana ante el <strong>Real Betis Balompi\u00e9<\/strong> en el <strong>Ram\u00f3n S\u00e1nchez Pizj\u00faan<\/strong>. Las bajas que son seguras en el Sevilla son las de <strong>Azpilicueta<\/strong> y <strong>Nianzou<\/strong>, a la que hay que unir la de <strong>Carmona<\/strong>, que debe cumplir sanci\u00f3n.<\/p>\n","protected":false},"excerpt":{"rendered":"Los pericos descuentan las horas que faltan para volver a ver a su equipo competir, las semanas sin&hellip;\n","protected":false},"author":2,"featured_media":251302,"comment_status":"","ping_status":"","sticky":false,"template":"","format":"standard","meta":{"footnotes":""},"categories":[268],"tags":[168,25,24,280,282,281,23,167],"class_list":{"0":"post-251301","1":"post","2":"type-post","3":"status-publish","4":"format-standard","5":"has-post-thumbnail","7":"category-futbol","8":"tag-deportes","9":"tag-es","10":"tag-espana","11":"tag-football","12":"tag-futbol","13":"tag-soccer","14":"tag-spain","15":"tag-sports"},"share_on_mastodon":{"url":"https:\/\/pubeurope.com\/@es\/115598816013572093","error":""},"_links":{"self":[{"href":"https:\/\/www.europesays.com\/es\/wp-json\/wp\/v2\/posts\/251301","targetHints":{"allow":["GET"]}}],"collection":[{"href":"https:\/\/www.europesays.com\/es\/wp-json\/wp\/v2\/posts"}],"about":[{"href":"https:\/\/www.europesays.com\/es\/wp-json\/wp\/v2\/types\/post"}],"author":[{"embeddable":true,"href":"https:\/\/www.europesays.com\/es\/wp-json\/wp\/v2\/users\/2"}],"replies":[{"embeddable":true,"href":"https:\/\/www.europesays.com\/es\/wp-json\/wp\/v2\/comments?post=251301"}],"version-history":[{"count":0,"href":"https:\/\/www.europesays.com\/es\/wp-json\/wp\/v2\/posts\/251301\/revisions"}],"wp:featuredmedia":[{"embeddable":true,"href":"https:\/\/www.europesays.com\/es\/wp-json\/wp\/v2\/media\/251302"}],"wp:attachment":[{"href":"https:\/\/www.europesays.com\/es\/wp-json\/wp\/v2\/media?parent=251301"}],"wp:term":[{"taxonomy":"category","embeddable":true,"href":"https:\/\/www.europesays.com\/es\/wp-json\/wp\/v2\/categories?post=251301"},{"taxonomy":"post_tag","embeddable":true,"href":"https:\/\/www.europesays.com\/es\/wp-json\/wp\/v2\/tags?post=251301"}],"curies":[{"name":"wp","href":"https:\/\/api.w.org\/{rel}","templated":true}]}}