{"id":251305,"date":"2025-11-23T11:39:08","date_gmt":"2025-11-23T11:39:08","guid":{"rendered":"https:\/\/www.europesays.com\/es\/251305\/"},"modified":"2025-11-23T11:39:08","modified_gmt":"2025-11-23T11:39:08","slug":"el-gobierno-deja-escapar-una-talla-unica-de-la-virgen-del-siglo-xviii-tras-renunciar-tambien-a-un-caravaggio","status":"publish","type":"post","link":"https:\/\/www.europesays.com\/es\/251305\/","title":{"rendered":"El Gobierno deja escapar una talla \u00fanica de la Virgen del siglo XVIII tras renunciar tambi\u00e9n a un Caravaggio"},"content":{"rendered":"<p class=\"paragraph\">El argumento es el mismo que emple\u00f3 el Ministerio de Cultura para dejar escapar el Ecce Homo de Caravaggio, una obra maestra del pintor italiano que hoy podr\u00eda permanecer en la colecci\u00f3n del <b>Museo del Prado<\/b> y que por la desidia del Ministerio de Urtasun termin\u00f3 en manos privadas.<\/p>\n<p class=\"paragraph\">Solo la generosidad del nuevo propietario permite disfrutar de ese <b>Caravaggio \u00fanico <\/b>en la pinacoteca madrile\u00f1a. De momento, hasta 2027, despu\u00e9s, a\u00fan no se sabe.<\/p>\n<p class=\"paragraph\">Defend\u00eda entonces el <b>Ministerio de Cultura<\/b> que el Caravaggio exced\u00eda lo que pod\u00eda desembolsar por su adquisici\u00f3n y, con ese mismo argumento, el Gobierno dej\u00f3 escapar en subasta una talla de madera policromada y estofada del siglo XVIII que representa a la Virgen con el Ni\u00f1o, inform\u00f3 Europa Press.<\/p>\n<p class=\"paragraph\">Si bien el Ministerio ha declarado que la talla es inexportable, y que por lo tanto<b> no podr\u00e1 salir de Espa\u00f1a<\/b>, lo cierto es que se ha dejado escapar una nueva obra maestra que podr\u00eda contribuir a engrandecer las colecciones nacionales.<\/p>\n<p class=\"paragraph\">Cabe recordar que el Ministerio gastar\u00e1 casi 14 millones de euros en transformar los <b>museos de Antropolog\u00eda y de Am\u00e9rica <\/b>\u00abdesde una perspectiva decolonial, antirracista, intercultural y contempor\u00e1nea\u00bb, 94 millones en la construcci\u00f3n de una <b>biblioteca en Barcelona <\/b>y m\u00e1s de 7 millones de euros en adquirir la <b>Casa Gomis<\/b> tambi\u00e9n en Barcelona.<\/p>\n<p class=\"paragraph\">La renuncia a la talla dieciochesca la comunic\u00f3 el Ejecutivo en una respuesta escrita remitida al <b>Congreso de los Diputados<\/b>, tras una consulta presentada por el grupo parlamentario Vox, a la que ha tenido acceso Europa Press.<\/p>\n<p class=\"paragraph\">En dicha pregunta, la formaci\u00f3n solicitaba aclaraciones sobre si el <b>Gobierno<\/b> ten\u00eda intenci\u00f3n de ejercer el derecho de adquisici\u00f3n preferente durante la subasta de esta pieza.<\/p>\n<p class=\"paragraph\">El <b>Ministerio de Cultura<\/b>, encargado de gestionar este tipo de adquisiciones patrimoniales, ha explicado que no procedi\u00f3 a comprar la obra debido a que su precio superaba el l\u00edmite presupuestario destinado a la adquisici\u00f3n de bienes culturales mediante el derecho de tanteo. La pieza finalmente fue adjudicada a un coleccionista privado.<\/p>\n<p class=\"paragraph\">No obstante, el 17 de septiembre, la <b>Junta de Calificaci\u00f3n, Valoraci\u00f3n y Exportaci\u00f3n de Bienes del Patrimonio Hist\u00f3rico Espa\u00f1ol<\/b> propuso que la escultura fuera declarada inexportable. Esta medida fue comunicada de inmediato a la sala de subastas, que inform\u00f3 p\u00fablicamente a todos los interesados antes de la celebraci\u00f3n del acto de venta.<\/p>\n<p class=\"paragraph\">En su respuesta parlamentaria, el Gobierno ha explicado los motivos de esta actuaci\u00f3n: \u00abLa <b>declaraci\u00f3n de inexportabilidad<\/b>, como su propio nombre indica, es una medida cautelar que la Administraci\u00f3n del Estado puede adoptar en el \u00e1mbito de sus competencias, siempre que las circunstancias lo aconsejen, para evitar la salida de Espa\u00f1a de un determinado bien de nuestro patrimonio cultural\u00bb.<\/p>\n<p class=\"paragraph\">De este modo, aunque la talla no pasar\u00e1 a formar parte de una colecci\u00f3n p\u00fablica, se garantiza que permanecer\u00e1 dentro del territorio nacional, preservando su valor hist\u00f3rico y art\u00edstico como parte del <b>legado cultural espa\u00f1ol.<\/b><\/p>\n<p class=\"paragraph\">Esta decisi\u00f3n se enmarca dentro de las competencias del <b>Ministerio de Cultura<\/b> para proteger bienes considerados de relevancia patrimonial, incluso cuando no sea posible acometer su compra directa.<\/p>\n<p class=\"paragraph\">Queda por ver ahora si el propietario particular que se hizo con la escultura plantea alg\u00fan recurso frente a la declaraci\u00f3n de inexportabilidad o si, por el contrario, acepta conservarla dentro de Espa\u00f1a conforme a la normativa vigente.<\/p>\n","protected":false},"excerpt":{"rendered":"El argumento es el mismo que emple\u00f3 el Ministerio de Cultura para dejar escapar el Ecce Homo de&hellip;\n","protected":false},"author":2,"featured_media":251306,"comment_status":"","ping_status":"","sticky":false,"template":"","format":"standard","meta":{"footnotes":""},"categories":[173],"tags":[229,233,231,230,232,234,146,147,25,24,23],"class_list":{"0":"post-251305","1":"post","2":"type-post","3":"status-publish","4":"format-standard","5":"has-post-thumbnail","7":"category-arte-y-diseno","8":"tag-arte","9":"tag-arte-y-diseno","10":"tag-arts","11":"tag-arts-and-design","12":"tag-design","13":"tag-diseno","14":"tag-entertainment","15":"tag-entretenimiento","16":"tag-es","17":"tag-espana","18":"tag-spain"},"share_on_mastodon":{"url":"https:\/\/pubeurope.com\/@es\/115598823433665935","error":""},"_links":{"self":[{"href":"https:\/\/www.europesays.com\/es\/wp-json\/wp\/v2\/posts\/251305","targetHints":{"allow":["GET"]}}],"collection":[{"href":"https:\/\/www.europesays.com\/es\/wp-json\/wp\/v2\/posts"}],"about":[{"href":"https:\/\/www.europesays.com\/es\/wp-json\/wp\/v2\/types\/post"}],"author":[{"embeddable":true,"href":"https:\/\/www.europesays.com\/es\/wp-json\/wp\/v2\/users\/2"}],"replies":[{"embeddable":true,"href":"https:\/\/www.europesays.com\/es\/wp-json\/wp\/v2\/comments?post=251305"}],"version-history":[{"count":0,"href":"https:\/\/www.europesays.com\/es\/wp-json\/wp\/v2\/posts\/251305\/revisions"}],"wp:featuredmedia":[{"embeddable":true,"href":"https:\/\/www.europesays.com\/es\/wp-json\/wp\/v2\/media\/251306"}],"wp:attachment":[{"href":"https:\/\/www.europesays.com\/es\/wp-json\/wp\/v2\/media?parent=251305"}],"wp:term":[{"taxonomy":"category","embeddable":true,"href":"https:\/\/www.europesays.com\/es\/wp-json\/wp\/v2\/categories?post=251305"},{"taxonomy":"post_tag","embeddable":true,"href":"https:\/\/www.europesays.com\/es\/wp-json\/wp\/v2\/tags?post=251305"}],"curies":[{"name":"wp","href":"https:\/\/api.w.org\/{rel}","templated":true}]}}