{"id":251307,"date":"2025-11-23T11:41:16","date_gmt":"2025-11-23T11:41:16","guid":{"rendered":"https:\/\/www.europesays.com\/es\/251307\/"},"modified":"2025-11-23T11:41:16","modified_gmt":"2025-11-23T11:41:16","slug":"un-accidente-que-lo-cambia-todo","status":"publish","type":"post","link":"https:\/\/www.europesays.com\/es\/251307\/","title":{"rendered":"Un accidente que lo cambia todo"},"content":{"rendered":"<p data-journey-content=\"true\" data-node-id=\"3\" class=\"css-6wxqfj emevuu60\">Esta semana en &#8216;<a href=\"https:\/\/www.diezminutos.es\/renacer-serie-turca\/\" target=\"_blank\" data-vars-ga-outbound-link=\"https:\/\/www.diezminutos.es\/renacer-serie-turca\/\" data-vars-ga-ux-element=\"Hyperlink\" data-vars-ga-call-to-action=\"Renacer\" data-node-id=\"3.1\" class=\"body-link css-177bzfx emevuu60\" rel=\"nofollow noopener\">Renacer<\/a>&#8216;, la mirada de Bahar hacia Harun se transforma por completo cuando la verdad sobre su pasado sale finalmente a la luz. Aquello que hab\u00eda permanecido oculto durante tanto tiempo se revela como <strong data-node-id=\"3.3\">una historia marcada por el dolor y la p\u00e9rdida<\/strong>, y de pronto los silencios del hombre adquieren un nuevo significado. Lo que antes era desconfianza y recelo se convierte en una mezcla de comprensi\u00f3n y sorpresa. <a href=\"https:\/\/www.diezminutos.es\/telenovela\/turcas\/a69454392\/renacer-capitulo-52-avance-del-martes-18-de-noviembre-serie-turca-antena-3\/\" target=\"_blank\" data-vars-ga-outbound-link=\"https:\/\/www.diezminutos.es\/telenovela\/turcas\/a69454392\/renacer-capitulo-52-avance-del-martes-18-de-noviembre-serie-turca-antena-3\/\" data-vars-ga-ux-element=\"Hyperlink\" data-vars-ga-call-to-action=\"Bahar, conmovida, siente c\u00f3mo una grieta se abre en su coraz\u00f3n\" data-node-id=\"3.5\" class=\"body-link css-177bzfx emevuu60\" rel=\"nofollow noopener\">Bahar, conmovida, siente c\u00f3mo una grieta se abre en su coraz\u00f3n<\/a>, oblig\u00e1ndola a replantearse sentimientos que cre\u00eda firmes e inamovibles. La revelaci\u00f3n no solo cambia su percepci\u00f3n, sino que la enfrenta a la posibilidad de un v\u00ednculo m\u00e1s profundo, nacido de la empat\u00eda y la verdad compartida.<\/p>\n<p><img draggable=\"true\" alt=\"evren y bahar en 'renacer'\" title=\"Evren y Bahar en 'Renacer'\" loading=\"lazy\" width=\"5334\" height=\"3000\" decoding=\"async\" data-nimg=\"1\" style=\"color:transparent;width:100%;height:auto;\"   src=\"https:\/\/www.europesays.com\/es\/wp-content\/uploads\/2025\/10\/renacer-evren-y-bahar-68dbc80a04ad0.jpg\" class=\"css-0 e1g79fud0\"\/><\/p>\n<p>Atresmedia<\/p>\n<p>Evren vive un momento decisivo en &#8216;Renacer&#8217;<\/p>\n<p data-journey-content=\"true\" data-node-id=\"8\" class=\"css-6wxqfj emevuu60\">\u00c7agla, testigo de la cercan\u00eda que empieza a crecer entre ellos, se ve atrapada en un torbellino de dudas. Observa el cambio evidente en Bahar y se pregunta qu\u00e9 lo ha provocado. Incapaz de ignorar lo que ve, se sumerge en un dilema que la enfrenta a <strong data-node-id=\"8.1\">sus propios sentimientos hacia Bahar y hacia Harun<\/strong>. La confusi\u00f3n la vuelve vulnerable, atrapada entre la lealtad y el deseo, entre la necesidad de proteger a Bahar y el temor de perderla para siempre.<\/p>\n<p data-journey-content=\"true\" data-node-id=\"10\" class=\"css-6wxqfj emevuu60\">Mientras tanto, Evren vive un momento decisivo: comprende plenamente que ser\u00e1 padre. La visi\u00f3n del beb\u00e9 despierta en \u00e9l un torbellino de emociones, mezcla de alegr\u00eda y responsabilidad, pero tambi\u00e9n un miedo profundo a perder a Bahar. La idea de que ella pueda alejarse lo atormenta y lo lleva a cuestionar cada paso que da. Esa inseguridad se intensifica cuando un nuevo caso llega al hospital, <strong data-node-id=\"10.1\">obligando a Bahar y Evren a trabajar juntos<\/strong>, enfrentando no solo la presi\u00f3n profesional, sino tambi\u00e9n la tensi\u00f3n emocional que los une y los distancia al mismo tiempo.<\/p>\n<p>Aziz decide tomar medidas para reconquistar a Seren en &#8216;Renacer&#8217;<img draggable=\"true\" alt=\"renacer\" title=\"Renacer\" loading=\"lazy\" width=\"1806\" height=\"1204\" decoding=\"async\" data-nimg=\"1\" style=\"color:transparent;width:100%;height:auto;\"   src=\"https:\/\/www.europesays.com\/es\/wp-content\/uploads\/2025\/09\/496004452-1288597593267642-4175960638560118173-n-685d5b85c33f0.jpg\" class=\"css-0 e1g79fud0\"\/><\/p>\n<p>Atresmedia<\/p>\n<p data-journey-content=\"true\" data-node-id=\"16\" class=\"css-6wxqfj emevuu60\">En otro rinc\u00f3n de la historia, Aziz decide tomar medidas para reconquistar a Seren. Su determinaci\u00f3n choca con la firmeza de ella, convencida de que no puede perdonarlo. <strong data-node-id=\"16.1\">La dr\u00e1stica decisi\u00f3n de Seren<\/strong> marca un punto de inflexi\u00f3n en su relaci\u00f3n, un quiebre que parece definitivo. Pero el destino, siempre caprichoso, irrumpe con violencia: un accidente inesperado sacude sus vidas y abre un nuevo horizonte de incertidumbre.<\/p>\n<p><img src=\"https:\/\/www.europesays.com\/es\/wp-content\/uploads\/2025\/11\/1763898076_303_43af9b8f-983e-4e74-8e74-9a7479b0966b_1681831601.file\" alt=\"Headshot of Pilar Mart\u00ednez\" title=\"Headshot of Pilar Mart\u00ednez\" width=\"100%\" height=\"100%\" decoding=\"async\" loading=\"lazy\" class=\"css-o0wq4v ev8dhu53\"\/><\/p>\n<p>Pilar Mart\u00ednez es periodista especializada en contenidos de televisi\u00f3n y cultura, se gradu\u00f3 en la carrera en Periodismo en la Facultad de Ciencias de la Informaci\u00f3n (Universidad Complutense de Madrid) en el a\u00f1o 2018. Desde entonces ha pasado por las redacciones de Ecoteuve (El Economista), donde realiz\u00f3 sus primeras pr\u00e1cticas durante el verano del 2016.<\/p>\n<p>Posteriormente, concretamente, en el a\u00f1o 2017 se pas\u00f3 al grupo Hearst Espa\u00f1a, donde comenz\u00f3 su andadura en las revistas de televisi\u00f3n: Supertele, Teleprograma, Telenovela. Ahora colabora con Diez Minutos, en su versi\u00f3n web, donde se encarga de realizar los avances semanales de las ficciones diarias de moda, as\u00ed como entrevistas y art\u00edculos sobre los melodramas o telenovelas que aterrizan en nuestro pa\u00eds y aquellos que est\u00e1n por venir.<\/p>\n<p>Toda una cazadora de exclusivas. A esto, se suma su puesto como redactora jefe de la secci\u00f3n de novela narrativa en la revista Culturamas, medio digital de alto impacto al que lleva unida desde el a\u00f1o 2013. \u00c1vida lectora, cin\u00e9fila y seri\u00e9fila de primer nivel, ha hecho de su vocaci\u00f3n su oficio. \u00a0<\/p>\n","protected":false},"excerpt":{"rendered":"Esta semana en &#8216;Renacer&#8216;, la mirada de Bahar hacia Harun se transforma por completo cuando la verdad sobre&hellip;\n","protected":false},"author":2,"featured_media":251308,"comment_status":"","ping_status":"","sticky":false,"template":"","format":"standard","meta":{"footnotes":""},"categories":[171],"tags":[253,146,147,25,24,23,214],"class_list":{"0":"post-251307","1":"post","2":"type-post","3":"status-publish","4":"format-standard","5":"has-post-thumbnail","7":"category-tv","8":"tag-discover","9":"tag-entertainment","10":"tag-entretenimiento","11":"tag-es","12":"tag-espana","13":"tag-spain","14":"tag-tv"},"share_on_mastodon":{"url":"https:\/\/pubeurope.com\/@es\/115598831928515037","error":""},"_links":{"self":[{"href":"https:\/\/www.europesays.com\/es\/wp-json\/wp\/v2\/posts\/251307","targetHints":{"allow":["GET"]}}],"collection":[{"href":"https:\/\/www.europesays.com\/es\/wp-json\/wp\/v2\/posts"}],"about":[{"href":"https:\/\/www.europesays.com\/es\/wp-json\/wp\/v2\/types\/post"}],"author":[{"embeddable":true,"href":"https:\/\/www.europesays.com\/es\/wp-json\/wp\/v2\/users\/2"}],"replies":[{"embeddable":true,"href":"https:\/\/www.europesays.com\/es\/wp-json\/wp\/v2\/comments?post=251307"}],"version-history":[{"count":0,"href":"https:\/\/www.europesays.com\/es\/wp-json\/wp\/v2\/posts\/251307\/revisions"}],"wp:featuredmedia":[{"embeddable":true,"href":"https:\/\/www.europesays.com\/es\/wp-json\/wp\/v2\/media\/251308"}],"wp:attachment":[{"href":"https:\/\/www.europesays.com\/es\/wp-json\/wp\/v2\/media?parent=251307"}],"wp:term":[{"taxonomy":"category","embeddable":true,"href":"https:\/\/www.europesays.com\/es\/wp-json\/wp\/v2\/categories?post=251307"},{"taxonomy":"post_tag","embeddable":true,"href":"https:\/\/www.europesays.com\/es\/wp-json\/wp\/v2\/tags?post=251307"}],"curies":[{"name":"wp","href":"https:\/\/api.w.org\/{rel}","templated":true}]}}