{"id":251313,"date":"2025-11-23T11:44:10","date_gmt":"2025-11-23T11:44:10","guid":{"rendered":"https:\/\/www.europesays.com\/es\/251313\/"},"modified":"2025-11-23T11:44:10","modified_gmt":"2025-11-23T11:44:10","slug":"el-real-madrid-se-opone-a-todo-lo-que-no-es-normal-etico-ni-legal","status":"publish","type":"post","link":"https:\/\/www.europesays.com\/es\/251313\/","title":{"rendered":"El Real Madrid se opone a todo lo que no es normal, \u00e9tico ni legal"},"content":{"rendered":"<p>El presidente del Real Madrid, <strong>Florentino P\u00e9rez<\/strong>, ha comparecido este domingo en la Asamblea General Ordinaria de Socios Representantes de la entidad blanca.<\/p>\n<p>El m\u00e1ximo mandatario del club ha dejado claro que \u00abno es verdad\u00bb que el Real Madrid est\u00e9 \u00abcontra todo\u00bb sino que \u00absimplemente se opone a todo lo que no es normal, \u00e9tico ni legal\u00bb y ha asegurado que <strong>LaLiga promov\u00eda en Miami un partido que \u00abadultera\u00bb <\/strong>el campeonato y que es ins\u00f3lito que el<strong> FC Barcelona<\/strong> <strong>pagase a Jos\u00e9 Mar\u00eda Enr\u00edquez Negreira<\/strong> \u00abcualquiera sea el motivo\u00bb. <\/p>\n<p>\u00ab\u00daltimamente he escuchado a alguien decir que el Real Madrid est\u00e1 contra todo y, obviamente, no es verdad. Simplemente <strong>nos oponemos a  todo lo que no es normal ni \u00e9tico<\/strong>. Y, por supuesto, a todo lo que no es legal. Y son tantas las cosas que hoy no son normales en el mundo del f\u00fatbol que nos vemos obligados a reaccionar m\u00e1s de lo que nos  gustar\u00eda\u00bb, ha se\u00f1alado P\u00e9rez durante su discurso inicial.<\/p>\n<p>El m\u00e1ximo mandatario madridista se ha referido al caso de la <strong>Superliga<\/strong>, advirtiendo que \u00abno es normal que los ejecutivos de la UEFA, ajenos a los clubes, pretendan dirigir el destino\u00bb de estos, pero ha centrado sus ataques m\u00e1s duros a <strong>LaLiga y al colectivo arbitral<\/strong>. <\/p>\n<p>\u00abNo es normal que, por la integridad de la competici\u00f3n, promuevan un partido que adultera la Liga. No es normal que apoyen que el Barcelona tuviera la ventaja de jugar un partido menos en campo rival, es que esto no le parece normal ni a su propio capit\u00e1n, Frenkie de Jong. Y tampoco es normal que la Liga apoye que dos equipos, <strong>Barcelona y Villarreal<\/strong>, tengan acceso por un partido en <strong>Miami<\/strong> a ingresos adicionales de la competici\u00f3n liguera\u00bb, ha subrayado. <\/p>\n<p>Del mismo modo, ha recalcado que <strong>\u00abno es normal tampoco el nivel de arbitraje espa\u00f1ol\u00bb<\/strong>. \u00abY no es s\u00f3lo mi opini\u00f3n, porque es una verg\u00fcenza  para el f\u00fatbol espa\u00f1ol que de los 35 \u00e1rbitros de campo elegidos para el reciente <strong>Mundial de Clubes<\/strong>, FIFA no seleccionara a ni uno solo espa\u00f1ol\u00bb, ha criticado. <\/p>\n<p>\u00abY, por supuesto, no es normal que el Barcelona haya pagado <strong>al vicepresidente de los \u00e1rbitros <\/strong>m\u00e1s de <strong>8 millones de euros<\/strong> durante al menos <strong>17 a\u00f1os<\/strong>, cualquiera que sea el motivo. Todo el mundo sabe que ten\u00eda funciones que eran claves en el sistema arbitral, entre otras cosas era el encargado de comunicar el ascenso y descenso de los  \u00e1rbitros cada temporada, un periodo de tiempo durante casi 20 a\u00f1os que coincide adem\u00e1s, casualmente, con los mejores resultados deportivos del Barcelona en nuestro pa\u00eds\u00bb, ha sentenciado. <\/p>\n<p>Igualmente, considera que \u00abtambi\u00e9n se adultera la competici\u00f3n en el plano econ\u00f3mico\u00bb. \u00abPorque aqu\u00ed no sabemos nada, ni cu\u00e1nto dinero se generaba, ni cu\u00e1les eran los gastos originados a la Liga, ni c\u00f3mo se distribu\u00eda ese dinero. Y todav\u00eda tenemos que escuchar al se\u00f1or Tebas, comparando este desprop\u00f3sito con el espect\u00e1culo mundial organizado por la<strong> NFL en el Bernab\u00e9u<\/strong>, y de nuevo fabricando un relato con el \u00fanico objetivo de atacar al Real Madrid\u00bb, ha aseverado. <\/p>\n","protected":false},"excerpt":{"rendered":"El presidente del Real Madrid, Florentino P\u00e9rez, ha comparecido este domingo en la Asamblea General Ordinaria de Socios&hellip;\n","protected":false},"author":2,"featured_media":251314,"comment_status":"","ping_status":"","sticky":false,"template":"","format":"standard","meta":{"footnotes":""},"categories":[93],"tags":[168,25,24,23,167],"class_list":{"0":"post-251313","1":"post","2":"type-post","3":"status-publish","4":"format-standard","5":"has-post-thumbnail","7":"category-deportes","8":"tag-deportes","9":"tag-es","10":"tag-espana","11":"tag-spain","12":"tag-sports"},"share_on_mastodon":{"url":"https:\/\/pubeurope.com\/@es\/115598843284280735","error":""},"_links":{"self":[{"href":"https:\/\/www.europesays.com\/es\/wp-json\/wp\/v2\/posts\/251313","targetHints":{"allow":["GET"]}}],"collection":[{"href":"https:\/\/www.europesays.com\/es\/wp-json\/wp\/v2\/posts"}],"about":[{"href":"https:\/\/www.europesays.com\/es\/wp-json\/wp\/v2\/types\/post"}],"author":[{"embeddable":true,"href":"https:\/\/www.europesays.com\/es\/wp-json\/wp\/v2\/users\/2"}],"replies":[{"embeddable":true,"href":"https:\/\/www.europesays.com\/es\/wp-json\/wp\/v2\/comments?post=251313"}],"version-history":[{"count":0,"href":"https:\/\/www.europesays.com\/es\/wp-json\/wp\/v2\/posts\/251313\/revisions"}],"wp:featuredmedia":[{"embeddable":true,"href":"https:\/\/www.europesays.com\/es\/wp-json\/wp\/v2\/media\/251314"}],"wp:attachment":[{"href":"https:\/\/www.europesays.com\/es\/wp-json\/wp\/v2\/media?parent=251313"}],"wp:term":[{"taxonomy":"category","embeddable":true,"href":"https:\/\/www.europesays.com\/es\/wp-json\/wp\/v2\/categories?post=251313"},{"taxonomy":"post_tag","embeddable":true,"href":"https:\/\/www.europesays.com\/es\/wp-json\/wp\/v2\/tags?post=251313"}],"curies":[{"name":"wp","href":"https:\/\/api.w.org\/{rel}","templated":true}]}}