{"id":251322,"date":"2025-11-23T11:50:12","date_gmt":"2025-11-23T11:50:12","guid":{"rendered":"https:\/\/www.europesays.com\/es\/251322\/"},"modified":"2025-11-23T11:50:12","modified_gmt":"2025-11-23T11:50:12","slug":"herido-un-hombre-de-58-anos-tras-un-brutal-choque-con-un-poste-en-la-a-6","status":"publish","type":"post","link":"https:\/\/www.europesays.com\/es\/251322\/","title":{"rendered":"Herido un hombre de 58 a\u00f1os tras un brutal choque con un poste en la A-6"},"content":{"rendered":"<p><a class=\"v-mdl-ath__fig-a\" href=\"https:\/\/www.elbierzonoticias.com\/autor\/leonoticias-2282.html\" title=\"Leonoticias\" rel=\"nofollow noopener\" target=\"_blank\"><br \/>\n<img decoding=\"async\" class=\"v-mdl-ath__img\" src=\"https:\/\/www.europesays.com\/es\/wp-content\/uploads\/2025\/11\/autor-2282-foto-1.jpeg\" alt=\"Leonoticias\"\/><br \/>\n<\/a><\/p>\n<p class=\"v-mdl-ath__p v-mdl-ath__p--6\">\nDomingo, 23 de noviembre 2025, 11:02<\/p>\n<p>| Actualizado 12:33h.<\/p>\n<p class=\"v-p\">Un homrbe de 58 a\u00f1os ha resultado herido en un aparatoso accidente a primera hora de la ma\u00f1ana de este domingo 23 de noviembre en la A-6 a su paso por la provincia de Le\u00f3n.<\/p>\n<p class=\"v-p\">A las 10:13 horas la sala de emergencias del 112 recibi\u00f3 una llamada alertando de que un turismo hab\u00eda colisionado contra un poste en el kil\u00f3metro 409 de la A-6, a la altura de Villafranca del Bierzo, sentido Astorga.<\/p>\n<p class=\"v-p\">En su interior viajaba un hombre de 50 a\u00f1os que tras la colisi\u00f3n quedaba atrapado en el veh\u00edculo. Se moviliz\u00f3 entonces a Guardia Civil de Tr\u00e1fico, bomberos de Ponferrada y Sacyl que atendieron en el lugar a la v\u00edctima. <\/p>\n<p class=\"v-p\">Una dotaci\u00f3n de bomberos tuvo que desplazarse hasta el lugar con un veh\u00edculo de rescate y una autobomba, al ser alertados de este accidente de tr\u00e1fico con un atrapado, en un punto pr\u00f3ximo a la entrada del t\u00fanel de Villafranca, sentido Madrid.<\/p>\n<p class=\"v-p\">Un turismo (Ford Focus) conducido por un var\u00f3n de 58 a\u00f1os se hab\u00eda salido de la calzada impactando frontalmente contra un poste. En el lugar se person\u00f3 la Guardia Civil y el personal sanitario de Villafranca junto con una ambulancia. <\/p>\n<p class=\"v-p\">Para extraer al accidentado en condiciones de seguridad fue preciso cortar el asiento del conductor para sacarlo por la parte trasera, siendo trasladado en ambulancia al Hospital de Bierzo para su valoraci\u00f3n.<\/p>\n<p>Reporta un error<\/p>\n","protected":false},"excerpt":{"rendered":"Domingo, 23 de noviembre 2025, 11:02 | Actualizado 12:33h. Un homrbe de 58 a\u00f1os ha resultado herido en&hellip;\n","protected":false},"author":2,"featured_media":251323,"comment_status":"","ping_status":"","sticky":false,"template":"","format":"standard","meta":{"footnotes":""},"categories":[8],"tags":[988,17,18,13794,3075,25,24,13,14,11,53,366,19,20,9,10,15,16,63649,23,12,21,22],"class_list":{"0":"post-251322","1":"post","2":"type-post","3":"status-publish","4":"format-standard","5":"has-post-thumbnail","7":"category-espana","8":"tag-anos","9":"tag-breaking-news","10":"tag-breakingnews","11":"tag-chocar","12":"tag-coche","13":"tag-es","14":"tag-espana","15":"tag-featured-news","16":"tag-featurednews","17":"tag-headlines","18":"tag-herido","19":"tag-hombre","20":"tag-latest-news","21":"tag-latestnews","22":"tag-news","23":"tag-noticias","24":"tag-noticias-destacadas","25":"tag-noticiasdestacadas","26":"tag-poste","27":"tag-spain","28":"tag-titulares","29":"tag-ultimas-noticias","30":"tag-ultimasnoticias"},"share_on_mastodon":{"url":"https:\/\/pubeurope.com\/@es\/115598867392626617","error":""},"_links":{"self":[{"href":"https:\/\/www.europesays.com\/es\/wp-json\/wp\/v2\/posts\/251322","targetHints":{"allow":["GET"]}}],"collection":[{"href":"https:\/\/www.europesays.com\/es\/wp-json\/wp\/v2\/posts"}],"about":[{"href":"https:\/\/www.europesays.com\/es\/wp-json\/wp\/v2\/types\/post"}],"author":[{"embeddable":true,"href":"https:\/\/www.europesays.com\/es\/wp-json\/wp\/v2\/users\/2"}],"replies":[{"embeddable":true,"href":"https:\/\/www.europesays.com\/es\/wp-json\/wp\/v2\/comments?post=251322"}],"version-history":[{"count":0,"href":"https:\/\/www.europesays.com\/es\/wp-json\/wp\/v2\/posts\/251322\/revisions"}],"wp:featuredmedia":[{"embeddable":true,"href":"https:\/\/www.europesays.com\/es\/wp-json\/wp\/v2\/media\/251323"}],"wp:attachment":[{"href":"https:\/\/www.europesays.com\/es\/wp-json\/wp\/v2\/media?parent=251322"}],"wp:term":[{"taxonomy":"category","embeddable":true,"href":"https:\/\/www.europesays.com\/es\/wp-json\/wp\/v2\/categories?post=251322"},{"taxonomy":"post_tag","embeddable":true,"href":"https:\/\/www.europesays.com\/es\/wp-json\/wp\/v2\/tags?post=251322"}],"curies":[{"name":"wp","href":"https:\/\/api.w.org\/{rel}","templated":true}]}}