{"id":251326,"date":"2025-11-23T11:57:13","date_gmt":"2025-11-23T11:57:13","guid":{"rendered":"https:\/\/www.europesays.com\/es\/251326\/"},"modified":"2025-11-23T11:57:13","modified_gmt":"2025-11-23T11:57:13","slug":"la-presencia-de-perico-delgado-en-rtve-aun-en-el-aire-dos-meses-despues-de-su-polemica-con-las-protestas-propalestinas-de-la-vuelta","status":"publish","type":"post","link":"https:\/\/www.europesays.com\/es\/251326\/","title":{"rendered":"La presencia de Perico Delgado en RTVE, a\u00fan en el aire dos meses despu\u00e9s de su pol\u00e9mica con las protestas propalestinas de la Vuelta"},"content":{"rendered":"<p class=\"c-paragraph\">El ciclismo pas\u00f3 a un segundo plano en la \u00faltima edici\u00f3n de la <a href=\"https:\/\/www.20minutos.es\/tags\/deportes\/vuelta-a-espana.html\" title=\"Vuelta a Espa\u00f1a\" rel=\"nofollow noopener\" target=\"_blank\">Vuelta a Espa\u00f1a<\/a>, marcada por las protestas propalestina que obligaron a recortar el recorrido de varias etapas, incluido la final en Madrid. Una situaci\u00f3n sobre la que <b>el exciclista <a href=\"https:\/\/www.20minutos.es\/tags\/personas\/perico-delgado.html\" title=\"Perico Delgado\" rel=\"nofollow noopener\" target=\"_blank\">Perico Delgado<\/a><\/b>, comentarista de RTVE durante la prueba, dio su opini\u00f3n en varias ocasiones, desatando una pol\u00e9mica que ha dejado en el aire su continuidad en la pr\u00f3xima Vuelta.<\/p>\n<p class=\"c-paragraph\">Las dudas sobre la presencia del ganador del Tour de Francia 1988 en el equipo de la cadena p\u00fablica espa\u00f1ola se desprenden de las palabras de su presidente, Jos\u00e9 Pablo L\u00f3pez, que ha asegurado, en respuesta a una pregunta registrada en el Congreso por Vox, que <b>\u00abllegado el momento\u00bb se valorar\u00e1 su contrataci\u00f3n<\/b>.\u00a0<\/p>\n<p class=\"c-paragraph\">Preguntado sobre si RTVE est\u00e1 valorando no renovar al exciclista para la Vuelta a Espa\u00f1a del pr\u00f3ximo a\u00f1o por sus cr\u00edticas contra la gesti\u00f3n de los altercados durante la prueba, as\u00ed como si est\u00e1 molesta por los comentarios de Delgado, el directivo ha recordado que, en una prueba \u00abmarcada por otro tipo de situaciones alejadas del deporte\u00bb, la cadena \u00absiempre ha optado por <b>mostrar todas las im\u00e1genes de las protestas que haya podido recoger<\/b>, como no pod\u00eda ser de otro modo\u00bb.<\/p>\n<p class=\"c-paragraph\">\u00abNuestros comentaristas <b>se han referido a ellas con plena y absoluta libertad<\/b>\u00ab, ha a\u00f1adido L\u00f3pez al respecto, al mismo tiempo que ha subrayado que el exdeportista comenta las principales pruebas ciclistas en las que RTVE tiene derechos pr\u00e1cticamente desde que dej\u00f3 el ciclismo profesional: \u00abSe retir\u00f3 en 1994 como ciclista profesional y <b>en 1995 ya particip\u00f3 en sus primeras narraciones<\/b>\u00ab.<\/p>\n<p class=\"c-paragraph\">\u00abLo ha venido haciendo, de manera ininterrumpida, en las ediciones de la Vuelta a Espa\u00f1a y el Tour de Francia desde entonces. A partir del a\u00f1o 2000, ya haciendo t\u00e1ndem con Carlos de Andr\u00e9s\u00bb, apunta el presidente, para despu\u00e9s agregar que se valora de \u00e9l <b>\u00absu conocimiento del mundo del ciclismo y su carisma y capacidad de comunicar de una manera cercana\u00bb<\/b>.<\/p>\n<p class=\"c-paragraph\">En este contexto, Jos\u00e9 Pablo L\u00f3pez ha aclarado que la contrataci\u00f3n de Perico Delgado para la Vuelta y otros eventos se hace, \u00abde modo particular, para cada uno de ellos\u00bb, puesto que \u00ab<b>no existe un contrato general<\/b> y, por lo tanto, como cada a\u00f1o, <b>se valorar\u00e1 llegado el momento, teniendo en cuenta la disponibilidad<\/b> del propio Pedro Delgado y las necesidades de RTVE\u00bb.<\/p>\n<p class=\"c-paragraph\">Su gran acompa\u00f1ante en antena, Carlos de Andr\u00e9s, tambi\u00e9n abord\u00f3 hace unos d\u00edas en el podcast Fuera Caretas la continuidad del exciclista en la cadena. <b>\u00abNadie le ha dicho que no va a seguir, entonces entiendo que por qu\u00e9 no va a seguir\u00bb<\/b>. Adem\u00e1s, puso en valor su amistad con Delgada por encima de todo. \u00abEs mi amigo y, aunque discrepe de la manera en que piensa, no va a dejar de serlo. Es la persona con la que me siento m\u00e1s c\u00f3modo comentando una carrera y espero seguir haci\u00e9ndolo\u00bb, concluy\u00f3.<\/p>\n","protected":false},"excerpt":{"rendered":"El ciclismo pas\u00f3 a un segundo plano en la \u00faltima edici\u00f3n de la Vuelta a Espa\u00f1a, marcada por&hellip;\n","protected":false},"author":2,"featured_media":251327,"comment_status":"","ping_status":"","sticky":false,"template":"","format":"standard","meta":{"footnotes":""},"categories":[273],"tags":[313,312,168,25,24,40087,518,23,167,5411],"class_list":{"0":"post-251326","1":"post","2":"type-post","3":"status-publish","4":"format-standard","5":"has-post-thumbnail","7":"category-ciclismo","8":"tag-ciclismo","9":"tag-cycling","10":"tag-deportes","11":"tag-es","12":"tag-espana","13":"tag-perico-delgado","14":"tag-rtve","15":"tag-spain","16":"tag-sports","17":"tag-vuelta-a-espana"},"share_on_mastodon":{"url":"https:\/\/pubeurope.com\/@es\/115598894242383889","error":""},"_links":{"self":[{"href":"https:\/\/www.europesays.com\/es\/wp-json\/wp\/v2\/posts\/251326","targetHints":{"allow":["GET"]}}],"collection":[{"href":"https:\/\/www.europesays.com\/es\/wp-json\/wp\/v2\/posts"}],"about":[{"href":"https:\/\/www.europesays.com\/es\/wp-json\/wp\/v2\/types\/post"}],"author":[{"embeddable":true,"href":"https:\/\/www.europesays.com\/es\/wp-json\/wp\/v2\/users\/2"}],"replies":[{"embeddable":true,"href":"https:\/\/www.europesays.com\/es\/wp-json\/wp\/v2\/comments?post=251326"}],"version-history":[{"count":0,"href":"https:\/\/www.europesays.com\/es\/wp-json\/wp\/v2\/posts\/251326\/revisions"}],"wp:featuredmedia":[{"embeddable":true,"href":"https:\/\/www.europesays.com\/es\/wp-json\/wp\/v2\/media\/251327"}],"wp:attachment":[{"href":"https:\/\/www.europesays.com\/es\/wp-json\/wp\/v2\/media?parent=251326"}],"wp:term":[{"taxonomy":"category","embeddable":true,"href":"https:\/\/www.europesays.com\/es\/wp-json\/wp\/v2\/categories?post=251326"},{"taxonomy":"post_tag","embeddable":true,"href":"https:\/\/www.europesays.com\/es\/wp-json\/wp\/v2\/tags?post=251326"}],"curies":[{"name":"wp","href":"https:\/\/api.w.org\/{rel}","templated":true}]}}