{"id":251330,"date":"2025-11-23T12:00:10","date_gmt":"2025-11-23T12:00:10","guid":{"rendered":"https:\/\/www.europesays.com\/es\/251330\/"},"modified":"2025-11-23T12:00:10","modified_gmt":"2025-11-23T12:00:10","slug":"rashford-se-apunta-al-chelsea-y-pedri-se-descarta","status":"publish","type":"post","link":"https:\/\/www.europesays.com\/es\/251330\/","title":{"rendered":"Rashford se apunta al Chelsea y Pedri se descarta"},"content":{"rendered":"<p class=\"\">Marcus Rashford <b>se ejercit\u00f3 esta ma\u00f1ana con el grupo<\/b> y todo apunta que estar\u00e1 disponible para el partido del martes contra el Chelsea en Londres. Hay que recordar que el delantero ingl\u00e9s <b>se ausent\u00f3, tanto el jueves como el viernes, al entrenamiento,<\/b> y ni tan siquiera acudi\u00f3 el s\u00e1bado al Camp Nou para el estreno del equipo en \u2018su\u2019 casa ante el Athletic. <\/p>\n<p class=\"\"><b>La baja de Rashford ha venido envuelta de un halo de misterio incomprensible<\/b>. El club excus\u00f3 su ausencia en la sesi\u00f3n del jueves, de la que ni tan siquiera acudi\u00f3, alegando asuntos personales, pero poco m\u00e1s tarde se filtr\u00f3 que eran leves problemas f\u00edsicos.<b> El viernes s\u00ed acudi\u00f3 a la Ciutat Esportiva, pero tras reunirse con Hansi Flick, volvi\u00f3 a marcharse antes de empezar la sesi\u00f3n<\/b>. Es entonces cuando el club vuelve a dar otra versi\u00f3n: proceso febril. El mismo s\u00e1bado, y tras quedarse fuera de la lista, se acaba <b>emitiendo un comunicado m\u00e9dico en el que se especifica que es baja por un proceso gripal<\/b>. Muchas versiones, sin duda demasiadas, que dejan un poso de duda sobre la versi\u00f3n oficial.<\/p>\n<p class=\"\">En cualquier caso, la buena noticia es que Rashford apareci\u00f3 este domingo en la Ciutat Esportiva y complet\u00f3 el entrenamiento, por lo que todo apunta que entrar\u00e1 en la convocatoria. <b>La inc\u00f3gnita ahora es saber si ser\u00e1 titular o no, sobre todo por el buen momento de Ferran, que firm\u00f3 un doblete ante el Athletic, y el regreso de Raphinha<\/b>.<\/p>\n<p class=\"\">Quien finalmente <b>no estar\u00e1 disponible para el partido contra el Chelsea es Pedri<\/b>. El centrocampista canario <b>no se prob\u00f3 este domingo con el grupo,<\/b> por lo que su presencia este martes <b>est\u00e1 totalmente descartada<\/b>. Hay que recordar que Pedri se lesion\u00f3 del b\u00edceps femoral de la pierna izquierda <b>durante el Cl\u00e1sico el pasado 26 de octubre<\/b>. Pese a que el club no dio fechas oficiales, se filtr\u00f3 que el tiempo de baja estar\u00eda <b>entorno al mes y medio<\/b>. Sin embargo, el jugador fue recortando plazos, hasta el punto que se especul\u00f3 la posibilidad que volviera tras el par\u00f3n de selecciones, cuando a\u00fan no se hab\u00eda cumplido el mes. <b>Al final, y pese a las buenas sensaciones, ha prevalecido la prudencia y la cautela<\/b>, por lo que ahora mismo la hoja de ruta se\u00f1ala el partido contra el <b>Alav\u00e9s del pr\u00f3ximo s\u00e1bado como posible regreso o, a m\u00e1s tardar, el del Atl\u00e9tico de Madrid del 2 de diciembre<\/b>. Si se confirma, habr\u00e1 recortado en unos diez d\u00edas el pron\u00f3stico inicial.<\/p>\n<p class=\"\">La otra gran novedad de cara al partido contra el Chelsea ser\u00e1 <b>Frenkie de Jong<\/b>. Hay que recordar que el holand\u00e9s fue baja el s\u00e1bado al cumplir partido de sanci\u00f3n, por lo que<b> regresar\u00e1 el martes a la titularidad con las pilas cargadas<\/b>.<\/p>\n<p>Noticias relacionadas<\/p>\n<p class=\"\">La sesi\u00f3n de este domingo fue de recuperaci\u00f3n para muchos jugadores titulares, que se quedaron en el gimnasio o haciendo ba\u00f1o y masaje, y mucho m\u00e1s exigente para los suplentes y los que no tuvieron minutos.<\/p>\n<p class=\"\"><b>\u00a1Tus opiniones importan!<\/b> Comenta en los art\u00edculos y suscr\u00edbete gratis a nuestra <a href=\"https:\/\/asfan.as.com\/newsletters\/\" target=\"_blank\" rel=\"nofollow noopener\" title=\"https:\/\/asfan.as.com\/newsletters\/\">newsletter<\/a> y a las alertas informativas en la <a href=\"https:\/\/as.com\/aplicacion-de-as-n\/\" target=\"_blank\" rel=\"nofollow noopener\" title=\"https:\/\/as.com\/aplicacion-de-as-n\/\">App<\/a> o el canal de <a href=\"https:\/\/www.whatsapp.com\/channel\/0029VaAasdA7j6g745nz9M10\" target=\"_blank\" rel=\"nofollow noopener\" title=\"https:\/\/www.whatsapp.com\/channel\/0029VaAasdA7j6g745nz9M10\">WhatsApp<\/a>. \u00bfBuscas licenciar contenido? Haz clic <a href=\"https:\/\/profesional.elpais.com\/soluciones-sindicacion?utm_medium=interno&amp;utm_source=crosslinking&amp;utm_campaign=sindicacion_as_pie_articulos\" target=\"_blank\" rel=\"nofollow noopener\" title=\"https:\/\/profesional.elpais.com\/soluciones-sindicacion?utm_medium=interno&amp;utm_source=crosslinking&amp;utm_campaign=sindicacion_as_pie_articulos\">aqu\u00ed<\/a><\/p>\n","protected":false},"excerpt":{"rendered":"Marcus Rashford se ejercit\u00f3 esta ma\u00f1ana con el grupo y todo apunta que estar\u00e1 disponible para el partido&hellip;\n","protected":false},"author":2,"featured_media":251331,"comment_status":"","ping_status":"","sticky":false,"template":"","format":"standard","meta":{"footnotes":""},"categories":[268],"tags":[168,25,24,280,282,281,23,167],"class_list":{"0":"post-251330","1":"post","2":"type-post","3":"status-publish","4":"format-standard","5":"has-post-thumbnail","7":"category-futbol","8":"tag-deportes","9":"tag-es","10":"tag-espana","11":"tag-football","12":"tag-futbol","13":"tag-soccer","14":"tag-spain","15":"tag-sports"},"share_on_mastodon":{"url":"https:\/\/pubeurope.com\/@es\/115598906194323752","error":""},"_links":{"self":[{"href":"https:\/\/www.europesays.com\/es\/wp-json\/wp\/v2\/posts\/251330","targetHints":{"allow":["GET"]}}],"collection":[{"href":"https:\/\/www.europesays.com\/es\/wp-json\/wp\/v2\/posts"}],"about":[{"href":"https:\/\/www.europesays.com\/es\/wp-json\/wp\/v2\/types\/post"}],"author":[{"embeddable":true,"href":"https:\/\/www.europesays.com\/es\/wp-json\/wp\/v2\/users\/2"}],"replies":[{"embeddable":true,"href":"https:\/\/www.europesays.com\/es\/wp-json\/wp\/v2\/comments?post=251330"}],"version-history":[{"count":0,"href":"https:\/\/www.europesays.com\/es\/wp-json\/wp\/v2\/posts\/251330\/revisions"}],"wp:featuredmedia":[{"embeddable":true,"href":"https:\/\/www.europesays.com\/es\/wp-json\/wp\/v2\/media\/251331"}],"wp:attachment":[{"href":"https:\/\/www.europesays.com\/es\/wp-json\/wp\/v2\/media?parent=251330"}],"wp:term":[{"taxonomy":"category","embeddable":true,"href":"https:\/\/www.europesays.com\/es\/wp-json\/wp\/v2\/categories?post=251330"},{"taxonomy":"post_tag","embeddable":true,"href":"https:\/\/www.europesays.com\/es\/wp-json\/wp\/v2\/tags?post=251330"}],"curies":[{"name":"wp","href":"https:\/\/api.w.org\/{rel}","templated":true}]}}