{"id":251334,"date":"2025-11-23T12:02:15","date_gmt":"2025-11-23T12:02:15","guid":{"rendered":"https:\/\/www.europesays.com\/es\/251334\/"},"modified":"2025-11-23T12:02:15","modified_gmt":"2025-11-23T12:02:15","slug":"el-museo-de-artes-abre-las-puertas-a-la-muestra-colectiva-alcogravado","status":"publish","type":"post","link":"https:\/\/www.europesays.com\/es\/251334\/","title":{"rendered":"El Museo de Artes abre las puertas a la muestra colectiva \u00abAlcogravado\u00bb"},"content":{"rendered":"<p>\t\t\t\t\t\tRe\u00fane 38 obras realizadas por alumnos que asistieron a tres talleres para aprender esta t\u00e9cnica<br \/>\n\t\t\t\t\t\t\t\t\t\t\t\t<strong>23 nov 2025<\/strong> . Actualizado a las 12:57 h.\t\t\t\t\t\t<\/p>\n<p class=\"first-paragraph txt\">El Museo do Gravado de Ribeira no es solo una sala de exposiciones, sino que tambi\u00e9n es un taller de aprendizaje donde cada a\u00f1o se forman nuevos artistas en distintas t\u00e9cnicas. <strong>Un grupo de ellos particip\u00f3 hace unos meses en tres obradoiros \u00fanicos en Espa\u00f1a para aprender a realizar alcogravados<\/strong> y las 38 obras que salieron de esta experiencia forman parte de una exposici\u00f3n que este viernes se inaugur\u00f3 en el centro de Artes.<\/p>\n<p class=\"txt\">La alcaldesa de Ribeira, Mar\u00eda Sampedro, presidi\u00f3 la inauguraci\u00f3n de la muestra colectiva, en donde destac\u00f3 que \u00abo mundo da estampa est\u00e1 en constante actualizaci\u00f3n, asumindo novas t\u00e9cnicas para renovar a maneira de facer e desfrutar da arte\u00bb. No desaprovech\u00f3 la ocasi\u00f3n para alabar la gran labor que se hace desde este museo, \u00abun indiscutible motor cultural que espalla arte al\u00e9n das nosas fronteiras; y, adem\u00e1s de felicitar a los artistas y a sus profesores, la mandataria invit\u00f3 a los ribeirenses a acercarse al Museo do Gravado para poder contemplar estas creaciones y \u00abvivir unha experiencia excepcional\u00bb.<\/p>\n<p class=\"txt\">Adem\u00e1s de la inauguraci\u00f3n de esta exposici\u00f3n, este fin de semana en el centro muse\u00edstico de Artes se est\u00e1 impartiendo un curso de litogravado impartido por Jos\u00e9 Fuentes, Antonio Navarro e Isabel Carralero, profesores de la Universidad de Salamanca.<\/p>\n<p class=\"txt\">Ser\u00e1n un total de 16 horas lectivas en las que los alumnos recibir\u00e1n formaci\u00f3n tanto te\u00f3rica como pr\u00e1ctica, que finalizar\u00e1n ma\u00f1ana, a las 14.00 horas, con la entrega oficial de diplomas<\/p>\n<p>&#13;<br \/>\n\tArchivado en:&#13;<br \/>\n\t\t\t\t\t<a href=\"https:\/\/www.lavozdegalicia.es\/temas\/ribeira\/\" target=\"_blank\" class=\"mg-l\" rel=\"nofollow noopener\">Ribeira<\/a>&#13;<br \/>\n\t\t\t\t\t<a href=\"https:\/\/www.lavozdegalicia.es\/temas\/arte\/\" target=\"_blank\" class=\"mg-l\" rel=\"nofollow noopener\">Arte<\/a>&#13;<br \/>\n\t&#13;<\/p>\n","protected":false},"excerpt":{"rendered":"Re\u00fane 38 obras realizadas por alumnos que asistieron a tres talleres para aprender esta t\u00e9cnica 23 nov 2025&hellip;\n","protected":false},"author":2,"featured_media":251335,"comment_status":"","ping_status":"","sticky":false,"template":"","format":"standard","meta":{"footnotes":""},"categories":[173],"tags":[229,233,231,230,232,234,146,147,25,24,21389,23],"class_list":{"0":"post-251334","1":"post","2":"type-post","3":"status-publish","4":"format-standard","5":"has-post-thumbnail","7":"category-arte-y-diseno","8":"tag-arte","9":"tag-arte-y-diseno","10":"tag-arts","11":"tag-arts-and-design","12":"tag-design","13":"tag-diseno","14":"tag-entertainment","15":"tag-entretenimiento","16":"tag-es","17":"tag-espana","18":"tag-ribeira","19":"tag-spain"},"share_on_mastodon":{"url":"https:\/\/pubeurope.com\/@es\/115598913905234754","error":""},"_links":{"self":[{"href":"https:\/\/www.europesays.com\/es\/wp-json\/wp\/v2\/posts\/251334","targetHints":{"allow":["GET"]}}],"collection":[{"href":"https:\/\/www.europesays.com\/es\/wp-json\/wp\/v2\/posts"}],"about":[{"href":"https:\/\/www.europesays.com\/es\/wp-json\/wp\/v2\/types\/post"}],"author":[{"embeddable":true,"href":"https:\/\/www.europesays.com\/es\/wp-json\/wp\/v2\/users\/2"}],"replies":[{"embeddable":true,"href":"https:\/\/www.europesays.com\/es\/wp-json\/wp\/v2\/comments?post=251334"}],"version-history":[{"count":0,"href":"https:\/\/www.europesays.com\/es\/wp-json\/wp\/v2\/posts\/251334\/revisions"}],"wp:featuredmedia":[{"embeddable":true,"href":"https:\/\/www.europesays.com\/es\/wp-json\/wp\/v2\/media\/251335"}],"wp:attachment":[{"href":"https:\/\/www.europesays.com\/es\/wp-json\/wp\/v2\/media?parent=251334"}],"wp:term":[{"taxonomy":"category","embeddable":true,"href":"https:\/\/www.europesays.com\/es\/wp-json\/wp\/v2\/categories?post=251334"},{"taxonomy":"post_tag","embeddable":true,"href":"https:\/\/www.europesays.com\/es\/wp-json\/wp\/v2\/tags?post=251334"}],"curies":[{"name":"wp","href":"https:\/\/api.w.org\/{rel}","templated":true}]}}