{"id":251336,"date":"2025-11-23T12:04:21","date_gmt":"2025-11-23T12:04:21","guid":{"rendered":"https:\/\/www.europesays.com\/es\/251336\/"},"modified":"2025-11-23T12:04:21","modified_gmt":"2025-11-23T12:04:21","slug":"el-arrebato-diana-navarro-y-riki-rivera-suenan-cantan-y-se-divierten-este-sabado-en-no-dejes-de-sonar","status":"publish","type":"post","link":"https:\/\/www.europesays.com\/es\/251336\/","title":{"rendered":"El Arrebato, Diana Navarro y Riki Rivera sue\u00f1an, cantan y se divierten este s\u00e1bado en No dejes de so\u00f1ar"},"content":{"rendered":"<p data-start=\"359\" data-end=\"739\" style=\"text-align: justify;\">El programa <a href=\"https:\/\/www.canalsur.es\/No dejes de so\u00c3\u00b1ar-5974.html\" rel=\"nofollow noopener\" target=\"_blank\"><strong>\u201cNo dejes de so\u00f1ar\u201d<\/strong><\/a>\u00a0arrancar\u00e1 con <strong>El Arrebato, que vendr\u00e1 dispuesto a cumplir dos grandes sue\u00f1os de\u00a0mujeres<\/strong> que lo siguen desde sus inicios. Para descubrir a nuestras primeras so\u00f1adoras\u00a0llenaremos el plat\u00f3 de flores con mensajes. Dos hermanas con una preciosa historia\u00a0relacionada con el Arrebato, ver\u00e1n cumplido su sue\u00f1o de conocerle y de que les cante de\u00a0cerquita el emblem\u00e1tico tema \u201cAqu\u00ed me tienes\u201d.<\/p>\n<p data-start=\"359\" data-end=\"739\" style=\"text-align: justify;\">Adem\u00e1s, el artista sorprender\u00e1 a <strong>Manol<\/strong>i, siempre ha so\u00f1ado con abrazarlo. Lo ha intentado en\u00a0muchas ocasiones, pero siempre ha ocurrido algo que lo ha impedido. Esta vez, aunque la\u00a0haremos sufrir de lo lindo a lo largo de la noche porque se ver\u00e1 envuelta en una de nuestras\u00a0travesuras, no se va a ir sin cumplir su deseo y acabar\u00e1 disfrutando de \u201cBailando en pijama\u201d,<br \/>el nuevo sencillo de El Arrebato.\u00a0<\/p>\n<p data-start=\"359\" data-end=\"739\" style=\"text-align: justify;\">Algo que ya sabe todo el que nos visita, es que en este programa nadie se va sin pasar por el\u00a0sill\u00f3n de los sue\u00f1os. Gracias a \u00e9l vamos a conocer como era la habitaci\u00f3n de El Arrebato\u00a0cuando era peque\u00f1o. Dos elementos, una guitarra y un bal\u00f3n del Sevilla FC, ser\u00e1n las pistas de\u00a0sus dos reencuentros: Con <strong>Jos\u00e9 Galv\u00e1n, reconocido bailaor<\/strong> con el que se inici\u00f3 en el mundo del\u00a0flamenco, y <strong>Santi Llorente, antiguo jugador del Sevilla FC<\/strong> e \u00eddolo de su infancia.<\/p>\n<p data-start=\"359\" data-end=\"739\" style=\"text-align: justify;\">Pasando el ecuador de la noche, la m\u00fasica seguir\u00e1 siendo la gran protagonista. La pr\u00f3xima\u00a0persona so\u00f1adora ser\u00e1 elegida en un \u201ccasting improvisado\u201d en el que tres artistas que\u00a0disfrutan de la gala entre el p\u00fablico, <strong>Triana, Mario y Naiala<\/strong>, competir\u00e1n cantando por ser el\u00a0siguiente so\u00f1ador. S\u00f3lo uno conocer\u00e1 a <strong>Diana Navarro<\/strong> y acabar\u00e1 cantando con ella el m\u00edtico\u00a0\u201cSola\u201d de la artista malague\u00f1a. Diana Navarro, por su parte, cumplir\u00e1 su sue\u00f1o de que su\u00a0m\u00fasica pueda sonar y se baile en discotecas.<\/p>\n<p data-start=\"359\" data-end=\"739\" style=\"text-align: justify;\">La \u00faltima sorpresa de la noche la dar\u00e1 el gaditano <strong>Riki Rivera<\/strong>. \u00c9l es el sue\u00f1o de <strong>Roc\u00edo, una fan\u00a0muy especial<\/strong> que pidi\u00f3 al programa participar en uno de sus videoclips. Le haremos creer que\u00a0nos hemos confundido y que la hemos invitado a participar en el videoclip de otro Riki Rivera,\u00a0en este caso \u201cRiki Ribera\u201d\u2026un cantante latino que nos hemos inventado, que se llama igual,\u00a0pero con \u2018b\u2019 y que ha cruzado el charco para conocerla y bailar una bachata con ella. Manu\u00a0S\u00e1nchez y Pastora Soler conseguir\u00e1n que el verdadero Riki Rivera entre finalmente por la\u00a0puerta de los sue\u00f1os y le dedique \u201cPonte mis zapatos\u201d,\u00a0 su \u00faltimo lanzamiento.<\/p>\n<p data-start=\"359\" data-end=\"739\" style=\"text-align: justify;\">Y as\u00ed despediremos una noche m\u00e1s de sue\u00f1os cumplidos en Canal Sur, donde cada historia\u00a0brilla con luz propia. T\u00fa tambi\u00e9n puedes enviar tu sue\u00f1o a\u00a0<a href=\"https:\/\/www.canalsur.es\/No dejes de so\u00c3\u00b1ar-5974.html\" rel=\"nofollow noopener\" target=\"_blank\"><strong>\u201cNo dejes de so\u00f1ar\u201d<\/strong><\/a> para hacerlo\u00a0realidad mandando tu mensaje por WhatsApp al 609 70 27 21.<\/p>\n<p data-start=\"359\" data-end=\"739\" style=\"text-align: justify;\"><strong>Fecha de emisi\u00f3n: s\u00e1bado 22 de noviembre, a las 21:55 horas, en Canal Sur Televisi\u00f3n.<\/strong><\/p>\n","protected":false},"excerpt":{"rendered":"El programa \u201cNo dejes de so\u00f1ar\u201d\u00a0arrancar\u00e1 con El Arrebato, que vendr\u00e1 dispuesto a cumplir dos grandes sue\u00f1os de\u00a0mujeres&hellip;\n","protected":false},"author":2,"featured_media":251337,"comment_status":"","ping_status":"","sticky":false,"template":"","format":"standard","meta":{"footnotes":""},"categories":[171],"tags":[29337,146,147,2958,25,24,185,23,214],"class_list":{"0":"post-251336","1":"post","2":"type-post","3":"status-publish","4":"format-standard","5":"has-post-thumbnail","7":"category-tv","8":"tag-cstv","9":"tag-entertainment","10":"tag-entretenimiento","11":"tag-entrevistas","12":"tag-es","13":"tag-espana","14":"tag-musica","15":"tag-spain","16":"tag-tv"},"share_on_mastodon":{"url":"https:\/\/pubeurope.com\/@es\/115598921946478021","error":""},"_links":{"self":[{"href":"https:\/\/www.europesays.com\/es\/wp-json\/wp\/v2\/posts\/251336","targetHints":{"allow":["GET"]}}],"collection":[{"href":"https:\/\/www.europesays.com\/es\/wp-json\/wp\/v2\/posts"}],"about":[{"href":"https:\/\/www.europesays.com\/es\/wp-json\/wp\/v2\/types\/post"}],"author":[{"embeddable":true,"href":"https:\/\/www.europesays.com\/es\/wp-json\/wp\/v2\/users\/2"}],"replies":[{"embeddable":true,"href":"https:\/\/www.europesays.com\/es\/wp-json\/wp\/v2\/comments?post=251336"}],"version-history":[{"count":0,"href":"https:\/\/www.europesays.com\/es\/wp-json\/wp\/v2\/posts\/251336\/revisions"}],"wp:featuredmedia":[{"embeddable":true,"href":"https:\/\/www.europesays.com\/es\/wp-json\/wp\/v2\/media\/251337"}],"wp:attachment":[{"href":"https:\/\/www.europesays.com\/es\/wp-json\/wp\/v2\/media?parent=251336"}],"wp:term":[{"taxonomy":"category","embeddable":true,"href":"https:\/\/www.europesays.com\/es\/wp-json\/wp\/v2\/categories?post=251336"},{"taxonomy":"post_tag","embeddable":true,"href":"https:\/\/www.europesays.com\/es\/wp-json\/wp\/v2\/tags?post=251336"}],"curies":[{"name":"wp","href":"https:\/\/api.w.org\/{rel}","templated":true}]}}