{"id":251342,"date":"2025-11-23T12:07:13","date_gmt":"2025-11-23T12:07:13","guid":{"rendered":"https:\/\/www.europesays.com\/es\/251342\/"},"modified":"2025-11-23T12:07:13","modified_gmt":"2025-11-23T12:07:13","slug":"florentino-perez-la-unidad-de-todos-ha-sido-la-base-para-vivir-uno-de-los-ciclos-ganadores-mas-importantes-de-nuestra-historia-realmadrid-com","status":"publish","type":"post","link":"https:\/\/www.europesays.com\/es\/251342\/","title":{"rendered":"Florentino P\u00e9rez: &quot;La unidad de todos ha sido la base para vivir uno de los ciclos ganadores m\u00e1s importantes de nuestra historia&quot; &#8211; realmadrid.com"},"content":{"rendered":"<ol>\n<li><a href=\"https:\/\/news.google.com\/rss\/articles\/CBMitgFBVV95cUxNLXlSMTlMWVF6NkhMdE1FQ3JRaXc1ZUxKNVpIMmZRRDRBZUNub1VraGI4MzBNV1BQbWxjQWdPR3dqVm5nd2pOTWlteFhIYjdLdmk5dTUwMGVfYVJqdW02am4zUGpwazZLdEo3MEozZ2pXdlZfR1ZhREEwQ1hQbTZEb3BnMFhmQnl6Z3pQeF9NTm44ZDctWktjZ0VhRDBJZkRnU1ctWXU4eVZFc2RsbTFHMW5CWHNOUQ?oc=5\" target=\"_blank\" rel=\"nofollow noopener\">Florentino P\u00e9rez: \u00abLa unidad de todos ha sido la base para vivir uno de los ciclos ganadores m\u00e1s importantes de nuestra historia\u00bb<\/a>&nbsp;&nbsp;realmadrid.com<\/li>\n<li><a href=\"https:\/\/news.google.com\/rss\/articles\/CBMi3wFBVV95cUxQZ1ZpWjZZNXdldWo4dTBBeWRndHk4TW9aN0ZOUXdtd25yaW1RZURwU1o3cjQxR3RyS1BRVkxzWmZTT1ZOZF81TWpaUXJsUVY1OFVlQjljN0xsX1ZNb2NSVkdHUko2d3UwcGRyTUU1djBKTU5vT0FVTlhxdnc0eDc1QkhySEE2dFdwOEZ3TmIza3RPZXIxUVRiYUtjeUVIUHNnZElJaXNEUVFXRXhnYUpIZFFDczc0M3A4dGNBQkVYZGJvYXowa2xSUUpIam9wZFMxVmNZOGFKbTZSa3dSYUhz0gHzAUFVX3lxTE1uUHFTRzhwR09lZWYyN1NUQ1dzcHU1Y0JNZ2F5QTFEU19yazJMeU00YUpKdUtfdmViVkhCd1FTcUN2eXhaV3ZTN2xiWjFzdFB0Q0d6YzlaLW91eHJTNV9wazd4VHVXRUFSX0VsajBTWXZCeWZiMmlJSnhUb21mcXJZcFhERmpZQzJHNEJKbFNLZ1FPblRZU3k5bWpCOHhva25Zc3QwTU41MHh1dlRXNmkwd1RlQTdKUUJTWDRqUjVSQXR0ZXZUOFFkZGRpcU5Eb3FyTDRJTXVGT2owdFZNS0lWVkgwRENrY29xek83aHJmZktwSQ?oc=5\" target=\"_blank\" rel=\"nofollow noopener\">Asamblea de socios del Real Madrid hoy, en directo: discurso de Florentino, aprobaci\u00f3n de cuentas, votaciones.<\/a>&nbsp;&nbsp;Diario AS<\/li>\n<li><a href=\"https:\/\/news.google.com\/rss\/articles\/CBMimAFBVV95cUxQVXQwdGtoVVp6dUZCOVozOU5wcy01M2Q1Q0tSS0haTm1ZclNKSXNPellyaGpIdThwYXdFSHNMM1ZpTmk3U2tpLUNJQi1oQjVtZm5vOWI5MVpBWnBYOWhwVGlmcnBFTFF4RFFITVpFX24zTlZ1Z0RwbmdaWDNvQk11U25RTDUtcVJNWHhlNlFqUm9GeW85UkJsRQ?oc=5\" target=\"_blank\" rel=\"nofollow noopener\">Florentino P\u00e9rez propondr\u00e1 una reforma de los estatutos del Real Madrid<\/a>&nbsp;&nbsp;Expansi\u00f3n<\/li>\n<li><a href=\"https:\/\/news.google.com\/rss\/articles\/CBMi4gFBVV95cUxNMjhkOUdIZmNOenRoRUFUZW1jOVVCUndycjdwZkpNNVUtQmk5RDV0VnhaTWozRUstNHZaRDFiMVRlXzhITldDTHQ0VnhVcWx3S214N04wVmlIcTl0aFBod2NSTEhyeHd5ZGZya21XVGFaNHhHMXpDYUFEaUZlY3FuaUdSTHRyeHNKdEZwUzlPTUp3aUtiZm9pWnVydXBBYTl5ZFNEWWVnZzR3SU5VMlpOSlBRMnBLMTZHTHBYRjBNSGhPcjBJZkNiLXJ0anlERUpVUERVVDlUd3hDSG5SMTRZSFpB?oc=5\" target=\"_blank\" rel=\"nofollow noopener\">Florentino P\u00e9rez explica a los socios su plan de vender hasta un 10% del Real Madrid a un inversor<\/a>&nbsp;&nbsp;EL PA\u00cdS<\/li>\n<li><a href=\"https:\/\/news.google.com\/rss\/articles\/CBMinAFBVV95cUxQejVPalFkTTQzTWFFTzYyY3JMa3E4cll6OURxZ3g5MW1MWVdfMnVRbWs0MTFsdnpNYW5QU05aS05DNlJrbWRxbXctX1A1d0JYeVpIckk1SzhENFJ6NFRpcmdfVllqSlZSX191RkNqY3o1V3pObVR2MVpzUWdlOUE1cWJERnQwVFpYeHRkR0ZOV2JBa0NpcUx0Z1ZMaG_SAZwBQVVfeXFMTk52WTNqREVWb1NuU0FVMVE3WDlCWXZwU0FhR2RPQjJkaldhUzJYbmwyVWEtclQ4TWhMbWs1dTR2a29Qc1J1bkpZSTFjRjMxR2FWanpHNG9QT0dqMXd2NGtQTEhDSHkycndac0s4RzFJVVlwcTFfOE52TWM1c2E5MUNoMmJNNmtGd0J6RklmSDg0NWJXYlRDaUpVYkRn?oc=5\" target=\"_blank\" rel=\"nofollow noopener\">Esperando la f\u00f3rmula m\u00e1gica de Florentino para el futuro econ\u00f3mico y patrimonial del Madrid: conversi\u00f3n o &#8216;palancas&#8217;<\/a>&nbsp;&nbsp;El Mundo<\/li>\n<\/ol>\n","protected":false},"excerpt":{"rendered":"Florentino P\u00e9rez: \u00abLa unidad de todos ha sido la base para vivir uno de los ciclos ganadores m\u00e1s&hellip;\n","protected":false},"author":2,"featured_media":171506,"comment_status":"","ping_status":"","sticky":false,"template":"","format":"standard","meta":{"footnotes":""},"categories":[93],"tags":[168,25,24,6523,3048,23,167],"class_list":{"0":"post-251342","1":"post","2":"type-post","3":"status-publish","4":"format-standard","5":"has-post-thumbnail","7":"category-deportes","8":"tag-deportes","9":"tag-es","10":"tag-espana","11":"tag-home","12":"tag-real-madrid","13":"tag-spain","14":"tag-sports"},"share_on_mastodon":{"url":"https:\/\/pubeurope.com\/@es\/115598933714552882","error":""},"_links":{"self":[{"href":"https:\/\/www.europesays.com\/es\/wp-json\/wp\/v2\/posts\/251342","targetHints":{"allow":["GET"]}}],"collection":[{"href":"https:\/\/www.europesays.com\/es\/wp-json\/wp\/v2\/posts"}],"about":[{"href":"https:\/\/www.europesays.com\/es\/wp-json\/wp\/v2\/types\/post"}],"author":[{"embeddable":true,"href":"https:\/\/www.europesays.com\/es\/wp-json\/wp\/v2\/users\/2"}],"replies":[{"embeddable":true,"href":"https:\/\/www.europesays.com\/es\/wp-json\/wp\/v2\/comments?post=251342"}],"version-history":[{"count":0,"href":"https:\/\/www.europesays.com\/es\/wp-json\/wp\/v2\/posts\/251342\/revisions"}],"wp:featuredmedia":[{"embeddable":true,"href":"https:\/\/www.europesays.com\/es\/wp-json\/wp\/v2\/media\/171506"}],"wp:attachment":[{"href":"https:\/\/www.europesays.com\/es\/wp-json\/wp\/v2\/media?parent=251342"}],"wp:term":[{"taxonomy":"category","embeddable":true,"href":"https:\/\/www.europesays.com\/es\/wp-json\/wp\/v2\/categories?post=251342"},{"taxonomy":"post_tag","embeddable":true,"href":"https:\/\/www.europesays.com\/es\/wp-json\/wp\/v2\/tags?post=251342"}],"curies":[{"name":"wp","href":"https:\/\/api.w.org\/{rel}","templated":true}]}}