{"id":251349,"date":"2025-11-23T12:11:07","date_gmt":"2025-11-23T12:11:07","guid":{"rendered":"https:\/\/www.europesays.com\/es\/251349\/"},"modified":"2025-11-23T12:11:07","modified_gmt":"2025-11-23T12:11:07","slug":"en-porsche-estan-tan-orgullosos-de-las-prestaciones-del-nuevo-cayenne-electrico-que-lo-han-enfrentado-a-una-carrera-contra-un-carrera-gt-top-gear-espana","status":"publish","type":"post","link":"https:\/\/www.europesays.com\/es\/251349\/","title":{"rendered":"En Porsche est\u00e1n tan orgullosos de las prestaciones del nuevo Cayenne el\u00e9ctrico que lo han enfrentado a una carrera contra un Carrera GT &#8211; Top Gear Espa\u00f1a"},"content":{"rendered":"<ol>\n<li><a href=\"https:\/\/news.google.com\/rss\/articles\/CBMi-wFBVV95cUxOS1FRX013dWpEV2xiczMtSEl2SkdHampmYkJLU3ljanhHcGd2dzI0cm40MmNfcmpfUjBPQ2FTVmQ2Nm5RWXU1X29RU2J2TThmQmpDZTh4MzFzYzhYYlhYTUJYRndJN3RxQmZiT3lrZ1pEaUVWeFRnbDhsT1dENE5EaVJZOTdONF9sNlgtRmdkQUNraUdTX1pVZmstQ0dDR254SDhPOXo0a3RycUMtYWdVdC0xUkJoamZicFY1Q1h3c0U1SVhCNlpveTQ2QmVGSGhKZ1VmU0lVek1CcjgwRWhHOHQ0Q09kaGs2TjVxNGpRWFNTdTc0VXQwd09PYw?oc=5\" target=\"_blank\" rel=\"nofollow noopener\">En Porsche est\u00e1n tan orgullosos de las prestaciones del nuevo Cayenne el\u00e9ctrico que lo han enfrentado a una carrera contra un Carrera GT<\/a>&nbsp;&nbsp;Top Gear Espa\u00f1a<\/li>\n<li><a href=\"https:\/\/news.google.com\/rss\/articles\/CBMihgFBVV95cUxPWW9Sbmg2Vmhkcy12emxsNmVpMjAwekF5Q2RoUXNZWXR3Zkl6ak9lR19pdlp1U3VKcldqSGd1dlRCZVg0S2YxRXF2NkFEMFNYVzN4UzlubjRHWTFkbzkwaGRqRmgtZVJlN0FqR0N4VVFOUWY1Q0dqRHB3c09remtwa2JnZ2wtdw?oc=5\" target=\"_blank\" rel=\"nofollow noopener\">El comienzo de una nueva era para Porsche<\/a>&nbsp;&nbsp;La Verdad<\/li>\n<li><a href=\"https:\/\/news.google.com\/rss\/articles\/CBMibkFVX3lxTFBJcFNWRmhHejBGNmRHYnZwM25STXhvUjgtQzZNOXN2OUNFa2FkWllOQzJxSUxHYjlWTlJpNFVhQ0JXZW9WaGpfcHZpZlpfQ0paT0M2NkhkR29pUFBHWk9Rbi1vNVd4WDhzQnBMbEtn?oc=5\" target=\"_blank\" rel=\"nofollow noopener\">Porsche Cayenne Electric 2026<\/a>&nbsp;&nbsp;Coches.com<\/li>\n<li><a href=\"https:\/\/news.google.com\/rss\/articles\/CBMisgFBVV95cUxObjhLVE9sM2xTRGgzbU1Uc2JlaGwyemowc2ZxR3hIam9LaFRvNzFHUUpTOVpkN3lpSkk3bTh6UkhfaUlaMThqTGp1TW0yVDdDWEd3eHRXRkZPX2F6M3EwOWhrWHRKeGhVdFZESWw5cE5VcnZTY082R0VSMEYyN0VHaEdtNnVrQmZQbGc3T1UxYnNiU2lNemZzMWZWV0xveF9BRF9NWHo0M2U3YnJuOEtDRFpB?oc=5\" target=\"_blank\" rel=\"nofollow noopener\">Entre la arena y los rascacielos: estreno f\u00edsico del Cayenne Electric en Dub\u00e1i<\/a>&nbsp;&nbsp;Porsche Newsroom<\/li>\n<li><a href=\"https:\/\/news.google.com\/rss\/articles\/CBMifkFVX3lxTFBCVFFNUkRYZThJd0ViQ3lyM3hMcW43WnJuVEpkVFFIeU1jbFp0d3BSOTdIZkZFRUV6NHBrcTZDV0hxYjNIbDR3eWFqNjlHRi1ZOVBoR0J3VlRhaDF5SmxTU0RPZXN0R3lmMzBTRFBjUnl5ZERyWFlXVENQMnYxUQ?oc=5\" target=\"_blank\" rel=\"nofollow noopener\">El absurdo de los coches modernos: el nuevo Cayenne Turbo el\u00e9ctrico pesa como 3 Porsche 911 originales<\/a>&nbsp;&nbsp;Diariomotor<\/li>\n<\/ol>\n","protected":false},"excerpt":{"rendered":"En Porsche est\u00e1n tan orgullosos de las prestaciones del nuevo Cayenne el\u00e9ctrico que lo han enfrentado a una&hellip;\n","protected":false},"author":2,"featured_media":248356,"comment_status":"","ping_status":"","sticky":false,"template":"","format":"standard","meta":{"footnotes":""},"categories":[80],"tags":[82,95,94,25,24,23],"class_list":{"0":"post-251349","1":"post","2":"type-post","3":"status-publish","4":"format-standard","5":"has-post-thumbnail","7":"category-economia","8":"tag-business","9":"tag-economia","10":"tag-economy","11":"tag-es","12":"tag-espana","13":"tag-spain"},"share_on_mastodon":{"url":"https:\/\/pubeurope.com\/@es\/115598949281279798","error":""},"_links":{"self":[{"href":"https:\/\/www.europesays.com\/es\/wp-json\/wp\/v2\/posts\/251349","targetHints":{"allow":["GET"]}}],"collection":[{"href":"https:\/\/www.europesays.com\/es\/wp-json\/wp\/v2\/posts"}],"about":[{"href":"https:\/\/www.europesays.com\/es\/wp-json\/wp\/v2\/types\/post"}],"author":[{"embeddable":true,"href":"https:\/\/www.europesays.com\/es\/wp-json\/wp\/v2\/users\/2"}],"replies":[{"embeddable":true,"href":"https:\/\/www.europesays.com\/es\/wp-json\/wp\/v2\/comments?post=251349"}],"version-history":[{"count":0,"href":"https:\/\/www.europesays.com\/es\/wp-json\/wp\/v2\/posts\/251349\/revisions"}],"wp:featuredmedia":[{"embeddable":true,"href":"https:\/\/www.europesays.com\/es\/wp-json\/wp\/v2\/media\/248356"}],"wp:attachment":[{"href":"https:\/\/www.europesays.com\/es\/wp-json\/wp\/v2\/media?parent=251349"}],"wp:term":[{"taxonomy":"category","embeddable":true,"href":"https:\/\/www.europesays.com\/es\/wp-json\/wp\/v2\/categories?post=251349"},{"taxonomy":"post_tag","embeddable":true,"href":"https:\/\/www.europesays.com\/es\/wp-json\/wp\/v2\/tags?post=251349"}],"curies":[{"name":"wp","href":"https:\/\/api.w.org\/{rel}","templated":true}]}}