{"id":251350,"date":"2025-11-23T12:13:08","date_gmt":"2025-11-23T12:13:08","guid":{"rendered":"https:\/\/www.europesays.com\/es\/251350\/"},"modified":"2025-11-23T12:13:08","modified_gmt":"2025-11-23T12:13:08","slug":"el-joven-al-que-la-policia-disparo-en-vallecas-ataco-a-los-agentes-con-un-cuchillo-al-grito-de-allahu-akbar","status":"publish","type":"post","link":"https:\/\/www.europesays.com\/es\/251350\/","title":{"rendered":"El joven al que la Polic\u00eda dispar\u00f3 en Vallecas atac\u00f3 a los agentes con un cuchillo al grito de &#8216;Allahu Akbar&#8217;"},"content":{"rendered":"<p style=\"\">La compleja intervenci\u00f3n registrada ayer <a href=\"https:\/\/www.abc.es\/espana\/madrid\/policia-dispara-joven-tras-abalanzarse-agentes-armado-20251122214705-nt.html\" target=\"_self\" data-voc-vtm-id=\"in-text-traffic\" title=\"en un piso de Puente de Vallecas\" data-mrf-link=\"www.abc.es\" rel=\"nofollow noopener\">en un piso de Puente de Vallecas<\/a>, saldada con un joven de 18 a\u00f1os herido por disparos de la Polic\u00eda tras abalanzarse con un cuchillo de grandes dimensiones sobre los agentes, fue tratada como un acto terrorista. Antes de  &#8230; recibir los impactos de bala, el sujeto, de origen magreb\u00ed, amenaz\u00f3 a los funcionarios presentes con \u00abllev\u00e1rselos con \u00e9l\u00bb y grit\u00f3 en reiteradas ocasiones &#8216;Allahu Akbar&#8217; (Al\u00e1 es grande, una frase utilizada por multitud de islamistas radicales), por lo que los miembros de las Unidades de Intervenci\u00f3n de Policial actuaron conscientes del grave riesgo que all\u00ed se corr\u00eda.<\/p>\n<p class=\"voc-p\" style=\"\">De hecho, para acceder al domicilio se requiri\u00f3 la presencia del Subgrupo Operativo Antiterrorista de Reacci\u00f3n (SOAR), que en la pr\u00e1ctica es una furgoneta de la UIP equipada con material antiterrorista para acudir a cualquier acto marcado por esta casu\u00edstica, como todos los actuantes, incluidos los patrulleros de la Polic\u00eda Nacional y Municipal que acudieron primero a la vivienda, ten\u00edan claro ayer. Es m\u00e1s, para entender la magnitud de la situaci\u00f3n, los agentes entraron a la casa portando escudos y subfusiles MP5, un tipo de arma empleadas solo por unidades de \u00e9lite como esta o el Grupo Especial de Operaciones (GEO).<\/p>\n<p class=\"voc-p\" style=\"\">Como adelant\u00f3 ayer este peri\u00f3dico, los hechos se desataron a las 16:45 horas en la calle Pe\u00f1a de Atalaya, 69, cuando el hermano del joven alert\u00f3 a los servicios de emergencia ante el estado de agresividad del sujeto en el interior del domicilio familiar. En la llamada, manifestaba que ten\u00eda un arma blanca entre las manos y presentaba sus facultades mentales totalmente alteradas. De inmediato, varias patrullas del barrio de San Diego acudieron al enclave, donde se entrevistaron con el hermano (quien para entonces ya no se encontraba en la casa) y trataron de reducir al sospechoso sin \u00e9xito.<\/p>\n<p class=\"voc-p\" style=\"\">Al abrir la puerta, el individuo mostr\u00f3 una actitud totalmente agresiva (con gritos de \u00abOs voy a matar\u00bb dirigidos hacia los uniformados), hasta el punto de que un agente nacional y otro municipal tuvieron que hacer uso de sus pistolas t\u00e1ser. Pero fue en balde, <a href=\"https:\/\/www.abc.es\/espana\/madrid\/abci-pistolas-taser-arma-disuasoria-toma-calle-202202270105_noticia.html\" target=\"_self\" data-voc-vtm-id=\"in-text-traffic\" title=\"ya que las descargas de 50.000 voltios\" data-mrf-link=\"www.abc.es\" rel=\"nofollow noopener\">ya que las descargas de 50.000 voltios<\/a> (si el dardo perfora completamente la piel) ni siquiera lograron inmovilizarlo. Una circunstancia que seguramente viniera motivada por los efectos de las drogas ingeridas por un sujeto que, seg\u00fan ha podido saber este peri\u00f3dico, tiene problemas de consumo. \u00abAyer iba hasta arriba\u00bb, apuntan a ABC las distintas fuentes consultadas.<\/p>\n<p class=\"voc-p\" style=\"\">Despu\u00e9s, cerr\u00f3 la puerta de nuevo y sigui\u00f3 profiriendo todo tipo de amenazas, lo que llev\u00f3 a los actuantes a pedir el refuerzo de las UIP, cuyo equipo desplazado fue el del citado SOAR. Una vez en el lugar, llamaron a la vivienda en reiteradas ocasiones, sin que el interpelado mostrara alg\u00fan cambio de actitud, m\u00e1s bien todo lo contrario, por lo que los polic\u00edas tomaron la determinaci\u00f3n de entrar. Al reventar la puerta, y sabiendo en todo momento el posible escenario al que se enfrentaban, el joven se tir\u00f3 sobre los agentes armado con un cuchillo mientras gritaba &#8216;Allahu Akbar&#8217;. Un movimiento de claro riesgo vital y en un espacio muy reducido (la entrada del piso) que oblig\u00f3 a los intervinientes a disparar contra \u00e9l hasta en tres ocasiones, en la zona lumbar, t\u00f3rax y cadera.<\/p>\n<p class=\"voc-p\" style=\"\">Tras comprobar que no hab\u00eda ninguna amenaza m\u00e1s en el domicilio, los agentes taponaron las heridas hasta la llegada del Samur-Protecci\u00f3n Civil, cuyos facultativos consiguieron estabilizarle antes de trasladarlo en estado grave al hospital Gregorio Mara\u00f1\u00f3n. El tramo de la calle afectado fue acordonado para sorpresa de un vecindario azotado desde hace a\u00f1os por los narcopisos y el trapicheo de droga.<\/p>\n","protected":false},"excerpt":{"rendered":"La compleja intervenci\u00f3n registrada ayer en un piso de Puente de Vallecas, saldada con un joven de 18&hellip;\n","protected":false},"author":2,"featured_media":251351,"comment_status":"","ping_status":"","sticky":false,"template":"","format":"standard","meta":{"footnotes":""},"categories":[8],"tags":[20523,63652,63651,63650,17,18,18177,24925,25,24,13,14,12474,11,1928,19,20,9,10,15,16,586,23,12,21,22,23414],"class_list":{"0":"post-251350","1":"post","2":"type-post","3":"status-publish","4":"format-standard","5":"has-post-thumbnail","7":"category-espana","8":"tag-agentes","9":"tag-akbar","10":"tag-allahu","11":"tag-ataco","12":"tag-breaking-news","13":"tag-breakingnews","14":"tag-cuchillo","15":"tag-disparo","16":"tag-es","17":"tag-espana","18":"tag-featured-news","19":"tag-featurednews","20":"tag-grito","21":"tag-headlines","22":"tag-joven","23":"tag-latest-news","24":"tag-latestnews","25":"tag-news","26":"tag-noticias","27":"tag-noticias-destacadas","28":"tag-noticiasdestacadas","29":"tag-policia","30":"tag-spain","31":"tag-titulares","32":"tag-ultimas-noticias","33":"tag-ultimasnoticias","34":"tag-vallecas"},"share_on_mastodon":{"url":"https:\/\/pubeurope.com\/@es\/115598957388006383","error":""},"_links":{"self":[{"href":"https:\/\/www.europesays.com\/es\/wp-json\/wp\/v2\/posts\/251350","targetHints":{"allow":["GET"]}}],"collection":[{"href":"https:\/\/www.europesays.com\/es\/wp-json\/wp\/v2\/posts"}],"about":[{"href":"https:\/\/www.europesays.com\/es\/wp-json\/wp\/v2\/types\/post"}],"author":[{"embeddable":true,"href":"https:\/\/www.europesays.com\/es\/wp-json\/wp\/v2\/users\/2"}],"replies":[{"embeddable":true,"href":"https:\/\/www.europesays.com\/es\/wp-json\/wp\/v2\/comments?post=251350"}],"version-history":[{"count":0,"href":"https:\/\/www.europesays.com\/es\/wp-json\/wp\/v2\/posts\/251350\/revisions"}],"wp:featuredmedia":[{"embeddable":true,"href":"https:\/\/www.europesays.com\/es\/wp-json\/wp\/v2\/media\/251351"}],"wp:attachment":[{"href":"https:\/\/www.europesays.com\/es\/wp-json\/wp\/v2\/media?parent=251350"}],"wp:term":[{"taxonomy":"category","embeddable":true,"href":"https:\/\/www.europesays.com\/es\/wp-json\/wp\/v2\/categories?post=251350"},{"taxonomy":"post_tag","embeddable":true,"href":"https:\/\/www.europesays.com\/es\/wp-json\/wp\/v2\/tags?post=251350"}],"curies":[{"name":"wp","href":"https:\/\/api.w.org\/{rel}","templated":true}]}}