{"id":251354,"date":"2025-11-23T12:23:18","date_gmt":"2025-11-23T12:23:18","guid":{"rendered":"https:\/\/www.europesays.com\/es\/251354\/"},"modified":"2025-11-23T12:23:18","modified_gmt":"2025-11-23T12:23:18","slug":"son-se-viste-de-heroe-pero-vancouver-es-quien-pasa-a-la-final-por-penaltis","status":"publish","type":"post","link":"https:\/\/www.europesays.com\/es\/251354\/","title":{"rendered":"Son se viste de h\u00e9roe pero Vancouver es quien pasa a la final por penaltis"},"content":{"rendered":"<p data-gtm-element-container=\"modulo-texto-link\" class=\"paragraph\">Los <strong>Vancouver Whitecaps <\/strong>se clasificaron para la final de la Conferencia Oeste de la <strong>MLS <\/strong>tras eliminar en los penaltis al<strong> LAFC<\/strong> de Son Heung-min, que hab\u00eda logrado empatar con un doblete del surcoreano despu\u00e9s de llegar al descanso con un 2-0 en contra.\u00a0Ser\u00e1 la primera final del Oeste para Vancouver, que este a\u00f1o fue tambi\u00e9n finalista de la Copa de Campeones de la Concacaf.<\/p>\n<blockquote class=\"twitter-tweet\" data-lang=\"es\"><p>\n<a href=\"https:\/\/twitter.com\/MLS\/status\/1992453151018963302\" rel=\"nofollow noopener\" target=\"_blank\">\n<\/p><\/blockquote>\n<p data-gtm-element-container=\"modulo-texto-link\" class=\"paragraph\">Los canadienses esperan rival entre el San Diego y el Minnesota United, que el lunes jugar\u00e1n la otra semifinal del Oeste. En la eliminatoria de este s\u00e1bado, Vancouver abri\u00f3 el marcador en el minuto 39 con un gol del estadounidense Emmanuel Sabbi y ampli\u00f3 su ventaja de la mano del uruguayo Mahias Laborda justo antes del descanso.<\/p>\n<p>                <img loading=\"lazy\" decoding=\"async\" data-full-src=\"https:\/\/www.mundodeportivo.com\/uploads\/2025\/11\/23\/6922afafa1b17.jpeg\" alt=\"Son, la viva imagen de la frustraci\u00f3n\" width=\"449\" height=\"294\" src=\"https:\/\/www.europesays.com\/es\/wp-content\/uploads\/2025\/11\/6922afafa1b17.jpeg\" class=\"lazy\"\/><\/p>\n<p class=\"caption-title \">Son, la viva imagen de la frustraci\u00f3n<\/p>\n<p>                    AP<\/p>\n<p data-gtm-element-container=\"modulo-texto-link\" class=\"paragraph\">Son Heung-min, que rescat\u00f3 al LAFC con su llegada a Los \u00c1ngeles al finalizar la temporada 2024-2025 con el Tottenham, se visti\u00f3 de h\u00e9roe para igualar la eliminatoria. Tras poner el 2-1 en el minuto 60, el surcoreano forz\u00f3 la pr\u00f3rroga con un excelente disparo de falta que penetr\u00f3 la porter\u00eda por la escuadra pasados ya cinco minutos del tiempo reglamentario. La falta tuvo su origen en la segunda amarilla recibida por Tristan Blackmon, que dej\u00f3 a su equipo con diez para toda la pr\u00f3rroga.<\/p>\n<p>    Lee tambi\u00e9n<\/p>\n<p data-gtm-element-container=\"modulo-texto-link\" class=\"paragraph\">Con todo en contra, Vancouver aguant\u00f3 la pr\u00f3rroga hasta forzar la tanda de penaltis, en la que se impuso por 4-3 despu\u00e9s de que Son Heung-min enviara al poste el primer lanzamiento. Laborda fue el autor del gol decisivo de la tanda.<\/p>\n<p><script async src=\"https:\/\/platform.twitter.com\/widgets.js\" charset=\"utf-8\"><\/script><\/p>\n","protected":false},"excerpt":{"rendered":"Los Vancouver Whitecaps se clasificaron para la final de la Conferencia Oeste de la MLS tras eliminar en&hellip;\n","protected":false},"author":2,"featured_media":251355,"comment_status":"","ping_status":"","sticky":false,"template":"","format":"standard","meta":{"footnotes":""},"categories":[268],"tags":[168,25,24,280,282,281,23,167],"class_list":{"0":"post-251354","1":"post","2":"type-post","3":"status-publish","4":"format-standard","5":"has-post-thumbnail","7":"category-futbol","8":"tag-deportes","9":"tag-es","10":"tag-espana","11":"tag-football","12":"tag-futbol","13":"tag-soccer","14":"tag-spain","15":"tag-sports"},"share_on_mastodon":{"url":"https:\/\/pubeurope.com\/@es\/115598996980370663","error":""},"_links":{"self":[{"href":"https:\/\/www.europesays.com\/es\/wp-json\/wp\/v2\/posts\/251354","targetHints":{"allow":["GET"]}}],"collection":[{"href":"https:\/\/www.europesays.com\/es\/wp-json\/wp\/v2\/posts"}],"about":[{"href":"https:\/\/www.europesays.com\/es\/wp-json\/wp\/v2\/types\/post"}],"author":[{"embeddable":true,"href":"https:\/\/www.europesays.com\/es\/wp-json\/wp\/v2\/users\/2"}],"replies":[{"embeddable":true,"href":"https:\/\/www.europesays.com\/es\/wp-json\/wp\/v2\/comments?post=251354"}],"version-history":[{"count":0,"href":"https:\/\/www.europesays.com\/es\/wp-json\/wp\/v2\/posts\/251354\/revisions"}],"wp:featuredmedia":[{"embeddable":true,"href":"https:\/\/www.europesays.com\/es\/wp-json\/wp\/v2\/media\/251355"}],"wp:attachment":[{"href":"https:\/\/www.europesays.com\/es\/wp-json\/wp\/v2\/media?parent=251354"}],"wp:term":[{"taxonomy":"category","embeddable":true,"href":"https:\/\/www.europesays.com\/es\/wp-json\/wp\/v2\/categories?post=251354"},{"taxonomy":"post_tag","embeddable":true,"href":"https:\/\/www.europesays.com\/es\/wp-json\/wp\/v2\/tags?post=251354"}],"curies":[{"name":"wp","href":"https:\/\/api.w.org\/{rel}","templated":true}]}}