{"id":251358,"date":"2025-11-23T12:27:13","date_gmt":"2025-11-23T12:27:13","guid":{"rendered":"https:\/\/www.europesays.com\/es\/251358\/"},"modified":"2025-11-23T12:27:13","modified_gmt":"2025-11-23T12:27:13","slug":"halis-anuncia-boda-con-hattuc-y-se-enfrenta-a-los-suyos-en-una-nueva-vida","status":"publish","type":"post","link":"https:\/\/www.europesays.com\/es\/251358\/","title":{"rendered":"Halis anuncia boda con Hattuc y se enfrenta a los suyos en Una nueva vida"},"content":{"rendered":"<p><b>Halis <\/b>re\u00fane a toda la<b> familia Korhan<\/b> en el sal\u00f3n. Nadie sabe qu\u00e9 va a anunciar, pero todos presienten que <b>se avecina algo grande<\/b>. El patriarca pide silencio y lo suelta sin rodeos: <b>\u201cHattuc y yo hemos decidido casarnos lo antes posible\u201d<\/b>.<\/p>\n<p><b>El impacto es inmediato<\/b>. Ferit, Seyran, Orhan e Ifakat se quedan sin palabras. <b>La noticia rompe el equilibrio familiar <\/b>y desata una avalancha de reacciones: <b>unos celebran<\/b> entre aplausos, <b>otros no pueden creer <\/b>lo que est\u00e1n escuchando.<\/p>\n<p>Pero la tensi\u00f3n no tarda en aparecer. <b>Ifakat<\/b>, molesta, asegura que <b>Halis \u201cno est\u00e1 bien\u201d<\/b>, y <b>Orhan <\/b>lo acusa de <b>pensar solo en s\u00ed mismo<\/b>. N\u00fckhet, llena de rabia, carga contra Hattuc: \u201c\u00bfTe crees que le vas a dar la boda que nunca le diste a mi madre?\u201d<\/p>\n<p><b>Halis <\/b>estalla. Ya no permite que nadie lo cuestione. \u201cHattuc ser\u00e1 la se\u00f1ora de esta casa cuando yo no est\u00e9\u201d, les advierte. La <b>guerra <\/b>dentro del clan <b>Korhan <\/b>est\u00e1 servida. \u00bfHabr\u00e1 boda finalmente? No te pierdas <b>Una nueva vida<\/b>, esta noche a las 22:00 h en Antena 3.<\/p>\n<p>   <img decoding=\"async\" title=\"Seyran\" alt=\"Seyran\" width=\"480\" height=\"270\" src=\"https:\/\/www.europesays.com\/es\/wp-content\/uploads\/2025\/11\/1763900833_414_seyran_70.jpg\" loading=\"lazy\" class=\"lazy\"\/><\/p>\n","protected":false},"excerpt":{"rendered":"Halis re\u00fane a toda la familia Korhan en el sal\u00f3n. Nadie sabe qu\u00e9 va a anunciar, pero todos&hellip;\n","protected":false},"author":2,"featured_media":251359,"comment_status":"","ping_status":"","sticky":false,"template":"","format":"standard","meta":{"footnotes":""},"categories":[171],"tags":[146,147,25,24,23,214],"class_list":{"0":"post-251358","1":"post","2":"type-post","3":"status-publish","4":"format-standard","5":"has-post-thumbnail","7":"category-tv","8":"tag-entertainment","9":"tag-entretenimiento","10":"tag-es","11":"tag-espana","12":"tag-spain","13":"tag-tv"},"share_on_mastodon":{"url":"https:\/\/pubeurope.com\/@es\/115599012954223691","error":""},"_links":{"self":[{"href":"https:\/\/www.europesays.com\/es\/wp-json\/wp\/v2\/posts\/251358","targetHints":{"allow":["GET"]}}],"collection":[{"href":"https:\/\/www.europesays.com\/es\/wp-json\/wp\/v2\/posts"}],"about":[{"href":"https:\/\/www.europesays.com\/es\/wp-json\/wp\/v2\/types\/post"}],"author":[{"embeddable":true,"href":"https:\/\/www.europesays.com\/es\/wp-json\/wp\/v2\/users\/2"}],"replies":[{"embeddable":true,"href":"https:\/\/www.europesays.com\/es\/wp-json\/wp\/v2\/comments?post=251358"}],"version-history":[{"count":0,"href":"https:\/\/www.europesays.com\/es\/wp-json\/wp\/v2\/posts\/251358\/revisions"}],"wp:featuredmedia":[{"embeddable":true,"href":"https:\/\/www.europesays.com\/es\/wp-json\/wp\/v2\/media\/251359"}],"wp:attachment":[{"href":"https:\/\/www.europesays.com\/es\/wp-json\/wp\/v2\/media?parent=251358"}],"wp:term":[{"taxonomy":"category","embeddable":true,"href":"https:\/\/www.europesays.com\/es\/wp-json\/wp\/v2\/categories?post=251358"},{"taxonomy":"post_tag","embeddable":true,"href":"https:\/\/www.europesays.com\/es\/wp-json\/wp\/v2\/tags?post=251358"}],"curies":[{"name":"wp","href":"https:\/\/api.w.org\/{rel}","templated":true}]}}