{"id":251360,"date":"2025-11-23T12:28:08","date_gmt":"2025-11-23T12:28:08","guid":{"rendered":"https:\/\/www.europesays.com\/es\/251360\/"},"modified":"2025-11-23T12:28:08","modified_gmt":"2025-11-23T12:28:08","slug":"arch-enemy-se-separan-de-alissa-white-gluz","status":"publish","type":"post","link":"https:\/\/www.europesays.com\/es\/251360\/","title":{"rendered":"ARCH ENEMY se separan de Alissa White- Gluz"},"content":{"rendered":"<p>&#13;<br \/>\n        &#13;<br \/>\n&#13;<br \/>\n        &#13;<br \/>\n&#13;<\/p>\n<p>\u00a0<\/p>\n<p>\u00a0<\/p>\n<p><img fetchpriority=\"high\" decoding=\"async\" src=\"https:\/\/www.europesays.com\/es\/wp-content\/uploads\/2025\/11\/ruptura500x267.jpg\" alt=\"A ENEMY\" width=\"500\" height=\"267\"\/><\/p>\n<p>\u00a0<\/p>\n<p><strong>ARCH ENEMY se separan de Alissa White- Gluz<\/strong><\/p>\n<p>Han publicado esta comunicado:<\/p>\n<p><img loading=\"lazy\" decoding=\"async\" src=\"https:\/\/www.europesays.com\/es\/wp-content\/uploads\/2025\/11\/ruptura.jpg\" alt=\"a enemy\" width=\"500\" height=\"625\"\/><\/p>\n<p style=\"font-weight: 400;\">Aradecemos los momentos y la m\u00fasica que hemos compartido y le deseamos lo mejor.<\/p>\n<p style=\"font-weight: 400;\">Siempre que hay un final, tambi\u00e9n hay un comienzo.<\/p>\n<p style=\"font-weight: 400;\">Nos vemos en 2026.\u201d<\/p>\n<p style=\"font-weight: 400;\">Alissa White \u2013 Gluz por su parte ha publicado el siguiente comunicado: \u201cTras 12 a\u00f1os en ARCH ENEMY, nos hemos separado. Estar\u00e9 siempre agradecida a los miles de incre\u00edbles fans que he conocido a lo largo del camino. Gracias best\u00edcolas.<\/p>\n<p style=\"font-weight: 400;\">Tengo muchas ganas de compartir con todos vosotros algo en lo que he estado trabajando (con grandes sorpresas preparadas). Estad atentos a las grandes noticias en 2026 y nos vemos muy pronto.<\/p>\n<p>        &#13;<br \/>\n&#13;<br \/>\n&#13;<br \/>\n        &#13;<br \/>\n                        &#13;<br \/>\n            &#13;<br \/>\n&#13;<br \/>\n                        Art\u00edculo anterior<a href=\"https:\/\/www.rafabasa.com\/2025\/11\/21\/el-documental-sobre-la-historica-sala-de-rock-canciller-listo-y-con-fecha-de-estreno\/\" rel=\"nofollow noopener\" target=\"_blank\">El documental sobre la hist\u00f3rica Sala de Rock Canciller, listo y con fecha de estreno.<\/a>            \t                &#13;<br \/>\n&#13;<\/p>\n","protected":false},"excerpt":{"rendered":"&#13; &#13; &#13; &#13; &#13; \u00a0 \u00a0 \u00a0 ARCH ENEMY se separan de Alissa White- Gluz Han publicado&hellip;\n","protected":false},"author":2,"featured_media":251361,"comment_status":"","ping_status":"","sticky":false,"template":"","format":"standard","meta":{"footnotes":""},"categories":[170],"tags":[40026,146,147,25,24,184,185,23],"class_list":{"0":"post-251360","1":"post","2":"type-post","3":"status-publish","4":"format-standard","5":"has-post-thumbnail","7":"category-musica","8":"tag-arch-enemy","9":"tag-entertainment","10":"tag-entretenimiento","11":"tag-es","12":"tag-espana","13":"tag-music","14":"tag-musica","15":"tag-spain"},"share_on_mastodon":{"url":"https:\/\/pubeurope.com\/@es\/115599017439793456","error":""},"_links":{"self":[{"href":"https:\/\/www.europesays.com\/es\/wp-json\/wp\/v2\/posts\/251360","targetHints":{"allow":["GET"]}}],"collection":[{"href":"https:\/\/www.europesays.com\/es\/wp-json\/wp\/v2\/posts"}],"about":[{"href":"https:\/\/www.europesays.com\/es\/wp-json\/wp\/v2\/types\/post"}],"author":[{"embeddable":true,"href":"https:\/\/www.europesays.com\/es\/wp-json\/wp\/v2\/users\/2"}],"replies":[{"embeddable":true,"href":"https:\/\/www.europesays.com\/es\/wp-json\/wp\/v2\/comments?post=251360"}],"version-history":[{"count":0,"href":"https:\/\/www.europesays.com\/es\/wp-json\/wp\/v2\/posts\/251360\/revisions"}],"wp:featuredmedia":[{"embeddable":true,"href":"https:\/\/www.europesays.com\/es\/wp-json\/wp\/v2\/media\/251361"}],"wp:attachment":[{"href":"https:\/\/www.europesays.com\/es\/wp-json\/wp\/v2\/media?parent=251360"}],"wp:term":[{"taxonomy":"category","embeddable":true,"href":"https:\/\/www.europesays.com\/es\/wp-json\/wp\/v2\/categories?post=251360"},{"taxonomy":"post_tag","embeddable":true,"href":"https:\/\/www.europesays.com\/es\/wp-json\/wp\/v2\/tags?post=251360"}],"curies":[{"name":"wp","href":"https:\/\/api.w.org\/{rel}","templated":true}]}}