{"id":251366,"date":"2025-11-23T12:31:11","date_gmt":"2025-11-23T12:31:11","guid":{"rendered":"https:\/\/www.europesays.com\/es\/251366\/"},"modified":"2025-11-23T12:31:11","modified_gmt":"2025-11-23T12:31:11","slug":"no-es-la-perdida-de-memoria","status":"publish","type":"post","link":"https:\/\/www.europesays.com\/es\/251366\/","title":{"rendered":"no es la p\u00e9rdida de memoria"},"content":{"rendered":"<p class=\"c-paragraph\">La demencia es un t\u00e9rmino general para varias afecciones que causan un deterioro gradual del cerebro y p\u00e9rdida de memoria, siendo la <b>enfermedad de <a href=\"https:\/\/www.20minutos.es\/tags\/temas\/alzheimer.html\" title=\"Alzh\u00e9imer\" rel=\"nofollow noopener\" target=\"_blank\">Alzheimer<\/a> la forma m\u00e1s frecuente.<\/b><\/p>\n<p class=\"c-paragraph\">El alzh\u00e9imer generalmente se presenta con p\u00e9rdida de memoria y deterioro cognitivo lo suficientemente graves como para interrumpir las actividades cotidianas y, si bien<b> actualmente no existe cura<\/b>, la detecci\u00f3n temprana puede desacelerar su avance y ayudar a los pacientes o sus familias a mantener una mejor calidad de vida durante m\u00e1s tiempo.<\/p>\n<p class=\"c-paragraph\">Si bien se relaciona sobre todo la p\u00e9rdida de memoria con el alzh\u00e9imer, las investigaciones indican que esta podr\u00eda no ser la se\u00f1al de advertencia inicial; <a href=\"https:\/\/www.sciencedirect.com\/science\/article\/abs\/pii\/S0006322323016281\" rel=\"nofollow noreferrer noopener\" title=\"Depression in Alzheimer\u2019s Disease: Epidemiology, Mechanisms, and Treatment\" target=\"_blank\">un estudio<\/a> revela que la depresi\u00f3n<b> podr\u00eda servir como una se\u00f1al de alerta temprana.<\/b><\/p>\n<p class=\"c-paragraph\">Los cient\u00edficos llevaron a cabo un examen exhaustivo de la literatura m\u00e9dica desde 1937 hasta 2016 en un esfuerzo por <b>catalogar los signos y s\u00edntomas de advertencia<\/b> que ocurren antes de un diagn\u00f3stico de alzh\u00e9imer.<\/p>\n<p class=\"c-paragraph\">Sus hallazgos revelaron que la depresi\u00f3n y el deterioro cognitivo fueron los s\u00edntomas iniciales que surgieron<b> en el 98,5% y el 99,1% <\/b>de los participantes en un estudio sobre alzh\u00e9imer de aparici\u00f3n tard\u00eda, y en el 9% y el 80% respectivamente en los casos de aparici\u00f3n temprana.<\/p>\n<p class=\"c-paragraph\">Los problemas de memoria aparecieron tempranamente y se detectaron 12 a\u00f1os antes del <b>diagn\u00f3stico cl\u00ednico de alzh\u00e9imer avanzado<\/b>. Los cient\u00edficos concluyen que \u00ablos hallazgos de esta revisi\u00f3n sugieren que las conductas neurol\u00f3gicas y depresivas son una manifestaci\u00f3n temprana\u00bb.<\/p>\n","protected":false},"excerpt":{"rendered":"La demencia es un t\u00e9rmino general para varias afecciones que causan un deterioro gradual del cerebro y p\u00e9rdida&hellip;\n","protected":false},"author":2,"featured_media":74846,"comment_status":"","ping_status":"","sticky":false,"template":"","format":"standard","meta":{"footnotes":""},"categories":[92],"tags":[1289,25,24,165,9037,977,166,5153,7750,23],"class_list":{"0":"post-251366","1":"post","2":"type-post","3":"status-publish","4":"format-standard","5":"has-post-thumbnail","7":"category-salud","8":"tag-demencia","9":"tag-es","10":"tag-espana","11":"tag-health","12":"tag-inesperado","13":"tag-primer","14":"tag-salud","15":"tag-segun","16":"tag-sintoma","17":"tag-spain"},"share_on_mastodon":{"url":"https:\/\/pubeurope.com\/@es\/115599028196041702","error":""},"_links":{"self":[{"href":"https:\/\/www.europesays.com\/es\/wp-json\/wp\/v2\/posts\/251366","targetHints":{"allow":["GET"]}}],"collection":[{"href":"https:\/\/www.europesays.com\/es\/wp-json\/wp\/v2\/posts"}],"about":[{"href":"https:\/\/www.europesays.com\/es\/wp-json\/wp\/v2\/types\/post"}],"author":[{"embeddable":true,"href":"https:\/\/www.europesays.com\/es\/wp-json\/wp\/v2\/users\/2"}],"replies":[{"embeddable":true,"href":"https:\/\/www.europesays.com\/es\/wp-json\/wp\/v2\/comments?post=251366"}],"version-history":[{"count":0,"href":"https:\/\/www.europesays.com\/es\/wp-json\/wp\/v2\/posts\/251366\/revisions"}],"wp:featuredmedia":[{"embeddable":true,"href":"https:\/\/www.europesays.com\/es\/wp-json\/wp\/v2\/media\/74846"}],"wp:attachment":[{"href":"https:\/\/www.europesays.com\/es\/wp-json\/wp\/v2\/media?parent=251366"}],"wp:term":[{"taxonomy":"category","embeddable":true,"href":"https:\/\/www.europesays.com\/es\/wp-json\/wp\/v2\/categories?post=251366"},{"taxonomy":"post_tag","embeddable":true,"href":"https:\/\/www.europesays.com\/es\/wp-json\/wp\/v2\/tags?post=251366"}],"curies":[{"name":"wp","href":"https:\/\/api.w.org\/{rel}","templated":true}]}}