{"id":251367,"date":"2025-11-23T12:32:22","date_gmt":"2025-11-23T12:32:22","guid":{"rendered":"https:\/\/www.europesays.com\/es\/251367\/"},"modified":"2025-11-23T12:32:22","modified_gmt":"2025-11-23T12:32:22","slug":"del-dardo-de-blanca-romero-al-tierno-mensaje-de-alvaro-cuenca-a-anabel-pantoja-a-las-puertas-de-la-final-de-bailando-con-las-estrellas","status":"publish","type":"post","link":"https:\/\/www.europesays.com\/es\/251367\/","title":{"rendered":"Del dardo de Blanca Romero al tierno mensaje de \u00c1lvaro Cuenca a Anabel Pantoja a las puertas de la final de \u2018Bailando con las estrellas\u2019"},"content":{"rendered":"<p id=\"eNLgPAPWQj\" data-wc=\"74\">La <strong>und\u00e9cima gala de Bailando con las Estrellas <\/strong>ha pasado a la historia como una de las m\u00e1s intensas y emocionantes de toda la edici\u00f3n. A tan solo una semana de la Gran Final, el concurso de talentos ha vivido una noche de doble expulsi\u00f3n, tensiones palpables en el plat\u00f3 y, sobre todo, una ola de sentimientos encontrados que han ido desde la dureza de las cr\u00edticas hasta el m\u00e1s profundo y sincero apoyo.<\/p>\n<p> <img src=\"https:\/\/www.europesays.com\/es\/wp-content\/uploads\/2025\/11\/b21880881981-captura-de-pantalla-1076.png\"   width=\"1024\" height=\"569\" loading=\"lazy\" decoding=\"async\" alt=\"Media Image\" fetchpriority=\"auto\" class=\"image ho-image\"\/>\u00a9 Telecinco<\/p>\n<p id=\"ewx3zvAEZEj\" data-wc=\"93\">El foco de esta gala definitiva no solo estuvo en la pista de baile, sino en las emociones a flor de piel de sus concursantes. Por un lado, fuimos testigos del adi\u00f3s de una de las favoritas, envuelto en l\u00e1grimas, y por otro, del arrebato de <strong>Blanca Romero<\/strong>, quien se ha confirmado como la gran villana de la edici\u00f3n. Sin embargo, el momento m\u00e1s tierno y reconfortante lleg\u00f3 de la mano de <strong>\u00c1lvaro Cuenca<\/strong>, compa\u00f1ero de <strong>Anabel Pantoja<\/strong>, con un mensaje que ha conmovido a todos ante la delicada situaci\u00f3n de la influencer.<\/p>\n<p> <img src=\"https:\/\/www.europesays.com\/es\/wp-content\/uploads\/2025\/11\/563798dbc681-captura-de-pantalla-1073.png\"   width=\"1024\" height=\"563\" loading=\"lazy\" decoding=\"async\" alt=\"Media Image\" fetchpriority=\"auto\" class=\"image ho-image\"\/>\u00a9 Telecinco<\/p>\n<p id=\"efNGsXbo__n\" data-wc=\"87\">La noche comenz\u00f3 con una amarga sorpresa: el jurado ten\u00eda que tomar <strong>\u00abla decisi\u00f3n m\u00e1s dif\u00edcil en 11 semanas\u00bb<\/strong> tras el duelo entre dos de las parejas m\u00e1s queridas. Tania Medina, con su espectacular quickstep, y Nona Sobo, defendiendo un foxtrot, se enfrentaron a &#8216;El \u00faltimo baile&#8217;. La suerte estaba echada y la votaci\u00f3n del jurado dividi\u00f3 al backstage. Tras el recuento, Nona fue la salvada por Inmaculada Casal, Blanca Li y Julia G\u00f3mez Cora, mientras que Tania tuvo que despedirse a las puertas de la final.<\/p>\n<p> <img src=\"https:\/\/www.europesays.com\/es\/wp-content\/uploads\/2025\/11\/d925435a0179-captura-de-pantalla-1079.png\"   width=\"1024\" height=\"563\" loading=\"lazy\" decoding=\"async\" alt=\"Media Image\" fetchpriority=\"auto\" class=\"image ho-image\"\/>\u00a9 Telecinco<\/p>\n<p id=\"eJCPYN7G2Ydq\" data-wc=\"120\">Las l\u00e1grimas no tardaron en aparecer y el abrazo entre las protagonistas fue de lo m\u00e1s sincero. Nona, visiblemente afectada por la marcha de su amiga, le dedicaba unas palabras llenas de cari\u00f1o: <strong>\u00abHa sido la mejor competencia que he podido tener. Me ir\u00eda con ella ya a la final. Eras mi ganadora\u00bb<\/strong>. Por su parte, la canaria se despidi\u00f3 con un emotivo discurso, agradeciendo el trato del jurado y la calidez del p\u00fablico: \u00abQuiero darle las gracias al jurado porque han sido supercari\u00f1osos y con mucho tacto me han sabido decir lo que ten\u00eda que mejorar, y al p\u00fablico por estar cada semana conmigo. He disfrutado de esta experiencia y no le doy un diez, le doy un mil\u00bb.<\/p>\n<p> <img src=\"https:\/\/www.europesays.com\/es\/wp-content\/uploads\/2025\/11\/1acd02ce923c-captura-de-pantalla-1080.png\"   width=\"1024\" height=\"571\" loading=\"lazy\" decoding=\"async\" alt=\"Media Image\" fetchpriority=\"auto\" class=\"image ho-image\"\/>\u00a9 Telecinco<br \/>\nLa furia de Blanca Romero<\/p>\n<p id=\"evx7N8kc7QiR\" data-wc=\"89\">Si hay alguien que ha acaparado todos los focos por su fuerte car\u00e1cter, esa es Blanca Romero. La actriz ha dejado claro que no tiene intenci\u00f3n de esconderse y, harta, confes\u00f3 a Jes\u00fas V\u00e1zquez la raz\u00f3n por la que hab\u00eda roto de forma radical con sus compa\u00f1eros: su salida del grupo de WhatsApp. \u00abMe he ido porque as\u00ed doy m\u00e1s chisme.<strong>\u00a0No soy nada bienqueda y son muy pesados.\u00a0<\/strong>No estoy para estar en cualquier grupo y punto\u00bb, afirm\u00f3 con una contundencia que despert\u00f3 la pol\u00e9mica en el plat\u00f3.<\/p>\n<p> <img src=\"https:\/\/www.europesays.com\/es\/wp-content\/uploads\/2025\/11\/aaf0669c271c-captura-de-pantalla-1068.png\"   width=\"1024\" height=\"576\" loading=\"lazy\" decoding=\"async\" alt=\"Media Image\" fetchpriority=\"auto\" class=\"image ho-image\"\/>\u00a9 Telecinco<\/p>\n<p id=\"etfk2Uai4Uh2\" data-wc=\"73\">Lejos de guardar silencio, la actriz carg\u00f3 como nunca antes contra todos sus compa\u00f1eros, lanzando un dardo directo a aquellos que no han pasado por la tensi\u00f3n del \u00abpurgatorio\u00bb, es decir, &#8216;El \u00faltimo baile&#8217;. En referencia a Anabel Pantoja y Jorge Gonz\u00e1lez, asegur\u00f3: \u00abEspero que teng\u00e1is en cuenta los que llegaron sin pasar por el purgatorio y los que s\u00ed, y <strong>que el baile no es solo dar mil piruetas, tambi\u00e9n es luz\u00bb<\/strong>.<\/p>\n<p> <img src=\"https:\/\/www.europesays.com\/es\/wp-content\/uploads\/2025\/11\/557102016d2d-captura-de-pantalla-1074.png\"   width=\"1024\" height=\"582\" loading=\"lazy\" decoding=\"async\" alt=\"Media Image\" fetchpriority=\"auto\" class=\"image ho-image\"\/>\u00a9 Telecinco<\/p>\n<p id=\"eRtaIxwFyqKm\" data-wc=\"83\">Blanca continu\u00f3 con su ronda de cr\u00edticas a sus compa\u00f1eras. Sobre Nona Sobo, aunque reconoci\u00f3 su t\u00e9cnica, opin\u00f3 que el arte va m\u00e1s all\u00e1: \u00abEl baile es trasmitir, tener luz, es tener sentimiento&#8230; Eso es baile, eso es el arte\u00bb. Y sobre Tania Medina, la actriz lanz\u00f3 el dardo de que su maestro le hab\u00eda quitado su brillo, y volvi\u00f3 a arremeter contra la sobrina de Isabel Pantoja: <strong>\u00abEst\u00e1 segura de que va a ganar y que la protege la Virgen del Roc\u00edo\u00bb<\/strong>.<\/p>\n<p> <img src=\"https:\/\/www.europesays.com\/es\/wp-content\/uploads\/2025\/11\/82e5998544f7-captura-de-pantalla-1072.png\"   width=\"1024\" height=\"568\" loading=\"lazy\" decoding=\"async\" alt=\"Media Image\" fetchpriority=\"auto\" class=\"image ho-image\"\/>\u00a9 Telecinco<\/p>\n<p id=\"eR1d75Z2xpTG\" data-wc=\"128\">Precisamente su pol\u00e9mica actitud y su baja puntuaci\u00f3n en el vals, que no fue bien recibido por el jurado (salvo Pelayo D\u00edaz), la dejaron en la cuerda floja. Blanca Li le recrimin\u00f3 la falta de coordinaci\u00f3n: \u00abMe faltaba el vals. Era un vals sin vals. Algunos movimientos bonitos, pero ese momento de paso de vals &#8216;al tempo&#8217; para m\u00ed no estaba, que es lo fundamental. Le faltaba coordinaci\u00f3n. Algo no flu\u00eda\u00bb. Finalmente, la actriz se enfrent\u00f3 a la segunda eliminaci\u00f3n contra Nerea Rodr\u00edguez, siendo la expulsada definitiva de la noche. <strong>\u00abMe voy feliz en un momento maravilloso.\u00a0<\/strong>Gracias por la experiencia\u00bb, manifestaba al despedirse, no sin antes dedicar un \u00faltimo gui\u00f1o a la mesa de jueces: \u00abSois el jurado m\u00e1s guapo y m\u00e1s top de toda la cadena\u00bb.<\/p>\n<p> <img src=\"https:\/\/www.europesays.com\/es\/wp-content\/uploads\/2025\/11\/3c75fc032883-captura-de-pantalla-1078.png\"   width=\"1024\" height=\"613\" loading=\"lazy\" decoding=\"async\" alt=\"Media Image\" fetchpriority=\"auto\" class=\"image ho-image\"\/>\u00a9 Telecinco<br \/>\nAnabel y el mensaje de \u00c1lvaro Cuenca<\/p>\n<p id=\"edhH9cItVjIM\" data-wc=\"129\">Las cr\u00edticas del jurado no han logrado minar la ilusi\u00f3n de Anabel Pantoja, quien lucha por hacerse con el trofeo a pesar de una lesi\u00f3n que pone en peligro su continuidad. La influencer revelaba en sus redes el alcance de su dolencia: <strong>\u00abPues s\u00ed, despu\u00e9s de casi 3 meses en el programa me lleg\u00f3 la hora. Me lesion\u00e9 con tanto baile de rodillas y el domingo me levant\u00e9 con la rodilla como una pelota sin poder apoyar ni doblar\u00bb<\/strong>. Tras la ecograf\u00eda, el diagn\u00f3stico fue un \u00abesguince de ligamento interno\u00bb, por lo que \u00abahora toca recuperarse y ver qu\u00e9 pasa\u00bb. La sobrina de Isabel Pantoja lamentaba no estar \u00aben mi 100%<strong>\u00ab<\/strong> al tener que ensayar con un esguince, pero su esfuerzo se vio recompensado con el apoyo del p\u00fablico.<\/p>\n<p> <img src=\"https:\/\/www.europesays.com\/es\/wp-content\/uploads\/2025\/11\/c8871ab40a60-captura-de-pantalla-1081.png\"   width=\"1024\" height=\"557\" loading=\"lazy\" decoding=\"async\" alt=\"Media Image\" fetchpriority=\"auto\" class=\"image ho-image\"\/>\u00a9 Telecinco<\/p>\n<p id=\"eJCmwQI5HvkM\" data-wc=\"105\">Ante este complicado panorama, su compa\u00f1ero y pareja de baile, \u00c1lvaro Cuenca, quiso tener un gesto de apoyo incondicional con un emotivo mensaje en redes que se ha convertido en la gran declaraci\u00f3n de la edici\u00f3n. \u00c1lvaro ha querido recordar su trayectoria juntos, mostrando un inmenso respeto por la valent\u00eda de Anabel: <strong>\u00abNada tiene m\u00e1s m\u00e9rito que empezar una carrera sin saber correr y sin tener las herramientas para hacerlo\u00bb<\/strong>. El bailar\u00edn reflej\u00f3 la gran conexi\u00f3n que ha surgido entre ellos, tanto dentro como fuera de la sala de ensayos: \u00abHa sido un verdadero placer estar a tu lado y aprender cosas de la vida\u00bb.<\/p>\n<p> <img src=\"https:\/\/www.europesays.com\/es\/wp-content\/uploads\/2025\/11\/9ccd49932a82-captura-de-pantalla-1077.png\"   width=\"1024\" height=\"583\" loading=\"lazy\" decoding=\"async\" alt=\"Media Image\" fetchpriority=\"auto\" class=\"image ho-image\"\/>\u00a9 Telecinco<\/p>\n<p id=\"eL3uv9tF6Dlo\" data-wc=\"72\">Haci\u00e9ndose eco de las voces cr\u00edticas que rodean a Anabel, \u00c1lvaro fue tajante y muy tierno a la vez: \u00abAlgunos dir\u00e1n que no lo mereces, y otros diremos que gracias a ti, hemos conseguido muchas cosas. Hoy toca disfrutar de ti como la mujer valiente y bondadosa que eres.<strong>\u00a0T\u00fa eres el premio de la edici\u00f3n. Feliz noche, te quiero\u00bb<\/strong>. Unas palabras que reflejan el profundo lazo de amistad que les une.<\/p>\n<p> <img src=\"https:\/\/www.europesays.com\/es\/wp-content\/uploads\/2025\/11\/f1fa36a81c51-773b02c0-bd5c-4e70-b84e-cb4e620424d616-9-aspect-ratiodefault0.jpg\"   width=\"1024\" height=\"576\" loading=\"lazy\" decoding=\"async\" alt=\"Media Image\" fetchpriority=\"auto\" class=\"image ho-image\"\/>\u00a9 Telecinco<\/p>\n<p id=\"etEGex1pF74X\" data-wc=\"87\">El bailar\u00edn tambi\u00e9n quiso recordar los inicios de su camino con una tierna estampa de \u00abNuestro primer d\u00eda\u00bb, donde se les ve abraz\u00e1ndose con ilusi\u00f3n. Finalmente, \u00c1lvaro agradeci\u00f3 a sus seguidores por el apoyo incondicional: \u00abY a todos los que me hab\u00e9is apoyado en esta aventura, daros las gracias de coraz\u00f3n\u00bb. Y concluy\u00f3: \u00abCada palabra y cada mensaje me ha dejado la piel, el cuerpo y la mente en dar lo mejor de m\u00ed y en ser quien soy, sin filtro y a muerte con los m\u00edos\u00bb.<\/p>\n<p> <img src=\"https:\/\/www.europesays.com\/es\/wp-content\/uploads\/2025\/11\/8a539c0eb2a9-captura-de-pantalla-1075.png\"   width=\"1024\" height=\"572\" loading=\"lazy\" decoding=\"async\" alt=\"Media Image\" fetchpriority=\"auto\" class=\"image ho-image\"\/>\u00a9 Telecinco<\/p>\n<p id=\"eVq0EK_y-SG-\" data-wc=\"46\">Con la doble expulsi\u00f3n de Tania Medina y Blanca Romero, los finalistas de \u2018Bailando con las Estrellas\u2019 son <strong>Anabel Pantoja, Jorge Gonz\u00e1lez, Nona Sobo y Nerea Rodr\u00edguez<\/strong>. Ahora solo queda esperar a la Gran Final para ver qui\u00e9n de ellos se alza con el codiciado trofeo.<\/p>\n","protected":false},"excerpt":{"rendered":"La und\u00e9cima gala de Bailando con las Estrellas ha pasado a la historia como una de las m\u00e1s&hellip;\n","protected":false},"author":2,"featured_media":251368,"comment_status":"","ping_status":"","sticky":false,"template":"","format":"standard","meta":{"footnotes":""},"categories":[91],"tags":[517,4476,1269,146,147,25,24,23,692,807],"class_list":{"0":"post-251367","1":"post","2":"type-post","3":"status-publish","4":"format-standard","5":"has-post-thumbnail","7":"category-entretenimiento","8":"tag-actualidad","9":"tag-anabel-pantoja","10":"tag-blanca-romero","11":"tag-entertainment","12":"tag-entretenimiento","13":"tag-es","14":"tag-espana","15":"tag-spain","16":"tag-telecinco","17":"tag-television"},"share_on_mastodon":{"url":"https:\/\/pubeurope.com\/@es\/115599032778513903","error":""},"_links":{"self":[{"href":"https:\/\/www.europesays.com\/es\/wp-json\/wp\/v2\/posts\/251367","targetHints":{"allow":["GET"]}}],"collection":[{"href":"https:\/\/www.europesays.com\/es\/wp-json\/wp\/v2\/posts"}],"about":[{"href":"https:\/\/www.europesays.com\/es\/wp-json\/wp\/v2\/types\/post"}],"author":[{"embeddable":true,"href":"https:\/\/www.europesays.com\/es\/wp-json\/wp\/v2\/users\/2"}],"replies":[{"embeddable":true,"href":"https:\/\/www.europesays.com\/es\/wp-json\/wp\/v2\/comments?post=251367"}],"version-history":[{"count":0,"href":"https:\/\/www.europesays.com\/es\/wp-json\/wp\/v2\/posts\/251367\/revisions"}],"wp:featuredmedia":[{"embeddable":true,"href":"https:\/\/www.europesays.com\/es\/wp-json\/wp\/v2\/media\/251368"}],"wp:attachment":[{"href":"https:\/\/www.europesays.com\/es\/wp-json\/wp\/v2\/media?parent=251367"}],"wp:term":[{"taxonomy":"category","embeddable":true,"href":"https:\/\/www.europesays.com\/es\/wp-json\/wp\/v2\/categories?post=251367"},{"taxonomy":"post_tag","embeddable":true,"href":"https:\/\/www.europesays.com\/es\/wp-json\/wp\/v2\/tags?post=251367"}],"curies":[{"name":"wp","href":"https:\/\/api.w.org\/{rel}","templated":true}]}}