{"id":251377,"date":"2025-11-23T12:45:12","date_gmt":"2025-11-23T12:45:12","guid":{"rendered":"https:\/\/www.europesays.com\/es\/251377\/"},"modified":"2025-11-23T12:45:12","modified_gmt":"2025-11-23T12:45:12","slug":"es-un-tipo-divertido-siempre-tiene-mucho-que-decir-sobre-todo-para-alguien-que-rara-vez-asume-responsabilidades","status":"publish","type":"post","link":"https:\/\/www.europesays.com\/es\/251377\/","title":{"rendered":"Es un tipo divertido. Siempre tiene mucho que decir, sobre todo para alguien que rara vez asume responsabilidades"},"content":{"rendered":"<p data-gtm-element-container=\"modulo-texto-link\" class=\"paragraph\">Jornada agitada en Texas, donde los <strong>Dallas Mavericks<\/strong> recibieron esta pasada madrugada de s\u00e1bado a domingo a los <strong>Memphis Grizzlies<\/strong>, qui\u00e9nes se adjudicaron una apretada victoria por <strong>102-96\u00a0<\/strong>con 20 puntos de <strong>Santi Aldama<\/strong>.<\/p>\n<p data-gtm-element-container=\"modulo-texto-link\" class=\"paragraph\">Sin embargo, el choque entre rivales de la divisi\u00f3n Suroeste no estuvo libre de pol\u00e9micas y rifirrafes. Todo empez\u00f3 en una jugada del tercer cuarto y con 65-69 en el marcador, donde precisamente<strong> Santi Aldama<\/strong>, ala-p\u00edvot canario de los Grizzlies, se lanz\u00f3 a por un bal\u00f3n salvado por <strong>Cooper Flag<\/strong>g. Aun as\u00ed, el bal\u00f3n acab\u00f3 en manos de los Mavs, que sal\u00edan al contraataque.<\/p>\n<p>    Lee tambi\u00e9n<\/p>\n<blockquote class=\"twitter-tweet\" data-lang=\"es\"><p>\n<a href=\"https:\/\/twitter.com\/YahooSports\/status\/1992453296074916268\" rel=\"nofollow noopener\" target=\"_blank\">\n<\/p><\/blockquote>\n<blockquote class=\"twitter-tweet\" data-lang=\"es\"><p>\n<a href=\"https:\/\/twitter.com\/RonKnowsSports\/status\/1992430306591404445\" rel=\"nofollow noopener\" target=\"_blank\">\n<\/p><\/blockquote>\n<p data-gtm-element-container=\"modulo-texto-link\" class=\"paragraph\">Y aqu\u00ed se desencaden\u00f3 la trifulca. Tras caer al suelo, el espa\u00f1ol impidi\u00f3 avanzar al rookie de los Mavericks, a quien hizo tropezar y caer sobre el parqu\u00e9. Un incidente que hizo que los \u00e1rbitros detuvieran el juego, propiciando el enfado de Jason Kidd, entrenador de los Mavs. A su vez, <strong>Klay Thompson<\/strong> sal\u00eda a defender a su compa\u00f1ero recrimin\u00e1ndole la acci\u00f3n a Aldama, que tras una revisi\u00f3n, el equipo arbitral decret\u00f3 falta flagrante del jugador espa\u00f1ol de los Grizzlies.<\/p>\n<blockquote class=\"twitter-tweet\" data-lang=\"es\"><p>\n<a href=\"https:\/\/twitter.com\/TheHoopCentral\/status\/1992443684571533753\" rel=\"nofollow noopener\" target=\"_blank\">\n<\/p><\/blockquote>\n<p data-gtm-element-container=\"modulo-texto-link\" class=\"paragraph\">Pese a todo, eso no qued\u00f3 ah\u00ed, pues <strong>Klay Thompson<\/strong> tendr\u00eda otro enganch\u00f3n al final del partido una vez consumada la derrota de los <strong>Dallas Mavericks<\/strong> ante Memphis, aunque esta vez fue con otro jugador. Concretamente, con <strong>Ja Morant<\/strong>, que no jug\u00f3 por lesi\u00f3n y que fue a recriminarle algo al ex jugador de los Warriors, al que acab\u00f3 dici\u00e9ndole<strong> \u00aberes un imb\u00e9cil\u00bb<\/strong> (\u00abyou a bum now\u00bb).<\/p>\n<p data-gtm-element-container=\"modulo-texto-link\" class=\"paragraph\">A posteriori y a\u00fan en caliente, en la entrevista a pie de pista a <strong>Cam Spencer<\/strong>, autor de 17 puntos y 3-5 en triples para los Grizzlies, sali\u00f3 de nuevo a la palestra <strong>Ja Morant<\/strong> para darle m\u00e1s picante a su enganch\u00f3n con Thompson:<strong> \u00abDiles quien fue el mejor tirador de la casa. No fue el tipo de Golden State\u00bb<\/strong>, le dijo Morant a Spencer lanz\u00e1ndole un nuevo dardo a la leyenda de los Warriors.<\/p>\n<blockquote class=\"twitter-tweet\" data-lang=\"es\"><p>\n<a href=\"https:\/\/twitter.com\/BleacherReport\/status\/1992449575538373000\" rel=\"nofollow noopener\" target=\"_blank\">\n<\/p><\/blockquote>\n<p data-gtm-element-container=\"modulo-texto-link\" class=\"paragraph\">Tras el partido y ya en vestuarios, Thompson habl\u00f3 sobre los incidentes ante los medios de comunicaci\u00f3n presentes, y no se cort\u00f3 en absoluto. El veterano escolta, quien sali\u00f3 del banquillo y aport\u00f3 22 puntos, se acord\u00f3 del incidente con <strong>Santi Aldama<\/strong>, pero especialmente de <strong>Ja Morant<\/strong>, al que le solt\u00f3 un duro palo:<\/p>\n<p data-gtm-element-container=\"modulo-texto-link\" class=\"paragraph\">\u00ab<strong>Con el chico alto [Aldama], pens\u00e9: &#8216;Esto no est\u00e1 bien&#8217;. Los he visto hacer cosas sucias antes. <\/strong>Recuerdo que en los Playoffs de 2022 le rompieron el codo a mi compa\u00f1ero con un golpe sucio&#8230;<strong> No me gusta ver que le hagan eso a un novato. Eso no est\u00e1 bien&#8230; <\/strong>No hagas cosas sucias. Y con [Vince] Williams, mantuve la misma energ\u00eda, no paraba de re\u00edrme, pens\u00e9 que hab\u00eda hecho flopping cuando me enganch\u00e9 con \u00e9l\u00bb, dijo inicialmente.<\/p>\n<blockquote class=\"twitter-tweet\" data-lang=\"es\"><p>\n<a href=\"https:\/\/twitter.com\/noahweber00\/status\/1992464168482406908\" rel=\"nofollow noopener\" target=\"_blank\">\n<\/p><\/blockquote>\n<blockquote>\n<p>        \u00abEs curioso que hables por hablar cuando est\u00e1s en el banquillo. Ha sido pr\u00e1cticamente la historia completa de su carrera hasta ahora\u00bb<\/p>\n<p>            Klay Thompson sobre Ja Morant<\/p>\n<\/blockquote>\n<p data-gtm-element-container=\"modulo-texto-link\" class=\"paragraph\">\u00ab[Morant] <strong>Es un tipo divertido. Siempre tiene mucho que decir, especialmente para alguien que rara vez asume responsabilidades. Lleva mucho tiempo hablando. Es curioso que hables por hablar cuando est\u00e1s en el banquillo. Ha sido pr\u00e1cticamente la historia completa de su carrera hasta ahora<\/strong>\u00ab, zanj\u00f3 Thompson sobre Ja.<\/p>\n<p data-gtm-element-container=\"modulo-texto-link\" class=\"paragraph\">Finalmente, pese a todo lo sucedido, fueron los Grizzlies los que se llevaron un nuevo triunfo a casa, el segundo consecutivo tras apear con contundencia anteriormente a los Kings.<\/p>\n<p><script async src=\"https:\/\/platform.twitter.com\/widgets.js\" charset=\"utf-8\"><\/script><\/p>\n","protected":false},"excerpt":{"rendered":"Jornada agitada en Texas, donde los Dallas Mavericks recibieron esta pasada madrugada de s\u00e1bado a domingo a los&hellip;\n","protected":false},"author":2,"featured_media":251378,"comment_status":"","ping_status":"","sticky":false,"template":"","format":"standard","meta":{"footnotes":""},"categories":[269],"tags":[299,298,168,25,24,23,167],"class_list":{"0":"post-251377","1":"post","2":"type-post","3":"status-publish","4":"format-standard","5":"has-post-thumbnail","7":"category-baloncesto","8":"tag-baloncesto","9":"tag-basketball","10":"tag-deportes","11":"tag-es","12":"tag-espana","13":"tag-spain","14":"tag-sports"},"share_on_mastodon":{"url":"https:\/\/pubeurope.com\/@es\/115599083143862653","error":""},"_links":{"self":[{"href":"https:\/\/www.europesays.com\/es\/wp-json\/wp\/v2\/posts\/251377","targetHints":{"allow":["GET"]}}],"collection":[{"href":"https:\/\/www.europesays.com\/es\/wp-json\/wp\/v2\/posts"}],"about":[{"href":"https:\/\/www.europesays.com\/es\/wp-json\/wp\/v2\/types\/post"}],"author":[{"embeddable":true,"href":"https:\/\/www.europesays.com\/es\/wp-json\/wp\/v2\/users\/2"}],"replies":[{"embeddable":true,"href":"https:\/\/www.europesays.com\/es\/wp-json\/wp\/v2\/comments?post=251377"}],"version-history":[{"count":0,"href":"https:\/\/www.europesays.com\/es\/wp-json\/wp\/v2\/posts\/251377\/revisions"}],"wp:featuredmedia":[{"embeddable":true,"href":"https:\/\/www.europesays.com\/es\/wp-json\/wp\/v2\/media\/251378"}],"wp:attachment":[{"href":"https:\/\/www.europesays.com\/es\/wp-json\/wp\/v2\/media?parent=251377"}],"wp:term":[{"taxonomy":"category","embeddable":true,"href":"https:\/\/www.europesays.com\/es\/wp-json\/wp\/v2\/categories?post=251377"},{"taxonomy":"post_tag","embeddable":true,"href":"https:\/\/www.europesays.com\/es\/wp-json\/wp\/v2\/tags?post=251377"}],"curies":[{"name":"wp","href":"https:\/\/api.w.org\/{rel}","templated":true}]}}