{"id":251393,"date":"2025-11-23T12:55:11","date_gmt":"2025-11-23T12:55:11","guid":{"rendered":"https:\/\/www.europesays.com\/es\/251393\/"},"modified":"2025-11-23T12:55:11","modified_gmt":"2025-11-23T12:55:11","slug":"yo-me-quedo-contigo-para-siempre","status":"publish","type":"post","link":"https:\/\/www.europesays.com\/es\/251393\/","title":{"rendered":"\u00abYo me quedo contigo para siempre\u00bb"},"content":{"rendered":"<p style=\"\">Un a\u00f1o despu\u00e9s de vivir el momento m\u00e1s esperado de su vida, <a href=\"https:\/\/www.abc.es\/gente\/enesimo-reves-anabel-pantoja-parte-medico-pone-20251118133727-nt.html\" target=\"_self\" data-voc-vtm-id=\"in-text-traffic\" title=\"Anabel Pantoja\" data-mrf-link=\"www.abc.es\" rel=\"nofollow noopener\">Anabel Pantoja<\/a> vuelve a emocionarse. Este 23 de noviembre, la sobrina de Isabel Pantoja celebra el primer cumplea\u00f1os de su hija, motivo por el cual ha compartido con sus seguidores una publicaci\u00f3n  &#8230; muy especial, cargada de recuerdos, agradecimiento y un mensaje que ha tocado el coraz\u00f3n de muchos. <\/p>\n<p class=\"voc-p\" style=\"\">El inicio de la maternidad no fue sencillo. Cuando la menor ten\u00eda apenas mes y medio, fue ingresada en la UCI pedi\u00e1trica del Hospital Materno Infantil de Gran Canaria. Las lesiones que presentaba activaron el protocolo de malos tratos y tanto Anabel como su pareja, <a href=\"https:\/\/www.abc.es\/espana\/andalucia\/cordoba\/david-rodriguez-novio-anabel-pantoja-cordobes-padre-alma-20250130125849-nts.html\" target=\"_self\" data-voc-vtm-id=\"in-text-traffic\" title=\"David Rodr\u00edguez\" data-mrf-link=\"www.abc.es\" rel=\"nofollow noopener\">David Rodr\u00edguez<\/a>, fueron investigados por un presunto delito. La pareja guard\u00f3 silencio entonces, centrada \u00fanicamente en la salud de su hija.<\/p>\n<p class=\"voc-p\" style=\"\">Finalmente, la justicia archiv\u00f3 provisionalmente el caso \u2014una decisi\u00f3n que se har\u00e1 definitiva en cinco a\u00f1os\u2014 y dej\u00f3 claro que <strong>no exist\u00eda negligencia<\/strong> por parte de los padres. Desde el alta de la peque\u00f1a el 27 de enero, la familia recuper\u00f3 progresivamente la normalidad. La pesadilla qued\u00f3 atr\u00e1s y, desde entonces, Anabel ha optado por proteger al m\u00e1ximo la intimidad de su hija, sin mostrar nunca su rostro en redes.<\/p>\n<p class=\"voc-p\" style=\"\">Ahora, instaladas temporalmente en Madrid por la participaci\u00f3n de la colaboradora en &#8216;Bailando con las estrellas&#8217;, madre e hija disfrutan de una etapa m\u00e1s tranquila.<\/p>\n<p>\nEl tierno mensaje que ha emocionado a sus seguidores\n<\/p>\n<p class=\"voc-p\" style=\"\">Para celebrar este primer cumplea\u00f1os, Anabel ha publicado un v\u00eddeo en el que recopila im\u00e1genes in\u00e9ditas: desde la \u00faltima ecograf\u00eda hasta momentos recientes, pasando por viajes, juegos en la playa y escenas familiares.\u00abHace 1 a\u00f1o, estabas dentro de m\u00ed, empezaste a formar todo tu cuerpecito ah\u00ed, tu coraz\u00f3n lat\u00eda desde dentro, yo lo sent\u00eda y es tan alucinante \u2026 La vida. Feliz cumplea\u00f1os, princesa\u00bb, escribi\u00f3 junto a la publicaci\u00f3n. <\/p>\n<p class=\"voc-p\" style=\"\">En el v\u00eddeo, se puede o\u00edr a la influencer leyendo un mensaje que ha conmovido a todos: \u00abJusto dentro de m\u00ed, en mi barriga, hace un a\u00f1o. \u00a1Es que no me lo puedo creer! \u00a1C\u00f3mo pasa el tiempo! Te lo cuentan, pero hasta que no lo vives, no sabes lo que es\u00bb, se puede o\u00edr. \u00abPues s\u00ed, Alma, naciste al lado del mar. En una isla preciosa que es nuestro hogar y nuestra casa\u2026 Eso s\u00ed, tienes sangre sevillana y sangre cordobesa y vas a vivir todo lo que hemos vivido papi y yo. Nuestro Roc\u00edo, nuestras tradiciones&#8230; sobre todo, la Semana Santa en Sevilla y C\u00f3rdoba con papi, que le encanta\u00bb, contin\u00faa. <\/p>\n<p class=\"voc-p\" style=\"\">Entre risas y ternura, confiesa que la peque\u00f1a ha heredado su pasi\u00f3n por la playa: \u00abEres una loca de la playa, como tu madre. Te encanta chapotear\u00bb, y a\u00f1ade que quiere ense\u00f1arle a amar y proteger el oc\u00e9ano. \u00abYo me quedo contigo para siempre. Te quiero much\u00edsimo, mi vida. Gracias por dejarme ser tan feliz a tu lado\u00bb, asegura entre l\u00e1grimas.<\/p>\n<p>\nUn d\u00eda para celebrar\n<\/p>\n<p class=\"voc-p\" style=\"\">Despu\u00e9s de un a\u00f1o tan intenso, Anabel y David disfrutan viendo c\u00f3mo su ni\u00f1a comienza a dar sus primeros pasos, algo que la influencer vive con humor: \u00abAhora que est\u00e1s aprendiendo a andar <strong>me tienes el lumbago perdido<\/strong>, pero nos da igual. Estamos deseando verte correr\u00bb.<\/p>\n<p class=\"voc-p\" style=\"\">Hoy, la familia celebra la vida, la superaci\u00f3n y la felicidad que la peque\u00f1a ha tra\u00eddo consigo. Sin rencores, sin explicaciones pendientes y con un mensaje claro: su hija es, y seguir\u00e1 siendo, el motor de la vida de Anabel. \u00ab<strong>Feliz cumplea\u00f1os mi vida<\/strong>, eres la mejor. Te queremos\u00bb, concluye.<\/p>\n","protected":false},"excerpt":{"rendered":"Un a\u00f1o despu\u00e9s de vivir el momento m\u00e1s esperado de su vida, Anabel Pantoja vuelve a emocionarse. Este&hellip;\n","protected":false},"author":2,"featured_media":251394,"comment_status":"","ping_status":"","sticky":false,"template":"","format":"standard","meta":{"footnotes":""},"categories":[91],"tags":[11306,63654,63655,6996,146,147,25,24,3983,8079,10878,977,5584,369,23],"class_list":{"0":"post-251393","1":"post","2":"type-post","3":"status-publish","4":"format-standard","5":"has-post-thumbnail","7":"category-entretenimiento","8":"tag-anabel","9":"tag-conmovedor","10":"tag-contigo","11":"tag-cumpleanos","12":"tag-entertainment","13":"tag-entretenimiento","14":"tag-es","15":"tag-espana","16":"tag-hija","17":"tag-mensaje","18":"tag-pantoja","19":"tag-primer","20":"tag-quedo","21":"tag-siempre","22":"tag-spain"},"share_on_mastodon":{"url":"https:\/\/pubeurope.com\/@es\/115599122462941595","error":""},"_links":{"self":[{"href":"https:\/\/www.europesays.com\/es\/wp-json\/wp\/v2\/posts\/251393","targetHints":{"allow":["GET"]}}],"collection":[{"href":"https:\/\/www.europesays.com\/es\/wp-json\/wp\/v2\/posts"}],"about":[{"href":"https:\/\/www.europesays.com\/es\/wp-json\/wp\/v2\/types\/post"}],"author":[{"embeddable":true,"href":"https:\/\/www.europesays.com\/es\/wp-json\/wp\/v2\/users\/2"}],"replies":[{"embeddable":true,"href":"https:\/\/www.europesays.com\/es\/wp-json\/wp\/v2\/comments?post=251393"}],"version-history":[{"count":0,"href":"https:\/\/www.europesays.com\/es\/wp-json\/wp\/v2\/posts\/251393\/revisions"}],"wp:featuredmedia":[{"embeddable":true,"href":"https:\/\/www.europesays.com\/es\/wp-json\/wp\/v2\/media\/251394"}],"wp:attachment":[{"href":"https:\/\/www.europesays.com\/es\/wp-json\/wp\/v2\/media?parent=251393"}],"wp:term":[{"taxonomy":"category","embeddable":true,"href":"https:\/\/www.europesays.com\/es\/wp-json\/wp\/v2\/categories?post=251393"},{"taxonomy":"post_tag","embeddable":true,"href":"https:\/\/www.europesays.com\/es\/wp-json\/wp\/v2\/tags?post=251393"}],"curies":[{"name":"wp","href":"https:\/\/api.w.org\/{rel}","templated":true}]}}