{"id":251405,"date":"2025-11-23T13:08:12","date_gmt":"2025-11-23T13:08:12","guid":{"rendered":"https:\/\/www.europesays.com\/es\/251405\/"},"modified":"2025-11-23T13:08:12","modified_gmt":"2025-11-23T13:08:12","slug":"el-cob-quiere-la-victoria-como-visitante-ante-el-tizona-minuto-a-minuto","status":"publish","type":"post","link":"https:\/\/www.europesays.com\/es\/251405\/","title":{"rendered":"El COB quiere la victoria como visitante ante el Tizona, minuto a minuto"},"content":{"rendered":"<p>                                                <img decoding=\"async\" loading=\"lazy\" src=\"https:\/\/www.europesays.com\/es\/wp-content\/uploads\/2025\/11\/e7f8e9ff-67c7-46f3-98ea-f567b54872df_source-aspect-ratio_1600w_0.jpg\" alt=\"Okanu lanza a canasta.\" title=\"Okanu lanza a canasta.\" height=\"900\" width=\"1600\"\/><\/p>\n<p>    Okanu lanza a canasta.<\/p>\n<p class=\"paragraph-atom &#10;        B-500-500-700-N B-600-500-700-N--md  \">El<a href=\"https:\/\/www.laregion.es\/temas\/cob\/\" rel=\"nofollow noopener\" target=\"_blank\"><strong> COB<\/strong><\/a><strong> quiere la victoria ante el Tizona<\/strong> fuera del Pazo Paco Paz. Los de Moncho L\u00f3pez disputan su tercera partido consecutivo fuera de casa y necesitan sumas como visitantes, una situaci\u00f3n que le est\u00e1 costando en este temporada.<\/p>\n<p class=\"paragraph-atom &#10;        B-500-500-700-N B-600-500-700-N--md  \"><strong>Delante el Tizona que marcha en parte baja de la clasificaci\u00f3n<\/strong> y necesita ganar ante su p\u00fablico para sumar y subir puestos en la clasificaci\u00f3n general.<\/p>\n<p class=\"paragraph-atom &#10;        B-500-500-700-N B-600-500-700-N--md  \">Puedes seguir el partido <strong>minuto a minuto a trav\u00e9s de La Regi\u00f3n desde las 12:00 horas.<\/strong><\/p>\n<p class=\"title-text-atom   &#10;    &#10;    A-500-700-500-N&#10;    A-600-700-500-N--md&#10;    \">\n    Temas relacionados\n    <\/p>\n","protected":false},"excerpt":{"rendered":"Okanu lanza a canasta. El COB quiere la victoria ante el Tizona fuera del Pazo Paco Paz. Los&hellip;\n","protected":false},"author":2,"featured_media":251406,"comment_status":"","ping_status":"","sticky":false,"template":"","format":"standard","meta":{"footnotes":""},"categories":[269],"tags":[299,298,22068,168,2125,25,24,2615,23,167,1261,43614],"class_list":{"0":"post-251405","1":"post","2":"type-post","3":"status-publish","4":"format-standard","5":"has-post-thumbnail","7":"category-baloncesto","8":"tag-baloncesto","9":"tag-basketball","10":"tag-cob","11":"tag-deportes","12":"tag-directo","13":"tag-es","14":"tag-espana","15":"tag-quiere","16":"tag-spain","17":"tag-sports","18":"tag-victoria","19":"tag-visitante"},"share_on_mastodon":{"url":"https:\/\/pubeurope.com\/@es\/115599173952907259","error":""},"_links":{"self":[{"href":"https:\/\/www.europesays.com\/es\/wp-json\/wp\/v2\/posts\/251405","targetHints":{"allow":["GET"]}}],"collection":[{"href":"https:\/\/www.europesays.com\/es\/wp-json\/wp\/v2\/posts"}],"about":[{"href":"https:\/\/www.europesays.com\/es\/wp-json\/wp\/v2\/types\/post"}],"author":[{"embeddable":true,"href":"https:\/\/www.europesays.com\/es\/wp-json\/wp\/v2\/users\/2"}],"replies":[{"embeddable":true,"href":"https:\/\/www.europesays.com\/es\/wp-json\/wp\/v2\/comments?post=251405"}],"version-history":[{"count":0,"href":"https:\/\/www.europesays.com\/es\/wp-json\/wp\/v2\/posts\/251405\/revisions"}],"wp:featuredmedia":[{"embeddable":true,"href":"https:\/\/www.europesays.com\/es\/wp-json\/wp\/v2\/media\/251406"}],"wp:attachment":[{"href":"https:\/\/www.europesays.com\/es\/wp-json\/wp\/v2\/media?parent=251405"}],"wp:term":[{"taxonomy":"category","embeddable":true,"href":"https:\/\/www.europesays.com\/es\/wp-json\/wp\/v2\/categories?post=251405"},{"taxonomy":"post_tag","embeddable":true,"href":"https:\/\/www.europesays.com\/es\/wp-json\/wp\/v2\/tags?post=251405"}],"curies":[{"name":"wp","href":"https:\/\/api.w.org\/{rel}","templated":true}]}}