{"id":251408,"date":"2025-11-23T13:10:13","date_gmt":"2025-11-23T13:10:13","guid":{"rendered":"https:\/\/www.europesays.com\/es\/251408\/"},"modified":"2025-11-23T13:10:13","modified_gmt":"2025-11-23T13:10:13","slug":"el-emotivo-discurso-de-felipe-vi-el-reencuentro-entre-primos-y-caras-de-la-realeza-mundial-todos-los-detalles-de-la-comida-en-el-pardo","status":"publish","type":"post","link":"https:\/\/www.europesays.com\/es\/251408\/","title":{"rendered":"El emotivo discurso de Felipe VI, el reencuentro entre primos y caras de la realeza mundial: todos los detalles de la comida en El Pardo"},"content":{"rendered":"<p><img alt=\"La Infanta Sof\u00eda, la Princesa\" class=\"global-image\" decoding=\"async\" fetchpriority=\"high\" height=\"3107\" loading=\"eager\" src=\"https:\/\/www.europesays.com\/es\/wp-content\/uploads\/2025\/11\/QYAOB5FC35HJVOFLSTJOUO4H64.jpg\" width=\"4658\"\/>La Infanta Sof\u00eda, la Princesa Leonor, la Reina Letizia y el Rey Felipe a su llegada al Palacio El Pardo, a 22 de noviembre de 2025, en Madrid (Espa\u00f1a). (Antonio Guti\u00e9rrez \/ Europa Press).<\/p>\n<p class=\"paragraph\">Siete a\u00f1os despu\u00e9s de la \u00faltima fotograf\u00eda conjunta de los ocho nietos de don Juan Carlos y do\u00f1a Sof\u00eda \u2014aquel posado frente a Zarzuela en noviembre de 2017\u2014 <a href=\"https:\/\/www.infobae.com\/espana\/2025\/11\/22\/las-imagenes-del-esperado-reencuentro-de-los-reyes-felipe-vi-y-letizia-y-juan-carlos-i-la-llegada-de-la-familia-real-a-el-pardo\/\" target=\"_blank\" rel=\"noreferrer nofollow noopener\" title=\"https:\/\/www.infobae.com\/espana\/2025\/11\/22\/las-imagenes-del-esperado-reencuentro-de-los-reyes-felipe-vi-y-letizia-y-juan-carlos-i-la-llegada-de-la-familia-real-a-el-pardo\/\">la familia volvi\u00f3 a verse este s\u00e1bado<\/a>, esta vez sin c\u00e1maras ni protocolo, en un almuerzo privado celebrado en el Palacio de El Pardo. Aunque no se difundieron im\u00e1genes, el encuentro ten\u00eda una relevancia que traspasaba lo meramente familiar: formaba parte del fin de semana de celebraciones por <b>el Tois\u00f3n de Oro concedido a la reina Sof\u00eda<\/b> y coincid\u00eda con la tormenta medi\u00e1tica generada por las memorias del rey em\u00e9rito, que ver\u00e1n la luz en nuestro pa\u00eds a principios de diciembre. <\/p>\n<p class=\"paragraph\">Desde primera hora de la ma\u00f1ana se intu\u00eda que no se trataba de una reuni\u00f3n cualquiera. El padre de Felipe VI <b>aterrizaba en Madrid desde Abu Dabi<\/b> con la intenci\u00f3n expresa de estar presente <a href=\"https:\/\/www.infobae.com\/espana\/2025\/11\/22\/la-infanta-elena-celebra-el-toison-de-oro-de-la-reina-sofia-su-intima-velada-con-su-madre-en-zarzuela\/\" target=\"_blank\" rel=\"noreferrer nofollow noopener\" title=\"https:\/\/www.infobae.com\/espana\/2025\/11\/22\/la-infanta-elena-celebra-el-toison-de-oro-de-la-reina-sofia-su-intima-velada-con-su-madre-en-zarzuela\/\">en el homenaje a su esposa. <\/a>Su llegada al Palacio de El Pardo, la primera de la jornada, gener\u00f3 comprensible inter\u00e9s: leve saludo, gesto serio y un acceso r\u00e1pido al recinto.<\/p>\n<p class=\"paragraph\">Tras \u00e9l fueron desfilando distintos familiares: la infanta Elena junto a Froil\u00e1n, la reina Sof\u00eda acompa\u00f1ada por la infanta Cristina, <a href=\"https:\/\/www.infobae.com\/espana\/2025\/11\/22\/todo-lo-que-se-sabe-de-la-comida-familiar-con-el-rey-juan-carlos-i-por-el-50-aniversario-de-la-monarquia-se-va-a-sentar-va-a-comer-algo-rapido-y-se-va-a-largar\/\" target=\"_blank\" rel=\"noreferrer nofollow noopener\" title=\"https:\/\/www.infobae.com\/espana\/2025\/11\/22\/todo-lo-que-se-sabe-de-la-comida-familiar-con-el-rey-juan-carlos-i-por-el-50-aniversario-de-la-monarquia-se-va-a-sentar-va-a-comer-algo-rapido-y-se-va-a-largar\/\">varios miembros de la rama griega<\/a> \u2014entre ellos Ana Mar\u00eda y Pablo de Grecia con Marie-Chantal\u2014 y representantes del entorno G\u00f3mez-Acebo. El goteo continu\u00f3 hasta que, ya casi al final, aparecieron los reyes con Leonor y Sof\u00eda en el coche oficial, ventana bajada y sonrisas para los curiosos.<\/p>\n<p><img alt=\"El Rey Juan Carlos abandona\" class=\"global-image\" decoding=\"async\" fetchpriority=\"low\" height=\"4000\" loading=\"lazy\" src=\"https:\/\/www.europesays.com\/es\/wp-content\/uploads\/2025\/11\/27DDCJV4XBCC7GSWQHQPCKVJM4.jpg\" width=\"6000\"\/>El Rey Juan Carlos abandona el palacio El Pardo tras la reuni\u00f3n familiar, a 22 de noviembre de 2025, en Madrid (Espa\u00f1a). (Jos\u00e9 Ruiz \/ Europa Press).<\/p>\n<p class=\"paragraph\">Si hab\u00eda un punto de atenci\u00f3n especial era ese: <b>los ocho nietos juntos<\/b>, despu\u00e9s de a\u00f1os en los que sus caminos se han separado por estudios, trabajos y residencias en distintos pa\u00edses. Leonor, instalada este curso en la Academia General del Aire en Murcia; la infanta Sof\u00eda, inmersa en sus estudios universitarios en Lisboa; Juan en Londres, Irene en Oxford, Froil\u00e1n en Abu Dabi, Pablo asentado en Barcelona y Miguel de vuelta en Madrid tras su formaci\u00f3n en Southampton. Un mosaico geogr\u00e1fico que hace dif\u00edcil coincidir siquiera un fin de semana.<\/p>\n<p class=\"paragraph\">Aun as\u00ed, la convocatoria surti\u00f3 efecto. <b>La mayor\u00eda lleg\u00f3 en un mismo veh\u00edculo,<\/b> entre bromas y complicidad, con el hijo mayor de la infanta Elena uni\u00e9ndose despu\u00e9s. Victoria Federica, fiel a su est\u00e9tica personal, opt\u00f3 por un estilismo vibrante en tonos magenta y azul oscuro; Irene aparec\u00eda con una combinaci\u00f3n en rojo y l\u00ednea juvenil; las hermanas Borb\u00f3n Ortiz apostaban, cada una a su estilo, por looks discretos y pulidos. La escena, a pesar de no ser fotografiada de manera oficial, dej\u00f3 la impresi\u00f3n de que el v\u00ednculo entre ellos sigue intacto.<\/p>\n<p><img alt=\"Juan Urdangarin, Victoria Federica, Irene\" class=\"global-image\" decoding=\"async\" fetchpriority=\"low\" height=\"1516\" loading=\"lazy\" src=\"https:\/\/www.europesays.com\/es\/wp-content\/uploads\/2025\/11\/4FQTPWWUHZHLNJNSDIBEVBZCTQ.jpg\" width=\"2274\"\/>Juan Urdangarin, Victoria Federica, Irene Urdangarin, Pablo Urdangarin y Miguel Urdangarin a su llegada al Palacio El Pardo, a 22 de noviembre de 2025, en Madrid (Espa\u00f1a).<br \/>\n(Jos\u00e9 Ruiz \/ Europa Press).<\/p>\n<p class=\"paragraph\">El almuerzo no pod\u00eda desligarse del contexto en el que se produc\u00eda. Apenas 24 horas antes, Felipe VI hab\u00eda impuesto el Tois\u00f3n de Oro a su madre, en un acto solemne en el Palacio Real al que no acudieron ni Elena ni Cristina. Tampoco pod\u00eda ignorarse<b> la publicaci\u00f3n de <\/b><b>Reconciliaci\u00f3n<\/b>, <a href=\"https:\/\/www.infobae.com\/espana\/2025\/11\/08\/juan-carlos-i-recuerda-el-motivo-del-nombre-de-la-infanta-elena-se-lo-puse-por-un-amor-imposible\/\" target=\"_blank\" rel=\"noreferrer nofollow noopener\" title=\"https:\/\/www.infobae.com\/espana\/2025\/11\/08\/juan-carlos-i-recuerda-el-motivo-del-nombre-de-la-infanta-elena-se-lo-puse-por-un-amor-imposible\/\">el libro en el que don Juan Carlos <\/a>se explaya sobre sus desencuentros familiares, la marcha a Abu Dabi y episodios clave de su reinado. Esa tensi\u00f3n previa convirti\u00f3 la comida en una especie de pausa pactada: un momento en el que todos deb\u00edan compartir mesa, conversaci\u00f3n y sobremesa durante varias horas. <\/p>\n<p class=\"paragraph\">Una vez concluido el c\u00f3ctel inicial en el sal\u00f3n de los Austrias, los invitados pasaron a un men\u00fa discreto de dos platos y postre. Durante la comida, la reina Letizia permaneci\u00f3 pr\u00e1cticamente todo el tiempo cerca de Leonor y Sof\u00eda. \u201cPersonas que estaban en el interior me cuentan que do\u00f1a Letizia <b>no se separaba de sus hijas,<\/b> que la princesa y la infanta estaban de manera permanente con ella, y todo el mundo se ha acercado a saludarlas\u00bb, explicaba en Fiesta Alejandro Entrampasaguas. <\/p>\n<p><img alt=\"Juan Urdangarin, Victoria Federica, Irene\" class=\"global-image\" decoding=\"async\" fetchpriority=\"low\" height=\"3275\" loading=\"lazy\" src=\"https:\/\/www.europesays.com\/es\/wp-content\/uploads\/2025\/11\/WIL7XZNNOJEDPJILXZSJ5KJHSU.jpg\" width=\"4910\"\/>Juan Urdangarin, Victoria Federica, Irene Urdangarin, Pablo Urdangarin y Miguel Urdangarin a su llegada al Palacio El Pardo, a 22 de noviembre de 2025, en Madrid (Espa\u00f1a). (Jos\u00e9 Ruiz \/ Europa Press).<\/p>\n<p class=\"paragraph\">Fue precisamente durante el postre cuando Felipe VI tom\u00f3 la palabra. Con brevedad, pero visiblemente emocionado,<b> dedic\u00f3 unas palabras a sus padres<\/b>. En ese breve discurso mezcl\u00f3 recuerdos familiares e ideas institucionales, agradeciendo a la reina Sof\u00eda su medio siglo de compromiso con la Corona. Tambi\u00e9n dirigi\u00f3 unas frases a su padre, lo que provoc\u00f3 una reacci\u00f3n sincera tanto en don Juan Carlos como en la Em\u00e9rita.<\/p>\n<p class=\"paragraph\">Parad\u00f3jicamente, uno de los detalles m\u00e1s comentados no sucedi\u00f3 durante la comida, sino a la salida. Aunque los reyes hab\u00edan llegado juntos con sus hijas, fue <b>Felipe VI quien abandon\u00f3 el recinto en solitario.<\/b> No se sabe c\u00f3mo salieron Letizia, Leonor y Sof\u00eda, lo que ha alimentado el misterio. El gesto, sin embargo, devolv\u00eda de alg\u00fan modo cierta ortodoxia al protocolo, que recomienda que monarca y heredera no compartan veh\u00edculo.<\/p>\n<p><img alt=\"Victoria Federica, la reina Sof\u00eda\" class=\"global-image\" decoding=\"async\" fetchpriority=\"low\" height=\"3648\" loading=\"lazy\" src=\"https:\/\/www.europesays.com\/es\/wp-content\/uploads\/2025\/11\/HFSN3JHCN5GRLHBEDPMY5BN4LQ.jpg\" width=\"5472\"\/>Victoria Federica, la reina Sof\u00eda e Irene Urdangarin abandonan el almuerzo familiar en El Pardo. (Jos\u00e9 Ruiz \/ Europa Press).<\/p>\n<p class=\"paragraph\">Otro momento que llam\u00f3 la atenci\u00f3n ocurri\u00f3 cuando la reina Sof\u00eda dej\u00f3 el palacio despu\u00e9s de la sobremesa. Si hab\u00eda entrado acompa\u00f1ada por la infanta Cristina, a la salida fueron sus nietas \u2014Irene y Victoria Federica\u2014 quienes ocuparon los asientos m\u00e1s cercanos a ella. Una imagen sencilla, casi dom\u00e9stica, pero que transmit\u00eda cercan\u00eda y cuidado hacia la figura que<a href=\"https:\/\/www.infobae.com\/espana\/2025\/11\/21\/el-discurso-de-felipe-vi-en-la-imposicion-del-toison-de-oro-a-la-reina-sofia-agradecimiento-a-su-madre-y-una-sola-mencion-al-rey-juan-carlos\/\" target=\"_blank\" rel=\"noreferrer nofollow noopener\" title=\"https:\/\/www.infobae.com\/espana\/2025\/11\/21\/el-discurso-de-felipe-vi-en-la-imposicion-del-toison-de-oro-a-la-reina-sofia-agradecimiento-a-su-madre-y-una-sola-mencion-al-rey-juan-carlos\/\"> centraba la celebraci\u00f3n familiar.<\/a><\/p>\n<p class=\"paragraph\">Adem\u00e1s del n\u00facleo m\u00e1s conocido, hubo otras presencias destacadas que reforzaron la idea de reuni\u00f3n amplia: <b>Ana de Orleans, Teresa de Borb\u00f3n-Dos Sicilias, los pr\u00edncipes Pablo y Marie-Chantal, Kubrat de Bulgaria<\/b> \u2014que llam\u00f3 la atenci\u00f3n al llegar en un deportivo\u2014 o <a href=\"https:\/\/www.infobae.com\/espana\/2025\/11\/21\/el-discreto-guino-de-la-reina-sofia-a-su-hijo-felipe-vi-con-el-que-celebra-su-figura-como-rey\/\" target=\"_blank\" rel=\"noreferrer nofollow noopener\" title=\"https:\/\/www.infobae.com\/espana\/2025\/11\/21\/el-discreto-guino-de-la-reina-sofia-a-su-hijo-felipe-vi-con-el-que-celebra-su-figura-como-rey\/\">familiares muy vinculados al em\u00e9rito<\/a>, como <b>Simoneta G\u00f3mez-Acebo o Mar\u00eda Zurita<\/b>. La representaci\u00f3n helena, cercana de manera tradicional a la reina Sof\u00eda, fue especialmente visible.<\/p>\n<p><img alt=\"Nicol\u00e1s de Grecia y varios\" class=\"global-image\" decoding=\"async\" fetchpriority=\"low\" height=\"2731\" loading=\"lazy\" src=\"https:\/\/www.europesays.com\/es\/wp-content\/uploads\/2025\/11\/BJVHA7OASVHMVN35XYY2AAJTNI.jpg\" width=\"4094\"\/>Nicol\u00e1s de Grecia y varios invitados abandonan el palacio El Pardo tras la reuni\u00f3n familiar, a 22 de noviembre de 2025, en Madrid (Espa\u00f1a). (Jos\u00e9 Ruiz \/ Europa Press).<\/p>\n","protected":false},"excerpt":{"rendered":"La Infanta Sof\u00eda, la Princesa Leonor, la Reina Letizia y el Rey Felipe a su llegada al Palacio&hellip;\n","protected":false},"author":2,"featured_media":251409,"comment_status":"","ping_status":"","sticky":false,"template":"","format":"standard","meta":{"footnotes":""},"categories":[174],"tags":[50363,9395,255,63661,146,147,25,24,256,1026,6041,811,1027,63662,55142,23],"class_list":{"0":"post-251408","1":"post","2":"type-post","3":"status-publish","4":"format-standard","5":"has-post-thumbnail","7":"category-famosos","8":"tag-antonio-gutierrez","9":"tag-category_code_sho","10":"tag-celebrities","11":"tag-el-pardo","12":"tag-entertainment","13":"tag-entretenimiento","14":"tag-es","15":"tag-espana","16":"tag-famosos","17":"tag-infanta-sofia","18":"tag-monarquia","19":"tag-princesa-leonor","20":"tag-realeza","21":"tag-reina-letizia-de-espana","22":"tag-rey-felipe-de-espana","23":"tag-spain"},"share_on_mastodon":{"url":"https:\/\/pubeurope.com\/@es\/115599182438168880","error":""},"_links":{"self":[{"href":"https:\/\/www.europesays.com\/es\/wp-json\/wp\/v2\/posts\/251408","targetHints":{"allow":["GET"]}}],"collection":[{"href":"https:\/\/www.europesays.com\/es\/wp-json\/wp\/v2\/posts"}],"about":[{"href":"https:\/\/www.europesays.com\/es\/wp-json\/wp\/v2\/types\/post"}],"author":[{"embeddable":true,"href":"https:\/\/www.europesays.com\/es\/wp-json\/wp\/v2\/users\/2"}],"replies":[{"embeddable":true,"href":"https:\/\/www.europesays.com\/es\/wp-json\/wp\/v2\/comments?post=251408"}],"version-history":[{"count":0,"href":"https:\/\/www.europesays.com\/es\/wp-json\/wp\/v2\/posts\/251408\/revisions"}],"wp:featuredmedia":[{"embeddable":true,"href":"https:\/\/www.europesays.com\/es\/wp-json\/wp\/v2\/media\/251409"}],"wp:attachment":[{"href":"https:\/\/www.europesays.com\/es\/wp-json\/wp\/v2\/media?parent=251408"}],"wp:term":[{"taxonomy":"category","embeddable":true,"href":"https:\/\/www.europesays.com\/es\/wp-json\/wp\/v2\/categories?post=251408"},{"taxonomy":"post_tag","embeddable":true,"href":"https:\/\/www.europesays.com\/es\/wp-json\/wp\/v2\/tags?post=251408"}],"curies":[{"name":"wp","href":"https:\/\/api.w.org\/{rel}","templated":true}]}}