{"id":251410,"date":"2025-11-23T13:13:12","date_gmt":"2025-11-23T13:13:12","guid":{"rendered":"https:\/\/www.europesays.com\/es\/251410\/"},"modified":"2025-11-23T13:13:12","modified_gmt":"2025-11-23T13:13:12","slug":"andres-se-marcha-de-casa-en-busca-de-pruebas-para-desenmascarar-a-gabriel","status":"publish","type":"post","link":"https:\/\/www.europesays.com\/es\/251410\/","title":{"rendered":"Andr\u00e9s se marcha de casa en busca de pruebas para desenmascarar a Gabriel"},"content":{"rendered":"<p>La pr\u00f3xima semana en Sue\u00f1os de libertad&#8230;<\/p>\n<p><b>Andr\u00e9s <\/b>no llega a tiempo de impedir<b><a title=\" la boda entre Bego\u00f1a y Gabriel.\" href=\"https:\/\/www.antena3.com\/series\/suenos-de-libertad\/begona-pide-gabriel-adelantar-boda-unico-que-necesito-ser-mujer_20251120691f38b8eba8bc0ece0b19a2.html\" target=\"_blank\" rel=\"nofollow noopener\"> la boda entre Bego\u00f1a y Gabriel.<\/a><\/b> El joven, hundido, decide poner tierra de por medio y se marcha a Tenerife para tratar de encontrar las pruebas que necesita y desemascarar a Gabriel \u00a1No va a parar hasta conseguirlo! \u00bfDescubrir\u00e1 algo que puede desemarcararle?<\/p>\n<p><img loading=\"lazy\" decoding=\"async\" title=\"Bego\u00f1a y Gabriel en el Cap\u00edtulo 441 de Sue\u00f1os de Libertad\" alt=\"Bego\u00f1a y Gabriel en el Cap\u00edtulo 441 de Sue\u00f1os de Libertad\" width=\"480\" height=\"270\" src=\"https:\/\/www.europesays.com\/es\/wp-content\/uploads\/2025\/11\/begona-gabriel-capitulo-441-suenos-libertad_70.jpg\"\/> Bego\u00f1a y Gabriel en el Cap\u00edtulo 441 de Sue\u00f1os de Libertad | Manu Fiestas <\/p>\n<p>El joven se marchar\u00e1 a<b> Tenerife <\/b>y all\u00ed visitar\u00e1 a<b> Delia, la madre de Gabriel<\/b> en una residencia despu\u00e9s de que el detective le cuente al De la Reina que la mujer est\u00e1 viva. Andr\u00e9s hablar\u00e1 con ella y se presentar\u00e1 ante ella con un nombre falso:<b>Enrique Villa.<\/b><\/p>\n<p>Mientras, <b>Bego\u00f1a <\/b>se sentir\u00e1 culpable por haber adelantado la boda y haber forzado <b>la marcha de Andr\u00e9s. <\/b><\/p>\n<p><img loading=\"lazy\" decoding=\"async\" title=\"Andr\u00e9s y la madre de Gabriel en el Cap\u00edtulo 441 de Sue\u00f1os de Libertad\" alt=\"Andr\u00e9s y la madre de Gabriel en el Cap\u00edtulo 441 de Sue\u00f1os de Libertad\" width=\"480\" height=\"270\" src=\"https:\/\/www.europesays.com\/es\/wp-content\/uploads\/2025\/11\/andres-capitulo-441-suenos-libertad_70.jpg\"\/> Andr\u00e9s y la madre de Gabriel en el Cap\u00edtulo 441 de Sue\u00f1os de Libertad | Manu Fiestas <\/p>\n<p>Por otro lado, <b>Cloe<\/b> propondr\u00e1 a <b>Marta<\/b> trabajar juntas para llegar a un acuerdo en la creaci\u00f3n de los <b>nuevos uniformes <\/b>y en la campa\u00f1a del perfume que conmemora la fusi\u00f3n de las dos empresas. Ambas enterrar\u00e1n el hacha de guerra y tendr\u00e1n un acercamiento. <b>\u00a1La conexi\u00f3n entre ambas ser\u00e1 m\u00e1s que evidente!<\/b><\/p>\n<p>Los franceses desembarcar\u00e1n en la colonia para ver c\u00f3mo se est\u00e1n implementando los cambios. <b>Carmen<\/b> dudar\u00e1 si <b>Tasio<\/b> est\u00e1 preparado al no saber franc\u00e9s.<\/p>\n<p><b>Joaqu\u00edn<\/b> recibir\u00e1 la noticia de que los americanos le ceden la licencia para comercializar el film alveolar en Espa\u00f1a y pondr\u00e1 todo en marcha para<b><a title=\" emprender su nuevo negocio.\" href=\"https:\/\/www.antena3.com\/series\/suenos-de-libertad\/joaquin-dispuesto-emprender-negocio-embalaje-lejos-fabrica-quiero-que-tengamos-vida-mejor_20251117691b144d360d0840bce53519.html\" target=\"_blank\" rel=\"nofollow noopener\"> emprender su nuevo negocio.<\/a><\/b> \u00a1El empresario no puede estar m\u00e1s feliz y emocionado y lo celebra con su familia!<\/p>\n<p><img loading=\"lazy\" decoding=\"async\" title=\"Los Merino en el Cap\u00edtulo de Sue\u00f1os de Libertad\" alt=\"Los Merino en el Cap\u00edtulo de Sue\u00f1os de Libertad\" width=\"480\" height=\"270\" src=\"https:\/\/www.europesays.com\/es\/wp-content\/uploads\/2025\/11\/merino-capitulo-suenos-libertad_70.jpg\"\/> Los Merino en el Cap\u00edtulo de Sue\u00f1os de Libertad | Manu Fiestas <\/p>\n<p>Adem\u00e1s, <b>Gema <\/b>se sentir\u00e1 muy cansada y Joaqu\u00edn le dir\u00e1 que vaya al cardi\u00f3logo. <b>\u00bfEstar\u00e1 bien o su enfermedad habr\u00e1 empeorado? <\/b><\/p>\n<p>No te pierdas los pr\u00f3ximos cap\u00edtulos de <b>Sue\u00f1os de libertad <\/b>para descubrirlo y adel\u00e1ntate a la emisi\u00f3n en <b><a title=\"atresplayer.\" href=\"https:\/\/www.atresplayer.com\/antena3\/series\/suenos-de-libertad\/\" target=\"_blank\" rel=\"nofollow noopener\">atresplayer.<\/a><\/b><\/p>\n","protected":false},"excerpt":{"rendered":"La pr\u00f3xima semana en Sue\u00f1os de libertad&#8230; Andr\u00e9s no llega a tiempo de impedir la boda entre Bego\u00f1a&hellip;\n","protected":false},"author":2,"featured_media":251411,"comment_status":"","ping_status":"","sticky":false,"template":"","format":"standard","meta":{"footnotes":""},"categories":[171],"tags":[146,147,25,24,23,214],"class_list":{"0":"post-251410","1":"post","2":"type-post","3":"status-publish","4":"format-standard","5":"has-post-thumbnail","7":"category-tv","8":"tag-entertainment","9":"tag-entretenimiento","10":"tag-es","11":"tag-espana","12":"tag-spain","13":"tag-tv"},"share_on_mastodon":{"url":"https:\/\/pubeurope.com\/@es\/115599194102352019","error":""},"_links":{"self":[{"href":"https:\/\/www.europesays.com\/es\/wp-json\/wp\/v2\/posts\/251410","targetHints":{"allow":["GET"]}}],"collection":[{"href":"https:\/\/www.europesays.com\/es\/wp-json\/wp\/v2\/posts"}],"about":[{"href":"https:\/\/www.europesays.com\/es\/wp-json\/wp\/v2\/types\/post"}],"author":[{"embeddable":true,"href":"https:\/\/www.europesays.com\/es\/wp-json\/wp\/v2\/users\/2"}],"replies":[{"embeddable":true,"href":"https:\/\/www.europesays.com\/es\/wp-json\/wp\/v2\/comments?post=251410"}],"version-history":[{"count":0,"href":"https:\/\/www.europesays.com\/es\/wp-json\/wp\/v2\/posts\/251410\/revisions"}],"wp:featuredmedia":[{"embeddable":true,"href":"https:\/\/www.europesays.com\/es\/wp-json\/wp\/v2\/media\/251411"}],"wp:attachment":[{"href":"https:\/\/www.europesays.com\/es\/wp-json\/wp\/v2\/media?parent=251410"}],"wp:term":[{"taxonomy":"category","embeddable":true,"href":"https:\/\/www.europesays.com\/es\/wp-json\/wp\/v2\/categories?post=251410"},{"taxonomy":"post_tag","embeddable":true,"href":"https:\/\/www.europesays.com\/es\/wp-json\/wp\/v2\/tags?post=251410"}],"curies":[{"name":"wp","href":"https:\/\/api.w.org\/{rel}","templated":true}]}}