{"id":251412,"date":"2025-11-23T13:14:24","date_gmt":"2025-11-23T13:14:24","guid":{"rendered":"https:\/\/www.europesays.com\/es\/251412\/"},"modified":"2025-11-23T13:14:24","modified_gmt":"2025-11-23T13:14:24","slug":"in-flames-traeran-el-sonido-gotemburgo-a-pamplona-y-sevilla-en-agosto-de-2026","status":"publish","type":"post","link":"https:\/\/www.europesays.com\/es\/251412\/","title":{"rendered":"IN FLAMES traer\u00e1n el sonido Gotemburgo a Pamplona y Sevilla en agosto de 2026"},"content":{"rendered":"<p>Los pioneros del death metal mel\u00f3dico, <strong>In Flames<\/strong>, actuar\u00e1n en Espa\u00f1a el pr\u00f3ximo verano con dos conciertos exclusivos en sala: 5 de agosto en Pamplona (Sala T\u00f3tem) y 8 de agosto en Sevilla (Sala Custom). La banda sueca repasar\u00e1 sus m\u00e1s de tres d\u00e9cadas de trayectoria acompa\u00f1ada por dos invitados de lujo: los portugueses <strong>Gaerea<\/strong> y los brit\u00e1nicos <strong>Employed To Serve.<\/strong><\/p>\n<p>La preventa para compradores del Resurrection Fest EG 2026 comenzar\u00e1 el 24 de noviembre a las 11:00h, mientras que la venta general abrir\u00e1 el 25 de noviembre a las 10:00h, ambas disponibles en <a href=\"https:\/\/www.resurrectionfest.es\/route\/in-flames-tour-2026\/\" rel=\"nofollow noopener\" target=\"_blank\"><strong>route.resurrectionfest.es<\/strong><\/a><\/p>\n<p><img data-lazyloaded=\"1\" fetchpriority=\"high\" decoding=\"async\" class=\"alignnone size-full wp-image-351760\" src=\"https:\/\/www.europesays.com\/es\/wp-content\/uploads\/2025\/11\/RR26-InFlames-Evento-1200X628.jpg\" alt=\"\" width=\"1200\" height=\"628\"  data-\/><\/p>\n","protected":false},"excerpt":{"rendered":"Los pioneros del death metal mel\u00f3dico, In Flames, actuar\u00e1n en Espa\u00f1a el pr\u00f3ximo verano con dos conciertos exclusivos&hellip;\n","protected":false},"author":2,"featured_media":251413,"comment_status":"","ping_status":"","sticky":false,"template":"","format":"standard","meta":{"footnotes":""},"categories":[170],"tags":[146,147,25,24,63631,184,185,23],"class_list":{"0":"post-251412","1":"post","2":"type-post","3":"status-publish","4":"format-standard","5":"has-post-thumbnail","7":"category-musica","8":"tag-entertainment","9":"tag-entretenimiento","10":"tag-es","11":"tag-espana","12":"tag-in-flames","13":"tag-music","14":"tag-musica","15":"tag-spain"},"share_on_mastodon":{"url":"https:\/\/pubeurope.com\/@es\/115599197288489405","error":""},"_links":{"self":[{"href":"https:\/\/www.europesays.com\/es\/wp-json\/wp\/v2\/posts\/251412","targetHints":{"allow":["GET"]}}],"collection":[{"href":"https:\/\/www.europesays.com\/es\/wp-json\/wp\/v2\/posts"}],"about":[{"href":"https:\/\/www.europesays.com\/es\/wp-json\/wp\/v2\/types\/post"}],"author":[{"embeddable":true,"href":"https:\/\/www.europesays.com\/es\/wp-json\/wp\/v2\/users\/2"}],"replies":[{"embeddable":true,"href":"https:\/\/www.europesays.com\/es\/wp-json\/wp\/v2\/comments?post=251412"}],"version-history":[{"count":0,"href":"https:\/\/www.europesays.com\/es\/wp-json\/wp\/v2\/posts\/251412\/revisions"}],"wp:featuredmedia":[{"embeddable":true,"href":"https:\/\/www.europesays.com\/es\/wp-json\/wp\/v2\/media\/251413"}],"wp:attachment":[{"href":"https:\/\/www.europesays.com\/es\/wp-json\/wp\/v2\/media?parent=251412"}],"wp:term":[{"taxonomy":"category","embeddable":true,"href":"https:\/\/www.europesays.com\/es\/wp-json\/wp\/v2\/categories?post=251412"},{"taxonomy":"post_tag","embeddable":true,"href":"https:\/\/www.europesays.com\/es\/wp-json\/wp\/v2\/tags?post=251412"}],"curies":[{"name":"wp","href":"https:\/\/api.w.org\/{rel}","templated":true}]}}