{"id":251414,"date":"2025-11-23T13:15:52","date_gmt":"2025-11-23T13:15:52","guid":{"rendered":"https:\/\/www.europesays.com\/es\/251414\/"},"modified":"2025-11-23T13:15:52","modified_gmt":"2025-11-23T13:15:52","slug":"el-nuevo-trailer-de-proyecto-salvacion-muestra-a-ryan-gosling-salvando-el-mundo-con-la-ayuda-de-un-adorable-companero-alienigena","status":"publish","type":"post","link":"https:\/\/www.europesays.com\/es\/251414\/","title":{"rendered":"El nuevo tr\u00e1iler de Proyecto Salvaci\u00f3n muestra a Ryan Gosling salvando el mundo con la ayuda de un adorable compa\u00f1ero alien\u00edgena"},"content":{"rendered":"<p>Ha nacido una nueva misi\u00f3n, y es la que todos est\u00e1bamos esperando. Por fin ha llegado el <strong>segundo tr\u00e1iler<\/strong> de la esperada adaptaci\u00f3n cinematogr\u00e1fica de Project Hail Mary, y no se puede negar que <strong>tiene una pinta incre\u00edble<\/strong>.<\/p>\n<p>Aparte de los tres minutos de metraje que nos ofrece el avance, los detalles que tenemos sobre Proyecto Salvaci\u00f3n siguen siendo <strong>bastante escasos<\/strong>. En la descripci\u00f3n de la cuenta oficial de YouTube de Amazon MGM, encontramos el eslogan de la pel\u00edcula: <strong>\u00abUna amistad improbable. Una misi\u00f3n imposible\u00bb<\/strong>. Pero eso es todo en cuanto a informaci\u00f3n nueva por ahora.<\/p>\n<p>Proyecto Salvaci\u00f3n no se ha estrenado todav\u00eda y ya ha conseguido un r\u00e9cord<\/p>\n<p>El primer tr\u00e1iler de Proyecto Salvaci\u00f3n se estren\u00f3 a finales de junio y caus\u00f3 furor en Internet, <a href=\"https:\/\/es.ign.com\/project-hail-mary\/218709\/news\/proyecto-salvacion-de-phil-lord-y-chris-miller-alcanza-un-hito-importante-casi-un-ano-antes-de-su-es\" rel=\"nofollow noopener\" target=\"_blank\"><strong>con m\u00e1s de 400 millones de visitas en una sola semana<\/strong><\/a>. En ese momento, era todo un r\u00e9cord para una pel\u00edcula que no era una secuela ni un remake.<\/p>\n<p>Proyecto Salvaci\u00f3n est\u00e1 protagonizada por Ryan Gosling en el papel de un profesor, cient\u00edfico y astronauta que un d\u00eda se despierta en una nave espacial <strong>sin recordar c\u00f3mo ha llegado all\u00ed <\/strong>y con una nueva misi\u00f3n que lo convertir\u00e1 en una pieza clave para salvar a la humanidad de un acontecimiento catastr\u00f3fico. Sandra Huller y Milana Vayntrub protagonizan la pel\u00edcula junto a Gosling, quien tambi\u00e9n ha hecho el rol de productor. Phil Lord y Christopher Miller, famosos por Spider-Man: Un nuevo universo, se han unido una vez m\u00e1s para su primera pel\u00edcula dirigida en 12 a\u00f1os, tras Infiltrados en la universidad, de 2014. Proyecto Salvaci\u00f3n est\u00e1 basada en la novela de Andy Weir, <strong>Project Hail Mary<\/strong>, con guion de Drew Goddard.<\/p>\n<p><strong>Proyecto Salvaci\u00f3n se estrenar\u00e1 en cines el 20 de marzo de 2026<\/strong>.<\/p>\n","protected":false},"excerpt":{"rendered":"Ha nacido una nueva misi\u00f3n, y es la que todos est\u00e1bamos esperando. Por fin ha llegado el segundo&hellip;\n","protected":false},"author":2,"featured_media":251415,"comment_status":"","ping_status":"","sticky":false,"template":"","format":"standard","meta":{"footnotes":""},"categories":[169],"tags":[177,146,147,25,24,176,175,23],"class_list":{"0":"post-251414","1":"post","2":"type-post","3":"status-publish","4":"format-standard","5":"has-post-thumbnail","7":"category-cine","8":"tag-cine","9":"tag-entertainment","10":"tag-entretenimiento","11":"tag-es","12":"tag-espana","13":"tag-film","14":"tag-movies","15":"tag-spain"},"share_on_mastodon":{"url":"https:\/\/pubeurope.com\/@es\/115599204917695432","error":""},"_links":{"self":[{"href":"https:\/\/www.europesays.com\/es\/wp-json\/wp\/v2\/posts\/251414","targetHints":{"allow":["GET"]}}],"collection":[{"href":"https:\/\/www.europesays.com\/es\/wp-json\/wp\/v2\/posts"}],"about":[{"href":"https:\/\/www.europesays.com\/es\/wp-json\/wp\/v2\/types\/post"}],"author":[{"embeddable":true,"href":"https:\/\/www.europesays.com\/es\/wp-json\/wp\/v2\/users\/2"}],"replies":[{"embeddable":true,"href":"https:\/\/www.europesays.com\/es\/wp-json\/wp\/v2\/comments?post=251414"}],"version-history":[{"count":0,"href":"https:\/\/www.europesays.com\/es\/wp-json\/wp\/v2\/posts\/251414\/revisions"}],"wp:featuredmedia":[{"embeddable":true,"href":"https:\/\/www.europesays.com\/es\/wp-json\/wp\/v2\/media\/251415"}],"wp:attachment":[{"href":"https:\/\/www.europesays.com\/es\/wp-json\/wp\/v2\/media?parent=251414"}],"wp:term":[{"taxonomy":"category","embeddable":true,"href":"https:\/\/www.europesays.com\/es\/wp-json\/wp\/v2\/categories?post=251414"},{"taxonomy":"post_tag","embeddable":true,"href":"https:\/\/www.europesays.com\/es\/wp-json\/wp\/v2\/tags?post=251414"}],"curies":[{"name":"wp","href":"https:\/\/api.w.org\/{rel}","templated":true}]}}