{"id":251418,"date":"2025-11-23T13:18:11","date_gmt":"2025-11-23T13:18:11","guid":{"rendered":"https:\/\/www.europesays.com\/es\/251418\/"},"modified":"2025-11-23T13:18:11","modified_gmt":"2025-11-23T13:18:11","slug":"eres-mujer-tienes-menos-de-50-anos-y-no-lo-viste-venir-por-que-se-acelera-el-cancer-colorrectal","status":"publish","type":"post","link":"https:\/\/www.europesays.com\/es\/251418\/","title":{"rendered":"Eres mujer, tienes menos de 50 a\u00f1os y no lo viste venir: \u00bfpor qu\u00e9 se acelera el c\u00e1ncer colorrectal?"},"content":{"rendered":"<p>Un <a href=\"https:\/\/jamanetwork.com\/journals\/jamaoncology\/fullarticle\/2841354?guestAccessKey=f519cbac-0500-444e-a957-91e4ae77c2e7&amp;utm_source=For_The_Media&amp;utm_medium=referral&amp;utm_campaign=ftm_links&amp;utm_content=tfl&amp;utm_term=111325\" rel=\"nofollow noopener\" target=\"_blank\">estudio de JAMA Oncology<\/a> ha revelado que las<strong> mujeres que consumen m\u00e1s alimentos ultraprocesado<\/strong>s presentan un<strong> mayor riesgo de desarrollar p\u00f3lipos colorrectales<\/strong> antes de los 50 a\u00f1os, y por lo tanto, tambi\u00e9n <a href=\"https:\/\/www.vozpopuli.com\/ciencia\/estudio-culpa-bacteria-boom-cancer-colorrectal-jovenes.html\" rel=\"nofollow noopener\" target=\"_blank\">c\u00e1ncer colorrectal.\u00a0<\/a><\/p>\n<p>\u201cLos alimentos ultraprocesados, pobres en fibra y con altas cantidades de az\u00facar, <strong>sal, grasa y aditivos; favorecen la inflamaci\u00f3n<\/strong> (a diferencia de una dieta basada en fibra, fruta y verdura) y por lo tanto alteran el microbioma, aumentando el riesgo de adenomas, tal y como muestra este reciente estudio\u201d, explica a Vozp\u00f3puli la Doctora <strong>Mar\u00eda Jos\u00e9 Safont,<\/strong> tesorera de la <strong>Sociedad Espa\u00f1ola de Oncolog\u00eda M\u00e9dica (SEOM) <\/strong>y <strong>onc\u00f3loga m\u00e9dica del Consorcio Hospital General Universitario de Valencia.\u00a0<\/strong><\/p>\n<p>Ante esto, recomienda<strong> reducir <\/strong>los ultraprocesados y priorizar alimentos frescos como frutas, verduras, legumbres, frutos secos, cereales integrales y aceite de oliva. Tambi\u00e9n explica que es recomendable limitar<strong> carnes procesadas, bebidas azucaradas y boller\u00eda industrial.<\/strong><\/p>\n<p>La doctora achaca el aumento de este tipo de tumores en mujeres j\u00f3venes a \u201clos <strong>cambios de estilo de vida<\/strong> recientes\u201d. \u201cEspecialmente las mujeres j\u00f3venes sufren de u<strong>n mayor estr\u00e9s, sedentarismo y aumento de obesidad.<\/strong> Adem\u00e1s del consumo de ultraprocesados y de las<strong> diferencias hormonales y del microbioma\u201d,<\/strong> a\u00f1ade la experta.\u00a0<\/p>\n<p>La realidad es que con el c\u00e1ncer de pulm\u00f3n sucede algo parecido, ya que en las \u00faltimas d\u00e9cadas las mujeres han adoptado un estilo de vida similar al de los hombres, y que en muchas ocasiones, no va de la mano de la salud, como por ejemplo pasa con la costumbre de fumar.\u00a0<\/p>\n<p><strong>\u201cFactores<\/strong> como la obesidad, el sedentarismo, el tabaquismo, el alcohol, los antecedentes familiares y otras enfermedades como la enfermedad inflamatoria intestinal o enfermedades hereditarias como el S\u00edndrome de Lynch o la poliposis familiar hereditaria aumentan en distinta medida el riesgo de desarrollar c\u00e1ncer colorrectal\u201d, menciona la onc\u00f3loga.\u00a0<\/p>\n<p>El estudio no muestra causalidad absoluta\u00a0<\/p>\n<p>Este estudio nos ha permitido identificar asociaciones s\u00f3lidas en poblaciones grandes seguidas durante a\u00f1os, pero como tantos estudios observacionales \u201c<strong>no puede demostrar causalidad absoluta\u00bb,<\/strong> puntualiza Safont, que considera que esto es un factor m\u00e1s, junto a otros ya mencionados, que contribuye al desarrollo del c\u00e1ncer colorrectal. Las limitaciones del estudio para la experta incluyen<strong> \u201cerrores en los cuestionarios diet\u00e9ticos<\/strong> y factores de confusi\u00f3n no medidos\u201d.\u00a0<\/p>\n<p>Asimismo, afirma que algunos tumores tempranos muestran perfiles moleculares distintos, ligados a inflamaci\u00f3n y alteraciones del microbioma. El diagn\u00f3stico se retrasa porque los s\u00edntomas <strong>\u201cse confunden con trastornos benignos <\/strong>y adem\u00e1s no suelen ser tumores frecuentes en este rango de edad por lo que la sospecha es menor\u201d, a\u00f1ade.\u00a0<\/p>\n<p>S\u00edntomas del c\u00e1ncer colorrectal<\/p>\n<p>Uno de los mayores problemas que presenta este tipo de c\u00e1ncer es que es<strong> muy dif\u00edcil de identificar <\/strong>puesto que sus s\u00edntomas pueden confundirse con s\u00edntomas de otros padecimientos menores.\u00a0<\/p>\n<p>A\u00fan as\u00ed hay que estar atentos a posibles cambios en el ritmo intestinal (diarreas y estre\u00f1imientos), as\u00ed como si se tienen sangrados rectales, dolor abdominal frecuentes, hinchaz\u00f3n, gases, sensaci\u00f3n de evacuaci\u00f3n incompleta, p\u00e9rdida de peso involuntaria o anemia ferrop\u00e9nica. \u201cEn personas j\u00f3venes estos signos suelen atribuirse a estr\u00e9s, intolerancias, patolog\u00eda rectal benigna como hemorroides o fisuras o a p\u00e9rdidas menstruales\u201d, afirma la onc\u00f3loga m\u00e9dica, que recomienda que si estos s\u00edntomas se mantienen en el tiempo es m\u00e1s que recomendable que se acuda a la consulta del m\u00e9dico.\u00a0<\/p>\n<p>A pesar de que no haya una causalidad absoluta, si que puede aumentar el riesgo, es m\u00e1s, hay bastante consenso cien\u00edfico sobre esto. Por ejemplo, la<strong> Fundaci\u00f3n ECO<\/strong> colabora con la\u00a0<strong>American Society of Clinical Oncology<\/strong> para ofrecer informaci\u00f3n de calidad a pacientes y familiares, incluyendo\u00a0<strong>pautas diet\u00e9ticas <\/strong>para la prevenci\u00f3n del c\u00e1ncer, como limitar carnes rojas y procesadas, az\u00facares a\u00f1adidos y grasas saturadas, y fomentar el consumo de frutas, verduras y granos integrales.\u00a0<\/p>\n","protected":false},"excerpt":{"rendered":"Un estudio de JAMA Oncology ha revelado que las mujeres que consumen m\u00e1s alimentos ultraprocesados presentan un mayor&hellip;\n","protected":false},"author":2,"featured_media":251419,"comment_status":"","ping_status":"","sticky":false,"template":"","format":"standard","meta":{"footnotes":""},"categories":[92],"tags":[25,24,165,166,23],"class_list":{"0":"post-251418","1":"post","2":"type-post","3":"status-publish","4":"format-standard","5":"has-post-thumbnail","7":"category-salud","8":"tag-es","9":"tag-espana","10":"tag-health","11":"tag-salud","12":"tag-spain"},"share_on_mastodon":{"url":"https:\/\/pubeurope.com\/@es\/115599212824494091","error":""},"_links":{"self":[{"href":"https:\/\/www.europesays.com\/es\/wp-json\/wp\/v2\/posts\/251418","targetHints":{"allow":["GET"]}}],"collection":[{"href":"https:\/\/www.europesays.com\/es\/wp-json\/wp\/v2\/posts"}],"about":[{"href":"https:\/\/www.europesays.com\/es\/wp-json\/wp\/v2\/types\/post"}],"author":[{"embeddable":true,"href":"https:\/\/www.europesays.com\/es\/wp-json\/wp\/v2\/users\/2"}],"replies":[{"embeddable":true,"href":"https:\/\/www.europesays.com\/es\/wp-json\/wp\/v2\/comments?post=251418"}],"version-history":[{"count":0,"href":"https:\/\/www.europesays.com\/es\/wp-json\/wp\/v2\/posts\/251418\/revisions"}],"wp:featuredmedia":[{"embeddable":true,"href":"https:\/\/www.europesays.com\/es\/wp-json\/wp\/v2\/media\/251419"}],"wp:attachment":[{"href":"https:\/\/www.europesays.com\/es\/wp-json\/wp\/v2\/media?parent=251418"}],"wp:term":[{"taxonomy":"category","embeddable":true,"href":"https:\/\/www.europesays.com\/es\/wp-json\/wp\/v2\/categories?post=251418"},{"taxonomy":"post_tag","embeddable":true,"href":"https:\/\/www.europesays.com\/es\/wp-json\/wp\/v2\/tags?post=251418"}],"curies":[{"name":"wp","href":"https:\/\/api.w.org\/{rel}","templated":true}]}}